{"id":157045,"date":"2026-03-21T09:02:12","date_gmt":"2026-03-21T12:02:12","guid":{"rendered":"https:\/\/www.aarquiteta.com.br\/blog\/varanda-boho\/"},"modified":"2026-03-21T09:02:12","modified_gmt":"2026-03-21T12:02:12","slug":"varanda-boho","status":"publish","type":"post","link":"https:\/\/www.aarquiteta.com.br\/blog\/varanda-boho\/","title":{"rendered":"Varanda Boho: Dicas Pr\u00e1ticas para Criar um Espa\u00e7o Estiloso e Aconchegante"},"content":{"rendered":"<p><b>Varanda boho<\/b> \u00e9 o jeito perfeito de deixar seu espa\u00e7o lindo, acolhedor e cheio de estilo, sem complica\u00e7\u00e3o e sem gastar muito.<\/p>\n<h3>O que \u00e9 varanda boho e por que apostar nesse estilo?<\/h3>\n<p>Voc\u00ea j\u00e1 reparou como um espa\u00e7o simples pode virar um cantinho cheio de personalidade? A <b>varanda boho<\/b> mistura o r\u00fastico com o chique, trazendo um clima descontra\u00eddo e aconchegante.<\/p>\n<p>Esse estilo combina refer\u00eancias \u00e9tnicas, vintage e hippie, formando um mosaico que abra\u00e7a tanto o cl\u00e1ssico quanto o despojado.<\/p>\n<p>Minha dica? Aposte no boho para transformar sua varanda num verdadeiro ref\u00fagio, gastando pouco e trazendo muita vibe boa.<\/p>\n<img decoding=\"async\" src=\"https:\/\/www.aarquiteta.com.br\/blog\/wp-content\/uploads\/2026\/03\/Varanda-Boho-Dicas-Pryticas-para-Criar-um-Espayo-Estiloso-e-Aconchegante-01.jpg\" alt=\"Varanda Boho: Dicas Pr\u00e1ticas para Criar um Espa\u00e7o Estiloso e Aconchegante\" width=\"1024\" height=\"1024\" title=\"\"> Varanda Boho: Dicas Pr\u00e1ticas para Criar um Espa\u00e7o Estiloso e Aconchegante\/caption]\n<h3>Itens essenciais para montar sua varanda boho<\/h3>\n<ul>\n<li><b>Paletes:<\/b> \u00f3timo para criar mobili\u00e1rio personalizado e econ\u00f4mico.<\/li>\n<li><b>Tecidos leves:<\/b> trazem movimento e suavidade ao ambiente.<\/li>\n<li><b>Lumin\u00e1rias naturais:<\/b> iluminam com charme, deixando tudo mais acolhedor.<\/li>\n<\/ul>\n<p>Esses elementos juntos criam um espa\u00e7o que convida a relaxar e aproveitar cada momento.<\/p>\n<h3>A cor branca e o equil\u00edbrio na decora\u00e7\u00e3o boho<\/h3>\n<p>O <b>branco<\/b> \u00e9 a base que clareia e amplia a sensa\u00e7\u00e3o de espa\u00e7o na varanda boho.<\/p>\n<p>Mas cuidado: se exagerar, o ambiente pode ficar apagado. Por isso, combine branco com cores vibrantes, como azul, mostarda ou terracota, para dar personalidade.<\/p>\n<img decoding=\"async\" src=\"https:\/\/www.aarquiteta.com.br\/blog\/wp-content\/uploads\/2026\/03\/Varanda-Boho-Dicas-Pryticas-para-Criar-um-Espayo-Estiloso-e-Aconchegante-02.jpg\" alt=\"Varanda Boho: Dicas Pr\u00e1ticas para Criar um Espa\u00e7o Estiloso e Aconchegante\" width=\"1024\" height=\"1024\" title=\"\"> Varanda Boho: Dicas Pr\u00e1ticas para Criar um Espa\u00e7o Estiloso e Aconchegante\/caption]\n<h3>Como garantir sombra confort\u00e1vel sem perder o charme<\/h3>\n<p>O sol \u00e9 bem-vindo, mas na medida certa! Usar guarda-s\u00f3is, plantas bem posicionadas ou telas de sombra ajuda a controlar a luz e manter o conforto.<\/p>\n<p>Assim, sua varanda vai estar pronta para qualquer hora, do caf\u00e9 da manh\u00e3 at\u00e9 o p\u00f4r do sol.<\/p>\n<h3>Tapetes: toque final que faz toda diferen\u00e7a<\/h3>\n<p>Tapetes s\u00e3o curingas no boho, j\u00e1 que combinam cores e texturas diferentes.<\/p>\n<p>Aposte em modelos de fibras naturais para um ar mais r\u00fastico ou vin\u00edlicos para f\u00e1cil limpeza.<\/p>\n<p>Quer ousar? Junte v\u00e1rios tapetes menores para um efeito descolado e super acolhedor.<\/p>\n<img decoding=\"async\" src=\"https:\/\/www.aarquiteta.com.br\/blog\/wp-content\/uploads\/2026\/03\/Varanda-Boho-Dicas-Pryticas-para-Criar-um-Espayo-Estiloso-e-Aconchegante-03.jpg\" alt=\"Varanda Boho: Dicas Pr\u00e1ticas para Criar um Espa\u00e7o Estiloso e Aconchegante\" width=\"1024\" height=\"1024\" title=\"\"> Varanda Boho: Dicas Pr\u00e1ticas para Criar um Espa\u00e7o Estiloso e Aconchegante\/caption]\n<h3>Almofadas: conforto e estilo sem esfor\u00e7o<\/h3>\n<p>N\u00e3o tenha medo de <b>abusar das almofadas<\/b> em diferentes estampas, tecidos e tamanhos.<\/p>\n<p>Seguindo a linha \u00e9tnica e hippie, elas d\u00e3o aconchego e cor, deixando a varanda pronta para receber amigos ou relaxar.<\/p>\n<h3>Balan\u00e7o e rede: o convite perfeito ao descanso<\/h3>\n<p>Quem resiste a um balan\u00e7o ou rede para curtir a pregui\u00e7a? Al\u00e9m de decorativos, s\u00e3o pura sensa\u00e7\u00e3o de conforto.<\/p>\n<p>Mas lembre-se: fixe em pontos seguros para aproveitar com toda a tranquilidade.<\/p>\n<h3>Privacidade na varanda: criando seu cantinho secreto<\/h3>\n<p>Quer mais intimidade? Instale coberturas, pain\u00e9is ou cercas naturais com plantas para evitar olhares curiosos.<\/p>\n<p>Isso transforma seu espa\u00e7o em um santu\u00e1rio pessoal, perfeito para leitura, cochilos ou simplesmente estar consigo mesmo.<\/p>\n<table border=\"1\" cellpadding=\"8\" cellspacing=\"0\" style=\"border-collapse: collapse; margin: 20px 0;\">\n<tr style=\"background-color:#f4f4f4;\">\n<th>Elemento<\/th>\n<th>Fun\u00e7\u00e3o<\/th>\n<th>Dica para Escolha<\/th>\n<\/tr>\n<tr>\n<td>Paletes<\/td>\n<td>M\u00f3veis r\u00fasticos e econ\u00f4micos<\/td>\n<td>Escolha bem lixados e com acabamento natural<\/td>\n<\/tr>\n<tr>\n<td>Tecidos<\/td>\n<td>Adicionar leveza e cor<\/td>\n<td>Invista em algod\u00e3o, linho ou juta em tons neutros<\/td>\n<\/tr>\n<tr>\n<td>Lumin\u00e1rias<\/td>\n<td>Ilumina\u00e7\u00e3o aconchegante<\/td>\n<td>Prefira luz amarela com c\u00fapulas de fibras naturais<\/td>\n<\/tr>\n<tr>\n<td>Tapetes<\/td>\n<td>Texto e conforto ao piso<\/td>\n<td>Materiais naturais ou vin\u00edlicos, com estampas boho<\/td>\n<\/tr>\n<tr>\n<td>Almofadas<\/td>\n<td>Estilo e aconchego<\/td>\n<td>Mix de estampas \u00e9tnicas e tons terrosos<\/td>\n<\/tr>\n<tr>\n<td>Balan\u00e7o\/Rede<\/td>\n<td>Relaxar com charme<\/td>\n<td>Verifique o suporte seguro para fixa\u00e7\u00e3o<\/td>\n<\/tr>\n<\/table>\n<p>Agora que voc\u00ea conhece esse mundo boho, que tal come\u00e7ar a montar sua varanda dos sonhos? <b>Experimente combinar cores, texturas e acess\u00f3rios de forma natural.<\/b><\/p>\n<p>Conte aqui nos coment\u00e1rios o que voc\u00ea pretende criar no seu cantinho especial. Eu adoro ler suas ideias!<\/p>\n<h3>Conte\u00fados relacionados para inspirar voc\u00ea<\/h3>\n<ul>\n<li>Como escolher m\u00f3veis para varandas pequenas<\/li>\n<li>Tapetes para ambientes externos: tipos e cuidados<\/li>\n<li>Dicas de ilumina\u00e7\u00e3o suave para \u00e1reas de lazer<\/li>\n<li>Transforme seu espa\u00e7o com m\u00f3veis de pallet<\/li>\n<\/ul>\n<img decoding=\"async\" src=\"https:\/\/www.aarquiteta.com.br\/blog\/wp-content\/uploads\/2026\/03\/Varanda-Boho-Dicas-Pryticas-para-Criar-um-Espayo-Estiloso-e-Aconchegante-04.jpg\" alt=\"Varanda Boho: Dicas Pr\u00e1ticas para Criar um Espa\u00e7o Estiloso e Aconchegante\" width=\"1024\" height=\"1024\" title=\"\"> Varanda Boho: Dicas Pr\u00e1ticas para Criar um Espa\u00e7o Estiloso e Aconchegante\/caption]\n","protected":false},"excerpt":{"rendered":"<p>Varanda boho \u00e9 o jeito perfeito de deixar seu espa\u00e7o lindo, acolhedor e cheio de estilo, sem complica\u00e7\u00e3o e sem gastar muito. O que \u00e9 varanda boho e por que apostar nesse estilo? Voc\u00ea j\u00e1 reparou como um espa\u00e7o simples pode virar um cantinho cheio de personalidade? A varanda boho mistura o r\u00fastico com o [&hellip;]<\/p>\n","protected":false},"author":20,"featured_media":157044,"comment_status":"open","ping_status":"","sticky":false,"template":"","format":"standard","meta":{"footnotes":""},"categories":[],"tags":[],"class_list":["post-157045","post","type-post","status-publish","format-standard","has-post-thumbnail"],"_wp_attached_file":null,"_wp_attachment_metadata":null,"_wp_attachment_context":null,"_wp_attachment_is_custom_header":null,"geo_longitude":null,"geo_public":null,"geo_latitude":null,"_publicize_done_external":null,"_wpas_done_3897181":null,"publicize_twitter_user":null,"_wpas_done_3897175":null,"_wpas_skip_3897181":null,"_wpas_skip_3897175":null,"_wpas_skip_3924723":null,"_wpas_mess":null,"_wpas_done_3924723":null,"wps_subtitle":"","_links":{"self":[{"href":"https:\/\/www.aarquiteta.com.br\/blog\/wp-json\/wp\/v2\/posts\/157045","targetHints":{"allow":["GET"]}}],"collection":[{"href":"https:\/\/www.aarquiteta.com.br\/blog\/wp-json\/wp\/v2\/posts"}],"about":[{"href":"https:\/\/www.aarquiteta.com.br\/blog\/wp-json\/wp\/v2\/types\/post"}],"author":[{"embeddable":true,"href":"https:\/\/www.aarquiteta.com.br\/blog\/wp-json\/wp\/v2\/users\/20"}],"replies":[{"embeddable":true,"href":"https:\/\/www.aarquiteta.com.br\/blog\/wp-json\/wp\/v2\/comments?post=157045"}],"version-history":[{"count":0,"href":"https:\/\/www.aarquiteta.com.br\/blog\/wp-json\/wp\/v2\/posts\/157045\/revisions"}],"wp:featuredmedia":[{"embeddable":true,"href":"https:\/\/www.aarquiteta.com.br\/blog\/wp-json\/wp\/v2\/media\/157044"}],"wp:attachment":[{"href":"https:\/\/www.aarquiteta.com.br\/blog\/wp-json\/wp\/v2\/media?parent=157045"}],"wp:term":[{"taxonomy":"category","embeddable":true,"href":"https:\/\/www.aarquiteta.com.br\/blog\/wp-json\/wp\/v2\/categories?post=157045"},{"taxonomy":"post_tag","embeddable":true,"href":"https:\/\/www.aarquiteta.com.br\/blog\/wp-json\/wp\/v2\/tags?post=157045"}],"curies":[{"name":"wp","href":"https:\/\/api.w.org\/{rel}","templated":true}]}}