{"id":157020,"date":"2026-03-19T17:02:06","date_gmt":"2026-03-19T20:02:06","guid":{"rendered":"https:\/\/www.aarquiteta.com.br\/blog\/decoracao-criativa-30-lojas-esbaldar\/"},"modified":"2026-03-19T17:02:06","modified_gmt":"2026-03-19T20:02:06","slug":"decoracao-criativa-30-lojas-esbaldar","status":"publish","type":"post","link":"https:\/\/www.aarquiteta.com.br\/blog\/decoracao-criativa-30-lojas-esbaldar\/","title":{"rendered":"Inspire Seu Lar: Lojas Criativas para Transformar Sua Decora\u00e7\u00e3o"},"content":{"rendered":"<p><b>Quer transformar sua casa com pe\u00e7as criativas e cheias de personalidade?<\/b> Vou te mostrar lojas incr\u00edveis para deixar sua decora\u00e7\u00e3o exclusiva e do jeitinho que voc\u00ea sempre sonhou.<\/p>\n<h3>Por que escolher decora\u00e7\u00e3o criativa para o seu lar?<\/h3>\n<p><b>Voc\u00ea j\u00e1 pensou como simples detalhes podem mudar completamente um ambiente?<\/b> A decora\u00e7\u00e3o criativa traz esse poder. Ela permite que voc\u00ea expresse sua identidade, tornando o espa\u00e7o \u00fanico e acolhedor.<\/p>\n<p>Al\u00e9m disso, <b>fazer escolhas diferenciadas valoriza seu espa\u00e7o<\/b> sem precisar de grandes reformas ou investimentos.<\/p>\n<img decoding=\"async\" src=\"https:\/\/www.aarquiteta.com.br\/blog\/wp-content\/uploads\/2026\/03\/Inspire-Seu-Lar-Lojas-Criativas-para-Transformar-Sua-Decorayyo-01.jpg\" alt=\"Inspire Seu Lar: Lojas Criativas para Transformar Sua Decora\u00e7\u00e3o\" width=\"1024\" height=\"1024\" title=\"\"> Inspire Seu Lar: Lojas Criativas para Transformar Sua Decora\u00e7\u00e3o\/caption]\n<h3>Onde encontrar lojas com itens criativos e design inovador?<\/h3>\n<p>Garimpar pe\u00e7as exclusivas virou hobby para muita gente. <b>Hoje, a internet re\u00fane v\u00e1rias lojas especializadas em decora\u00e7\u00e3o criativa.<\/b> S\u00e3o objetos que v\u00e3o do vintage ao geek, passando pelo moderno e artesanal.<\/p>\n<p>Assim, d\u00e1 para personalizar sua casa conforme seu estilo, sem perder originalidade.<\/p>\n<h3>Dicas para escolher a decora\u00e7\u00e3o que combina com voc\u00ea<\/h3>\n<ul>\n<li><b>Conhe\u00e7a seu estilo pessoal<\/b> \u2013 valorize o que faz voc\u00ea se sentir em casa.<\/li>\n<li><b>Observe seu espa\u00e7o<\/b> \u2013 mude elementos que destaquem o que voc\u00ea mais gosta.<\/li>\n<li><b>Aposte em pe\u00e7as vers\u00e1teis<\/b> \u2013 elas facilitam mudan\u00e7as e reorganiza\u00e7\u00f5es no futuro.<\/li>\n<\/ul>\n<img decoding=\"async\" src=\"https:\/\/www.aarquiteta.com.br\/blog\/wp-content\/uploads\/2026\/03\/Inspire-Seu-Lar-Lojas-Criativas-para-Transformar-Sua-Decorayyo-02.jpg\" alt=\"Inspire Seu Lar: Lojas Criativas para Transformar Sua Decora\u00e7\u00e3o\" width=\"1024\" height=\"1024\" title=\"\"> Inspire Seu Lar: Lojas Criativas para Transformar Sua Decora\u00e7\u00e3o\/caption]\n<h3>Lojas top para voc\u00ea se esbaldar na decora\u00e7\u00e3o<\/h3>\n<p>Preparei um quadro com algumas op\u00e7\u00f5es que descobri, para te ajudar a explorar o melhor da decora\u00e7\u00e3o criativa online:<\/p>\n<table border=\"1\" cellpadding=\"8\" cellspacing=\"0\" style=\"border-collapse: collapse; width: 100%;\">\n<tr style=\"background-color:#f2f2f2;\">\n<th>Loja<\/th>\n<th>Estilo<\/th>\n<th>Destaques<\/th>\n<\/tr>\n<tr>\n<td>Casa &#038; Cia<\/td>\n<td>Moderno e minimalista<\/td>\n<td>Objetos de design, m\u00f3veis funcionais<\/td>\n<\/tr>\n<tr>\n<td>Vintage Decor<\/td>\n<td>Retr\u00f4 e vintage<\/td>\n<td>Pe\u00e7as com hist\u00f3ria, revestimentos cl\u00e1ssicos<\/td>\n<\/tr>\n<tr>\n<td>Geek &#038; Chic<\/td>\n<td>Geek e descolado<\/td>\n<td>Itens tem\u00e1ticos, gadgets criativos<\/td>\n<\/tr>\n<tr>\n<td>Artesanato Urbano<\/td>\n<td>Artesanal e sustent\u00e1vel<\/td>\n<td>M\u00f3veis reciclados, decora\u00e7\u00e3o eco-friendly<\/td>\n<\/tr>\n<\/table>\n<img decoding=\"async\" src=\"https:\/\/www.aarquiteta.com.br\/blog\/wp-content\/uploads\/2026\/03\/Inspire-Seu-Lar-Lojas-Criativas-para-Transformar-Sua-Decorayyo-03.jpg\" alt=\"Inspire Seu Lar: Lojas Criativas para Transformar Sua Decora\u00e7\u00e3o\" width=\"1024\" height=\"1024\" title=\"\"> Inspire Seu Lar: Lojas Criativas para Transformar Sua Decora\u00e7\u00e3o\/caption]\n<h3>Como combinar cores e objetos para um resultado surpreendente<\/h3>\n<p><b>N\u00e3o basta s\u00f3 comprar pe\u00e7as bonitas: a magia est\u00e1 na combina\u00e7\u00e3o.<\/b> Por exemplo, usar <b>azul turquesa traz leveza e modernidade<\/b>; enquanto o bege cria um fundo neutro e aconchegante.<\/p>\n<p>Fa\u00e7a testes visuais antes, mexa na disposi\u00e7\u00e3o e perceba como a luz natural valoriza o espa\u00e7o.<\/p>\n<h3>Inspire-se no &#8220;fa\u00e7a voc\u00ea mesmo&#8221; e personalize ainda mais<\/h3>\n<p>Se voc\u00ea curte colocar a m\u00e3o na massa, <b>o DIY \u00e9 um jeito incr\u00edvel de unir criatividade e economia.<\/b> \u00c9 poss\u00edvel customizar m\u00f3veis, criar objetos decorativos e dar sua assinatura exclusiva na decora\u00e7\u00e3o.<\/p>\n<h3>Transforme sua casa com pe\u00e7as que contam hist\u00f3rias<\/h3>\n<p><b>Decora\u00e7\u00e3o n\u00e3o \u00e9 s\u00f3 est\u00e9tica, mas uma conversa entre voc\u00ea e seu espa\u00e7o.<\/b> Ent\u00e3o, escolha objetos que falem por voc\u00ea e que despertem boas sensa\u00e7\u00f5es.<\/p>\n<h3>Quer continuar descobrindo dicas para deixar seu lar mais bonito?<\/h3>\n<p><b>N\u00e3o pare por aqui!<\/b> Explore tamb\u00e9m conte\u00fados sobre ilumina\u00e7\u00e3o industrial, c\u00f4modos retr\u00f4 e combina\u00e7\u00f5es de cores que elevam qualquer ambiente.<\/p>\n<p>Deixe seu coment\u00e1rio e compartilhe suas descobertas favoritas. Vamos juntos transformar cada cantinho da sua casa com estilo e muita criatividade!<\/p>\n<img decoding=\"async\" src=\"https:\/\/www.aarquiteta.com.br\/blog\/wp-content\/uploads\/2026\/03\/Inspire-Seu-Lar-Lojas-Criativas-para-Transformar-Sua-Decorayyo-04.jpg\" alt=\"Inspire Seu Lar: Lojas Criativas para Transformar Sua Decora\u00e7\u00e3o\" width=\"1024\" height=\"1024\" title=\"\"> Inspire Seu Lar: Lojas Criativas para Transformar Sua Decora\u00e7\u00e3o\/caption]\n","protected":false},"excerpt":{"rendered":"<p>Quer transformar sua casa com pe\u00e7as criativas e cheias de personalidade? Vou te mostrar lojas incr\u00edveis para deixar sua decora\u00e7\u00e3o exclusiva e do jeitinho que voc\u00ea sempre sonhou. Por que escolher decora\u00e7\u00e3o criativa para o seu lar? Voc\u00ea j\u00e1 pensou como simples detalhes podem mudar completamente um ambiente? A decora\u00e7\u00e3o criativa traz esse poder. Ela [&hellip;]<\/p>\n","protected":false},"author":20,"featured_media":157019,"comment_status":"open","ping_status":"","sticky":false,"template":"","format":"standard","meta":{"footnotes":""},"categories":[],"tags":[],"class_list":["post-157020","post","type-post","status-publish","format-standard","has-post-thumbnail"],"_wp_attached_file":null,"_wp_attachment_metadata":null,"_wp_attachment_context":null,"_wp_attachment_is_custom_header":null,"geo_longitude":null,"geo_public":null,"geo_latitude":null,"_publicize_done_external":null,"_wpas_done_3897181":null,"publicize_twitter_user":null,"_wpas_done_3897175":null,"_wpas_skip_3897181":null,"_wpas_skip_3897175":null,"_wpas_skip_3924723":null,"_wpas_mess":null,"_wpas_done_3924723":null,"wps_subtitle":"","_links":{"self":[{"href":"https:\/\/www.aarquiteta.com.br\/blog\/wp-json\/wp\/v2\/posts\/157020","targetHints":{"allow":["GET"]}}],"collection":[{"href":"https:\/\/www.aarquiteta.com.br\/blog\/wp-json\/wp\/v2\/posts"}],"about":[{"href":"https:\/\/www.aarquiteta.com.br\/blog\/wp-json\/wp\/v2\/types\/post"}],"author":[{"embeddable":true,"href":"https:\/\/www.aarquiteta.com.br\/blog\/wp-json\/wp\/v2\/users\/20"}],"replies":[{"embeddable":true,"href":"https:\/\/www.aarquiteta.com.br\/blog\/wp-json\/wp\/v2\/comments?post=157020"}],"version-history":[{"count":0,"href":"https:\/\/www.aarquiteta.com.br\/blog\/wp-json\/wp\/v2\/posts\/157020\/revisions"}],"wp:featuredmedia":[{"embeddable":true,"href":"https:\/\/www.aarquiteta.com.br\/blog\/wp-json\/wp\/v2\/media\/157019"}],"wp:attachment":[{"href":"https:\/\/www.aarquiteta.com.br\/blog\/wp-json\/wp\/v2\/media?parent=157020"}],"wp:term":[{"taxonomy":"category","embeddable":true,"href":"https:\/\/www.aarquiteta.com.br\/blog\/wp-json\/wp\/v2\/categories?post=157020"},{"taxonomy":"post_tag","embeddable":true,"href":"https:\/\/www.aarquiteta.com.br\/blog\/wp-json\/wp\/v2\/tags?post=157020"}],"curies":[{"name":"wp","href":"https:\/\/api.w.org\/{rel}","templated":true}]}}