{"id":157014,"date":"2026-03-19T12:19:24","date_gmt":"2026-03-19T15:19:24","guid":{"rendered":"https:\/\/www.aarquiteta.com.br\/blog\/dicas-projetar-home-office\/"},"modified":"2026-03-19T12:19:24","modified_gmt":"2026-03-19T15:19:24","slug":"dicas-projetar-home-office","status":"publish","type":"post","link":"https:\/\/www.aarquiteta.com.br\/blog\/dicas-projetar-home-office\/","title":{"rendered":"Como Montar um Home Office Funcional e Aconchegante para Melhorar seu Desempenho"},"content":{"rendered":"<p><b>Quer montar um home office funcional e aconchegante que realmente melhore seu desempenho?<\/b> Vou te mostrar dicas pr\u00e1ticas que facilitam seu dia e deixam o ambiente incr\u00edvel.<\/p>\n<h3>Por que pensar em um home office planejado?<\/h3>\n<p>Trabalhar em casa \u00e9 cada vez mais comum, mas <b>um escrit\u00f3rio improvisado pode atrapalhar a produtividade<\/b>. O jeito que organizamos o espa\u00e7o interfere diretamente no foco e no conforto.<\/p>\n<p>Um home office preparado do jeito certo cria um ambiente confort\u00e1vel, que inspira e motiva. <b>Assim, \u00e9 poss\u00edvel aproveitar melhor as horas de trabalho sem sentir cansa\u00e7o excessivo<\/b>.<\/p>\n<img decoding=\"async\" src=\"https:\/\/www.aarquiteta.com.br\/blog\/wp-content\/uploads\/2026\/03\/Como-Montar-um-Home-Office-Funcional-e-Aconchegante-para-Melhorar-seu-Desempenho-01.jpg\" alt=\"Como Montar um Home Office Funcional e Aconchegante para Melhorar seu Desempenho\" width=\"1024\" height=\"1024\" title=\"\"> Como Montar um Home Office Funcional e Aconchegante para Melhorar seu Desempenho\/caption]\n<h3>A import\u00e2ncia das cores para o home office<\/h3>\n<p>Voc\u00ea j\u00e1 percebeu como determinadas cores provocam sensa\u00e7\u00f5es? No escrit\u00f3rio, isso \u00e9 fundamental. <b>Cores vibrantes motivam, mas em pequenas doses para n\u00e3o cansar.<\/b><\/p>\n<p>J\u00e1 cores neutras, como cinza ou bege, ajudam na concentra\u00e7\u00e3o, deixando o ambiente mais s\u00f3brio e funcional. <b>Escolher a cor certa depende do trabalho e do seu estilo pessoal.<\/b><\/p>\n<h3>Separa\u00e7\u00e3o do ambiente de trabalho e lazer<\/h3>\n<p>Um desafio em casa \u00e9 equilibrar trabalho e descanso. <b>Montar o home office num local separado evita a sensa\u00e7\u00e3o de confus\u00e3o mental entre obriga\u00e7\u00f5es e relaxamento.<\/b><\/p>\n<p>Se n\u00e3o houver c\u00f4modos extras, use m\u00f3veis ou cores diferentes para criar essa distin\u00e7\u00e3o visual e psicol\u00f3gica entre os espa\u00e7os.<\/p>\n<img decoding=\"async\" src=\"https:\/\/www.aarquiteta.com.br\/blog\/wp-content\/uploads\/2026\/03\/Como-Montar-um-Home-Office-Funcional-e-Aconchegante-para-Melhorar-seu-Desempenho-02.jpg\" alt=\"Como Montar um Home Office Funcional e Aconchegante para Melhorar seu Desempenho\" width=\"1024\" height=\"1024\" title=\"\"> Como Montar um Home Office Funcional e Aconchegante para Melhorar seu Desempenho\/caption]\n<h3>Equipamentos essenciais para um home office eficiente<\/h3>\n<ul>\n<li><b>Mesa ou bancada com espa\u00e7o adequado<\/b> para computador e materiais de apoio;<\/li>\n<li><b>Arm\u00e1rios ou gavetas<\/b> para organizar documentos e reduzir a bagun\u00e7a;<\/li>\n<li><b>Banco ou cadeira confort\u00e1vel<\/b> para evitar dores e manter a postura;<\/li>\n<li><b>Superf\u00edcies resistentes<\/b>, especialmente para atividades manuais.<\/li>\n<\/ul>\n<h3>Ilumina\u00e7\u00e3o que valoriza o seu rendimento<\/h3>\n<p><b>Luz branca \u00e9 a melhor amiga do foco e da produtividade<\/b>, pois desperta e destaca as cores com clareza.<\/p>\n<p>Mas nada impede que um toque de luz amarela deixe o espa\u00e7o mais acolhedor, equilibrando produtividade e conforto.<\/p>\n<h3>A altura e ergonomia do mobili\u00e1rio influenciam sua energia<\/h3>\n<p>Uma mesa muito baixa ou cadeira desconfort\u00e1vel n\u00e3o s\u00f3 incomoda, mas <b>pode causar dores e afundar sua motiva\u00e7\u00e3o<\/b> ao longo do tempo.<\/p>\n<p>Planeje tudo pensando na sua sa\u00fade. Ajuste medidas e inclua apoios para bra\u00e7os e p\u00e9s, se necess\u00e1rio.<\/p>\n<img decoding=\"async\" src=\"https:\/\/www.aarquiteta.com.br\/blog\/wp-content\/uploads\/2026\/03\/Como-Montar-um-Home-Office-Funcional-e-Aconchegante-para-Melhorar-seu-Desempenho-03.jpg\" alt=\"Como Montar um Home Office Funcional e Aconchegante para Melhorar seu Desempenho\" width=\"1024\" height=\"1024\" title=\"\"> Como Montar um Home Office Funcional e Aconchegante para Melhorar seu Desempenho\/caption]\n<h3>Organiza\u00e7\u00e3o visual que inspira foco<\/h3>\n<p>Evite acumular objetos espalhados. <b>O visual limpo e organizado ajuda a clarear a mente e acelerar o trabalho.<\/b><\/p>\n<p>Use prateleiras, caixas e suportes para deixar tudo f\u00e1cil de pegar e guardar, sem perder o estilo.<\/p>\n<h3>Tabela comparativa: cores e usos para home office<\/h3>\n<table border=\"1\" cellpadding=\"8\" cellspacing=\"0\" style=\"border-collapse: collapse; width: 100%;\">\n<thead>\n<tr>\n<th>Tipo de Trabalho<\/th>\n<th>Cores Indicadas<\/th>\n<th>Efeito no Ambiente<\/th>\n<\/tr>\n<\/thead>\n<tbody>\n<tr>\n<td>Atividades que exigem motiva\u00e7\u00e3o<\/td>\n<td>Vermelho, laranja (em detalhes)<\/td>\n<td>Estimula energia e criatividade, mas n\u00e3o exagerar<\/td>\n<\/tr>\n<tr>\n<td>Trabalhos que pedem concentra\u00e7\u00e3o<\/td>\n<td>Azul claro, verde, tons neutros<\/td>\n<td>Promove calma e foco, ambiente mais tranquilo<\/td>\n<\/tr>\n<tr>\n<td>Espa\u00e7os multifuncionais<\/td>\n<td>Cinzas, bege e branco<\/td>\n<td>Vers\u00e1til, combina com v\u00e1rios usos e estilos<\/td>\n<\/tr>\n<\/tbody>\n<\/table>\n<p>Montar um home office funcional e acolhedor \u00e9 bem mais f\u00e1cil do que parece. <b>Com pequenos ajustes, voc\u00ea cria um espa\u00e7o que estimula o melhor do seu trabalho.<\/b><\/p>\n<p>Ent\u00e3o, que tal come\u00e7ar agora mesmo a transformar seu cantinho? <b>Deixe nos coment\u00e1rios qual dica voc\u00ea vai aplicar primeiro!<\/b> E n\u00e3o esque\u00e7a de navegar pelo blog para mais dicas incr\u00edveis de organiza\u00e7\u00e3o e decora\u00e7\u00e3o.<\/p>\n<h3>Conte\u00fados relacionados que voc\u00ea vai adorar<\/h3>\n<ul>\n<li>Como escolher a cadeira ideal para seu home office<\/li>\n<li>Dicas para ilumina\u00e7\u00e3o perfeita no ambiente de trabalho<\/li>\n<li>Organiza\u00e7\u00e3o pr\u00e1tica: gavetas e arm\u00e1rios que funcionam<\/li>\n<li>Cores que transformam sua produtividade<\/li>\n<\/ul>\n<img decoding=\"async\" src=\"https:\/\/www.aarquiteta.com.br\/blog\/wp-content\/uploads\/2026\/03\/Como-Montar-um-Home-Office-Funcional-e-Aconchegante-para-Melhorar-seu-Desempenho-04.jpg\" alt=\"Como Montar um Home Office Funcional e Aconchegante para Melhorar seu Desempenho\" width=\"1024\" height=\"1024\" title=\"\"> Como Montar um Home Office Funcional e Aconchegante para Melhorar seu Desempenho\/caption]\n","protected":false},"excerpt":{"rendered":"<p>Quer montar um home office funcional e aconchegante que realmente melhore seu desempenho? Vou te mostrar dicas pr\u00e1ticas que facilitam seu dia e deixam o ambiente incr\u00edvel. Por que pensar em um home office planejado? Trabalhar em casa \u00e9 cada vez mais comum, mas um escrit\u00f3rio improvisado pode atrapalhar a produtividade. O jeito que organizamos [&hellip;]<\/p>\n","protected":false},"author":20,"featured_media":157013,"comment_status":"open","ping_status":"","sticky":false,"template":"","format":"standard","meta":{"footnotes":""},"categories":[],"tags":[],"class_list":["post-157014","post","type-post","status-publish","format-standard","has-post-thumbnail"],"_wp_attached_file":null,"_wp_attachment_metadata":null,"_wp_attachment_context":null,"_wp_attachment_is_custom_header":null,"geo_longitude":null,"geo_public":null,"geo_latitude":null,"_publicize_done_external":null,"_wpas_done_3897181":null,"publicize_twitter_user":null,"_wpas_done_3897175":null,"_wpas_skip_3897181":null,"_wpas_skip_3897175":null,"_wpas_skip_3924723":null,"_wpas_mess":null,"_wpas_done_3924723":null,"wps_subtitle":"","_links":{"self":[{"href":"https:\/\/www.aarquiteta.com.br\/blog\/wp-json\/wp\/v2\/posts\/157014","targetHints":{"allow":["GET"]}}],"collection":[{"href":"https:\/\/www.aarquiteta.com.br\/blog\/wp-json\/wp\/v2\/posts"}],"about":[{"href":"https:\/\/www.aarquiteta.com.br\/blog\/wp-json\/wp\/v2\/types\/post"}],"author":[{"embeddable":true,"href":"https:\/\/www.aarquiteta.com.br\/blog\/wp-json\/wp\/v2\/users\/20"}],"replies":[{"embeddable":true,"href":"https:\/\/www.aarquiteta.com.br\/blog\/wp-json\/wp\/v2\/comments?post=157014"}],"version-history":[{"count":0,"href":"https:\/\/www.aarquiteta.com.br\/blog\/wp-json\/wp\/v2\/posts\/157014\/revisions"}],"wp:featuredmedia":[{"embeddable":true,"href":"https:\/\/www.aarquiteta.com.br\/blog\/wp-json\/wp\/v2\/media\/157013"}],"wp:attachment":[{"href":"https:\/\/www.aarquiteta.com.br\/blog\/wp-json\/wp\/v2\/media?parent=157014"}],"wp:term":[{"taxonomy":"category","embeddable":true,"href":"https:\/\/www.aarquiteta.com.br\/blog\/wp-json\/wp\/v2\/categories?post=157014"},{"taxonomy":"post_tag","embeddable":true,"href":"https:\/\/www.aarquiteta.com.br\/blog\/wp-json\/wp\/v2\/tags?post=157014"}],"curies":[{"name":"wp","href":"https:\/\/api.w.org\/{rel}","templated":true}]}}