{"id":157009,"date":"2026-03-13T09:02:41","date_gmt":"2026-03-13T12:02:41","guid":{"rendered":"https:\/\/www.aarquiteta.com.br\/blog\/cor-marsala-2\/"},"modified":"2026-03-13T09:02:41","modified_gmt":"2026-03-13T12:02:41","slug":"cor-marsala-2","status":"publish","type":"post","link":"https:\/\/www.aarquiteta.com.br\/blog\/cor-marsala-2\/","title":{"rendered":"Marsala: eleg\u00e2ncia e versatilidade para transformar sua decora\u00e7\u00e3o"},"content":{"rendered":"<p><b>Marsala \u00e9 a cor ideal para quem quer adicionar eleg\u00e2ncia e versatilidade \u00e0 decora\u00e7\u00e3o com um toque moderno e sofisticado.<\/b><\/p>\n<img decoding=\"async\" src=\"https:\/\/www.aarquiteta.com.br\/blog\/wp-content\/uploads\/2026\/03\/Marsala-elegyncia-e-versatilidade-para-transformar-sua-decorayyo-01.jpg\" alt=\"Marsala: eleg\u00e2ncia e versatilidade para transformar sua decora\u00e7\u00e3o\" width=\"1024\" height=\"1024\" title=\"\"> Marsala: eleg\u00e2ncia e versatilidade para transformar sua decora\u00e7\u00e3o\/caption]\n<h3>O que torna o Marsala t\u00e3o especial na decora\u00e7\u00e3o?<\/h3>\n<p>Voc\u00ea j\u00e1 reparou como a cor Marsala transforma qualquer ambiente com seu tom quente e terroso? <b>Essa tonalidade, eleita cor do ano pela Pantone em 2015, \u00e9 \u00fanica e cheia de personalidade.<\/b><\/p>\n<p>Confundido \u00e0s vezes com vinho ou bord\u00f4, o Marsala tem um charme especial que traz sofistica\u00e7\u00e3o e aconchego ao mesmo tempo.<\/p>\n<img decoding=\"async\" src=\"https:\/\/www.aarquiteta.com.br\/blog\/wp-content\/uploads\/2026\/03\/Marsala-elegyncia-e-versatilidade-para-transformar-sua-decorayyo-02.jpg\" alt=\"Marsala: eleg\u00e2ncia e versatilidade para transformar sua decora\u00e7\u00e3o\" width=\"1024\" height=\"1024\" title=\"\"> Marsala: eleg\u00e2ncia e versatilidade para transformar sua decora\u00e7\u00e3o\/caption]\n<h3>Como usar Marsala para criar ambientes marcantes?<\/h3>\n<p>Uma poltrona em Marsala pode ser o destaque da sala, enquanto almofadas nessa cor d\u00e3o aquele toque de charme sutil. <b>Vale explorar desde m\u00f3veis at\u00e9 pequenos detalhes como mantas e tapetes.<\/b><\/p>\n<p>O segredo est\u00e1 em acertar as combina\u00e7\u00f5es e escolher a intensidade do tom conforme o estilo do espa\u00e7o.<\/p>\n<img decoding=\"async\" src=\"https:\/\/www.aarquiteta.com.br\/blog\/wp-content\/uploads\/2026\/03\/Marsala-elegyncia-e-versatilidade-para-transformar-sua-decorayyo-03.jpg\" alt=\"Marsala: eleg\u00e2ncia e versatilidade para transformar sua decora\u00e7\u00e3o\" width=\"1024\" height=\"1024\" title=\"\"> Marsala: eleg\u00e2ncia e versatilidade para transformar sua decora\u00e7\u00e3o\/caption]\n<h3>Quais m\u00f3veis e objetos combinam com Marsala?<\/h3>\n<ul>\n<li><b>Poltronas e puffs:<\/b> pe\u00e7as que trazem conforto e eleg\u00e2ncia;<\/li>\n<li><b>M\u00f3veis de madeira:<\/b> criam um ambiente acolhedor;<\/li>\n<li><b>Almofadas e mantas:<\/b> para detalhes que destacam;<\/li>\n<li><b>Arm\u00e1rios e eletrodom\u00e9sticos:<\/b> especialmente em cozinhas e banheiros, adicionam um charme moderno;<\/li>\n<li><b>Tapetes e cortinas:<\/b> para compor e harmonizar o ambiente.<\/li>\n<\/ul>\n<h3>Tabela: Diferen\u00e7as entre Marsala, Vinho e Bord\u00f4<\/h3>\n<table border=\"1\" cellpadding=\"8\" cellspacing=\"0\" style=\"border-collapse: collapse; width: 100%; margin: 15px 0;\">\n<tr style=\"background-color: #f2f2f2;\">\n<th>Cor<\/th>\n<th>Caracter\u00edstica<\/th>\n<th>Aplica\u00e7\u00e3o Ideal<\/th>\n<\/tr>\n<tr>\n<td><b>Marsala<\/b><\/td>\n<td>Tonalidade terrosa, quente, vers\u00e1til<\/td>\n<td>Salas, quartos, cozinhas, detalhes decorativos<\/td>\n<\/tr>\n<tr>\n<td><b>Vinho<\/b><\/td>\n<td>Mais intenso, com fundo frio<\/td>\n<td>Ambientes sofisticados e formais<\/td>\n<\/tr>\n<tr>\n<td><b>Bord\u00f4<\/b><\/td>\n<td>Tonifica\u00e7\u00e3o escura do vermelho, mais vibrante<\/td>\n<td>Decora\u00e7\u00e3o cl\u00e1ssica e vintage<\/td>\n<\/tr>\n<\/table>\n<h3>Como combinar Marsala com outras cores?<\/h3>\n<p>Marsala funciona muito bem com neutros, como branco, bege e cinza. <b>Tamb\u00e9m cria contrastes incr\u00edveis com tons verdes e azuis.<\/b><\/p>\n<p>Se a ideia \u00e9 algo mais vibrante, misturar Marsala com amarelo mostarda ou dourado deixa o ambiente cheio de vida sem perder a eleg\u00e2ncia.<\/p>\n<h3>Dicas para usar Marsala em ambientes pequenos<\/h3>\n<p>Em espa\u00e7os compactos, use o Marsala em detalhes menores, como almofadas, objetos de decora\u00e7\u00e3o e pequenas pe\u00e7as de mobili\u00e1rio. <b>Isso evita pesar o ambiente e ainda garante destaque.<\/b><\/p>\n<p>Para paredes, prefira usar tom Marsala apenas em uma lateral ou em combina\u00e7\u00e3o com tons claros para ampliar visualmente o espa\u00e7o.<\/p>\n<h3>Por que apostar no Marsala para renovar sua decora\u00e7\u00e3o?<\/h3>\n<p>Marsala \u00e9 uma cor que transforma ambientes com rapidez e estilo. <b>Ela traz eleg\u00e2ncia e aconchego, al\u00e9m de ser uma escolha vers\u00e1til e f\u00e1cil de combinar.<\/b><\/p>\n<p>Quer deixar sua casa moderna, mas sem abrir m\u00e3o do charme cl\u00e1ssico? O Marsala \u00e9 o caminho!<\/p>\n<h3>Inspira\u00e7\u00f5es pr\u00e1ticas para aplicar Marsala hoje mesmo<\/h3>\n<ol>\n<li>Pinte uma parede de destaque com Marsala para uma transforma\u00e7\u00e3o r\u00e1pida.<\/li>\n<li>Use almofadas e mantas nessa cor para dar vida ao sof\u00e1.<\/li>\n<li>Invista em poltronas ou cadeiras em Marsala para um toque sofisticado.<\/li>\n<li>Adicione um tapete nessa tonalidade para conectar todos os elementos.<\/li>\n<li>Experimente acess\u00f3rios decorativos, como vasos e quadros, na cor Marsala.<\/li>\n<\/ol>\n<p><b>Marsala \u00e9 mais que uma cor: \u00e9 uma identidade para sua decora\u00e7\u00e3o.<\/b> Experimente usar essa tonalidade e veja como ela pode mudar seu espa\u00e7o com personalidade e charme. <\/p>\n<p>Quer mais dicas para transformar sua casa? Comente aqui ou navegue por nossos artigos para continuar inspirando seus projetos!<\/p>\n<img decoding=\"async\" src=\"https:\/\/www.aarquiteta.com.br\/blog\/wp-content\/uploads\/2026\/03\/Marsala-elegyncia-e-versatilidade-para-transformar-sua-decorayyo-04.jpg\" alt=\"Marsala: eleg\u00e2ncia e versatilidade para transformar sua decora\u00e7\u00e3o\" width=\"1024\" height=\"1024\" title=\"\"> Marsala: eleg\u00e2ncia e versatilidade para transformar sua decora\u00e7\u00e3o\/caption]\n","protected":false},"excerpt":{"rendered":"<p>Marsala \u00e9 a cor ideal para quem quer adicionar eleg\u00e2ncia e versatilidade \u00e0 decora\u00e7\u00e3o com um toque moderno e sofisticado. Marsala: eleg\u00e2ncia e versatilidade para transformar sua decora\u00e7\u00e3o\/caption] O que torna o Marsala t\u00e3o especial na decora\u00e7\u00e3o? Voc\u00ea j\u00e1 reparou como a cor Marsala transforma qualquer ambiente com seu tom quente e terroso? Essa tonalidade, [&hellip;]<\/p>\n","protected":false},"author":20,"featured_media":157008,"comment_status":"open","ping_status":"","sticky":false,"template":"","format":"standard","meta":{"footnotes":""},"categories":[],"tags":[],"class_list":["post-157009","post","type-post","status-publish","format-standard","has-post-thumbnail"],"_wp_attached_file":null,"_wp_attachment_metadata":null,"_wp_attachment_context":null,"_wp_attachment_is_custom_header":null,"geo_longitude":null,"geo_public":null,"geo_latitude":null,"_publicize_done_external":null,"_wpas_done_3897181":null,"publicize_twitter_user":null,"_wpas_done_3897175":null,"_wpas_skip_3897181":null,"_wpas_skip_3897175":null,"_wpas_skip_3924723":null,"_wpas_mess":null,"_wpas_done_3924723":null,"wps_subtitle":"","_links":{"self":[{"href":"https:\/\/www.aarquiteta.com.br\/blog\/wp-json\/wp\/v2\/posts\/157009","targetHints":{"allow":["GET"]}}],"collection":[{"href":"https:\/\/www.aarquiteta.com.br\/blog\/wp-json\/wp\/v2\/posts"}],"about":[{"href":"https:\/\/www.aarquiteta.com.br\/blog\/wp-json\/wp\/v2\/types\/post"}],"author":[{"embeddable":true,"href":"https:\/\/www.aarquiteta.com.br\/blog\/wp-json\/wp\/v2\/users\/20"}],"replies":[{"embeddable":true,"href":"https:\/\/www.aarquiteta.com.br\/blog\/wp-json\/wp\/v2\/comments?post=157009"}],"version-history":[{"count":0,"href":"https:\/\/www.aarquiteta.com.br\/blog\/wp-json\/wp\/v2\/posts\/157009\/revisions"}],"wp:featuredmedia":[{"embeddable":true,"href":"https:\/\/www.aarquiteta.com.br\/blog\/wp-json\/wp\/v2\/media\/157008"}],"wp:attachment":[{"href":"https:\/\/www.aarquiteta.com.br\/blog\/wp-json\/wp\/v2\/media?parent=157009"}],"wp:term":[{"taxonomy":"category","embeddable":true,"href":"https:\/\/www.aarquiteta.com.br\/blog\/wp-json\/wp\/v2\/categories?post=157009"},{"taxonomy":"post_tag","embeddable":true,"href":"https:\/\/www.aarquiteta.com.br\/blog\/wp-json\/wp\/v2\/tags?post=157009"}],"curies":[{"name":"wp","href":"https:\/\/api.w.org\/{rel}","templated":true}]}}