{"id":157004,"date":"2026-03-13T01:02:54","date_gmt":"2026-03-13T04:02:54","guid":{"rendered":"https:\/\/www.aarquiteta.com.br\/blog\/escrivaninha-preta-2\/"},"modified":"2026-03-13T01:02:54","modified_gmt":"2026-03-13T04:02:54","slug":"escrivaninha-preta-2","status":"publish","type":"post","link":"https:\/\/www.aarquiteta.com.br\/blog\/escrivaninha-preta-2\/","title":{"rendered":"Escrivaninha preta: inspire-se para criar um home office elegante e funcional"},"content":{"rendered":"<p><b>Quer uma escrivaninha preta que una estilo e praticidade para seu home office?<\/b> Vem comigo que eu te mostro como montar esse espa\u00e7o incr\u00edvel!<\/p>\n<h3>Por que escolher uma escrivaninha preta para o home office?<\/h3>\n<p>Voc\u00ea j\u00e1 percebeu como uma <b>escrivaninha preta pode transformar um espa\u00e7o?<\/b> Ela \u00e9 moderna, elegante e se encaixa em qualquer estilo.<\/p>\n<p>Al\u00e9m disso, serve tanto para ambientes pequenos quanto maiores, garantindo funcionalidade com muito charme.<\/p>\n<img decoding=\"async\" src=\"https:\/\/www.aarquiteta.com.br\/blog\/wp-content\/uploads\/2026\/03\/Escrivaninha-preta-inspire-se-para-criar-um-home-office-elegante-e-funcional-01.jpg\" alt=\"Escrivaninha preta: inspire-se para criar um home office elegante e funcional\" width=\"1024\" height=\"1024\" title=\"\"> Escrivaninha preta: inspire-se para criar um home office elegante e funcional\/caption]\n<h3>Modelos de escrivaninha preta: encontre o ideal para voc\u00ea<\/h3>\n<p>Existem desde op\u00e7\u00f5es compactas at\u00e9 as maiores, com gavetas e prateleiras embutidas. <\/p>\n<p><b>Esses detalhes ajudam a organizar seu espa\u00e7o sem perder a beleza.<\/b><\/p>\n<div style=\"overflow-x:auto;\">\n<table border=\"1\" cellpadding=\"5\" cellspacing=\"0\" style=\"width:100%; border-collapse: collapse;\">\n<thead style=\"background-color:#000; color:#fff;\">\n<tr>\n<th>Tipo<\/th>\n<th>Funcionalidade<\/th>\n<th>Ideal para<\/th>\n<th>Combina\u00e7\u00e3o Est\u00e9tica<\/th>\n<\/tr>\n<\/thead>\n<tbody>\n<tr>\n<td>Compacta<\/td>\n<td>Economiza espa\u00e7o<\/td>\n<td>Cantos e ambientes pequenos<\/td>\n<td>Preto com branco ou cinza<\/td>\n<\/tr>\n<tr>\n<td>Com gavetas<\/td>\n<td>Organiza\u00e7\u00e3o pr\u00e1tica<\/td>\n<td>Escrit\u00f3rios com muitos pap\u00e9is<\/td>\n<td>Preto e madeira<\/td>\n<\/tr>\n<tr>\n<td>Com prateleiras<\/td>\n<td>Espa\u00e7o extra para objetos<\/td>\n<td>Home offices funcionais<\/td>\n<td>Preto com toques de rose gold<\/td>\n<\/tr>\n<\/tbody>\n<\/table>\n<\/div>\n<img decoding=\"async\" src=\"https:\/\/www.aarquiteta.com.br\/blog\/wp-content\/uploads\/2026\/03\/Escrivaninha-preta-inspire-se-para-criar-um-home-office-elegante-e-funcional-02.jpg\" alt=\"Escrivaninha preta: inspire-se para criar um home office elegante e funcional\" width=\"1024\" height=\"1024\" title=\"\"> Escrivaninha preta: inspire-se para criar um home office elegante e funcional\/caption]\n<h3>Como combinar a escrivaninha preta com a decora\u00e7\u00e3o<\/h3>\n<p><b>O segredo est\u00e1 nos contrastes e harmonias.<\/b> Preto com branco cria um visual limpo e impactante.<\/p>\n<p>Para algo mais suave, vale apostar no tom sobre tom, como preto e cinza. A madeira traz calor e aconchego ao m\u00f3vel.<\/p>\n<h3>Dicas para escolher a cadeira ideal para acompanhar a escrivaninha<\/h3>\n<p>N\u00e3o \u00e9 s\u00f3 o visual que importa: conforto \u00e9 fundamental para sua produtividade.<\/p>\n<p>Prefira cadeiras com ajuste de altura e bom suporte lumbar, al\u00e9m de cores neutras que dialoguem com o preto.<\/p>\n<img decoding=\"async\" src=\"https:\/\/www.aarquiteta.com.br\/blog\/wp-content\/uploads\/2026\/03\/Escrivaninha-preta-inspire-se-para-criar-um-home-office-elegante-e-funcional-03.jpg\" alt=\"Escrivaninha preta: inspire-se para criar um home office elegante e funcional\" width=\"1024\" height=\"1024\" title=\"\"> Escrivaninha preta: inspire-se para criar um home office elegante e funcional\/caption]\n<h3>Ilumina\u00e7\u00e3o que valoriza o home office com escrivaninha preta<\/h3>\n<p>Uma boa lumin\u00e1ria faz toda a diferen\u00e7a no seu cantinho de trabalho.<\/p>\n<p>Prefira luz branca ou amarela suave, localizada estrategicamente para n\u00e3o cansar a vista.<\/p>\n<h3>Organiza\u00e7\u00e3o e funcionalidade: otimize o espa\u00e7o com a escrivaninha preta<\/h3>\n<ul>\n<li><b>Use gavetas para guardar documentos importantes;<\/b><\/li>\n<li>Prateleiras ajudam a deixar objetos essenciais \u00e0 m\u00e3o;<\/li>\n<li>Evite acumular itens para manter o ambiente limpo e inspirador;<\/li>\n<li>Aproveite cantos e paredes para aumentar a \u00e1rea de trabalho;<\/li>\n<\/ul>\n<h3>Tend\u00eancias que combinam com a escrivaninha preta<\/h3>\n<p>Mix de preto com acess\u00f3rios em rose gold est\u00e1 super em alta e transmite eleg\u00e2ncia.<\/p>\n<p>Outra op\u00e7\u00e3o \u00e9 combinar o preto com elementos naturais, como plantas, para equilibrar o espa\u00e7o.<\/p>\n<h3>Personalize seu home office: crie um ambiente que inspira<\/h3>\n<p>Decora\u00e7\u00e3o \u00e9 sobre expressar sua personalidade no seu espa\u00e7o.<\/p>\n<p>Escolha objetos que tragam conforto, fotos, quadros ou livros, deixando o ambiente mais acolhedor e incentivando a criatividade.<\/p>\n<p>Quer transformar seu espa\u00e7o com uma escrivaninha preta? <b>Conte nos coment\u00e1rios qual modelo voc\u00ea prefere ou compartilhe sua experi\u00eancia!<\/b><\/p>\n<p>Se curtiu as dicas, aproveite para conferir tamb\u00e9m outros artigos sobre <a href=\"#\">decora\u00e7\u00e3o de home office<\/a> e <a href=\"#\">m\u00f3veis funcionais para pequenos espa\u00e7os<\/a>.<\/p>\n<img decoding=\"async\" src=\"https:\/\/www.aarquiteta.com.br\/blog\/wp-content\/uploads\/2026\/03\/Escrivaninha-preta-inspire-se-para-criar-um-home-office-elegante-e-funcional-04.jpg\" alt=\"Escrivaninha preta: inspire-se para criar um home office elegante e funcional\" width=\"1024\" height=\"1024\" title=\"\"> Escrivaninha preta: inspire-se para criar um home office elegante e funcional\/caption]\n","protected":false},"excerpt":{"rendered":"<p>Quer uma escrivaninha preta que una estilo e praticidade para seu home office? Vem comigo que eu te mostro como montar esse espa\u00e7o incr\u00edvel! Por que escolher uma escrivaninha preta para o home office? Voc\u00ea j\u00e1 percebeu como uma escrivaninha preta pode transformar um espa\u00e7o? Ela \u00e9 moderna, elegante e se encaixa em qualquer estilo. [&hellip;]<\/p>\n","protected":false},"author":20,"featured_media":157003,"comment_status":"open","ping_status":"","sticky":false,"template":"","format":"standard","meta":{"footnotes":""},"categories":[],"tags":[],"class_list":["post-157004","post","type-post","status-publish","format-standard","has-post-thumbnail"],"_wp_attached_file":null,"_wp_attachment_metadata":null,"_wp_attachment_context":null,"_wp_attachment_is_custom_header":null,"geo_longitude":null,"geo_public":null,"geo_latitude":null,"_publicize_done_external":null,"_wpas_done_3897181":null,"publicize_twitter_user":null,"_wpas_done_3897175":null,"_wpas_skip_3897181":null,"_wpas_skip_3897175":null,"_wpas_skip_3924723":null,"_wpas_mess":null,"_wpas_done_3924723":null,"wps_subtitle":"","_links":{"self":[{"href":"https:\/\/www.aarquiteta.com.br\/blog\/wp-json\/wp\/v2\/posts\/157004","targetHints":{"allow":["GET"]}}],"collection":[{"href":"https:\/\/www.aarquiteta.com.br\/blog\/wp-json\/wp\/v2\/posts"}],"about":[{"href":"https:\/\/www.aarquiteta.com.br\/blog\/wp-json\/wp\/v2\/types\/post"}],"author":[{"embeddable":true,"href":"https:\/\/www.aarquiteta.com.br\/blog\/wp-json\/wp\/v2\/users\/20"}],"replies":[{"embeddable":true,"href":"https:\/\/www.aarquiteta.com.br\/blog\/wp-json\/wp\/v2\/comments?post=157004"}],"version-history":[{"count":0,"href":"https:\/\/www.aarquiteta.com.br\/blog\/wp-json\/wp\/v2\/posts\/157004\/revisions"}],"wp:featuredmedia":[{"embeddable":true,"href":"https:\/\/www.aarquiteta.com.br\/blog\/wp-json\/wp\/v2\/media\/157003"}],"wp:attachment":[{"href":"https:\/\/www.aarquiteta.com.br\/blog\/wp-json\/wp\/v2\/media?parent=157004"}],"wp:term":[{"taxonomy":"category","embeddable":true,"href":"https:\/\/www.aarquiteta.com.br\/blog\/wp-json\/wp\/v2\/categories?post=157004"},{"taxonomy":"post_tag","embeddable":true,"href":"https:\/\/www.aarquiteta.com.br\/blog\/wp-json\/wp\/v2\/tags?post=157004"}],"curies":[{"name":"wp","href":"https:\/\/api.w.org\/{rel}","templated":true}]}}