{"id":156999,"date":"2026-03-12T17:03:29","date_gmt":"2026-03-12T20:03:29","guid":{"rendered":"https:\/\/www.aarquiteta.com.br\/blog\/azul-pastel-2\/"},"modified":"2026-03-12T17:03:29","modified_gmt":"2026-03-12T20:03:29","slug":"azul-pastel-2","status":"publish","type":"post","link":"https:\/\/www.aarquiteta.com.br\/blog\/azul-pastel-2\/","title":{"rendered":"Como o Azul Pastel Transforma Sua Decora\u00e7\u00e3o com Frescor e Eleg\u00e2ncia"},"content":{"rendered":"<p><b>O azul pastel transforma a decora\u00e7\u00e3o com frescor e eleg\u00e2ncia, dando leveza e sofistica\u00e7\u00e3o a qualquer ambiente.<\/b><\/p>\n<h3>Por que escolher azul pastel para sua decora\u00e7\u00e3o?<\/h3>\n<p>Voc\u00ea j\u00e1 percebeu que uma cor pode renovar completamente um espa\u00e7o? O <b>azul pastel<\/b> tem esse poder. \u00c9 uma tonalidade suave, que transmite calma e combinada com a decora\u00e7\u00e3o certa, cria ambientes incr\u00edveis.<\/p>\n<p>Al\u00e9m disso, o azul pastel \u00e9 super vers\u00e1til e <b>funciona bem em todos os c\u00f4modos da casa<\/b>. Seja na parede, em m\u00f3veis ou acess\u00f3rios, garante aquele toque refrescante que d\u00e1 vontade de ficar mais tempo no ambiente.<\/p>\n<img decoding=\"async\" src=\"https:\/\/www.aarquiteta.com.br\/blog\/wp-content\/uploads\/2026\/03\/Como-o-Azul-Pastel-Transforma-Sua-Decorayyo-com-Frescor-e-Elegyncia-01.jpg\" alt=\"Como o Azul Pastel Transforma Sua Decora\u00e7\u00e3o com Frescor e Eleg\u00e2ncia\" width=\"1024\" height=\"1024\" title=\"\"> Como o Azul Pastel Transforma Sua Decora\u00e7\u00e3o com Frescor e Eleg\u00e2ncia\/caption]\n<h3>Como o azul pastel traz frescor e leveza para qualquer ambiente<\/h3>\n<p>O azul pastel remete ao c\u00e9u e ao mar calmo, trazendo uma sensa\u00e7\u00e3o de frescor constante para quem est\u00e1 no espa\u00e7o. \u00c9 como se a decora\u00e7\u00e3o respirasse tranquilidade.<\/p>\n<p>Essa cor clara ajuda a <b>ampliar visualmente o espa\u00e7o<\/b>, ideal para quem tem ambientes pequenos ou quer evitar sensa\u00e7\u00e3o de aperto. A combina\u00e7\u00e3o com tons neutros eleva a eleg\u00e2ncia e mant\u00e9m tudo simples e harmonioso.<\/p>\n<h3>Insira azul pastel nas paredes para um impacto delicado<\/h3>\n<p>Pintar uma ou mais paredes de azul pastel \u00e9 uma maneira r\u00e1pida e eficaz de mudar o clima do ambiente. <b>Garante um visual acolhedor e leve, perfeito para salas, quartos e at\u00e9 cozinhas.<\/b><\/p>\n<p>Se a d\u00favida bater, comece com uma faixa de cor ou uma parede de destaque. Voc\u00ea vai se surpreender com a transforma\u00e7\u00e3o.<\/p>\n<img decoding=\"async\" src=\"https:\/\/www.aarquiteta.com.br\/blog\/wp-content\/uploads\/2026\/03\/Como-o-Azul-Pastel-Transforma-Sua-Decorayyo-com-Frescor-e-Elegyncia-02.jpg\" alt=\"Como o Azul Pastel Transforma Sua Decora\u00e7\u00e3o com Frescor e Eleg\u00e2ncia\" width=\"1024\" height=\"1024\" title=\"\"> Como o Azul Pastel Transforma Sua Decora\u00e7\u00e3o com Frescor e Eleg\u00e2ncia\/caption]\n<h3>M\u00f3veis e objetos em azul pastel: charme e requinte na decora\u00e7\u00e3o<\/h3>\n<p>N\u00e3o s\u00f3 as paredes abra\u00e7am o azul pastel. Arm\u00e1rios, cadeiras, gaveteiros e at\u00e9 pequenos detalhes como almofadas levam esse tom sutil, que destaca o espa\u00e7o com eleg\u00e2ncia.<\/p>\n<p><b>Um arm\u00e1rio na cozinha ou uma cadeira estofada<\/b> nessa cor j\u00e1 tornam o ambiente charmoso e aconchegante. Quem disse que o azul pastel serve s\u00f3 para paredes?<\/p>\n<h3>Combina\u00e7\u00f5es perfeitas: azul pastel e outras cores<\/h3>\n<p>Quer um efeito ainda mais bonito e equilibrado? Aposte em combina\u00e7\u00f5es com madeira, rosa claro, amarelo pastel e tons neutros. <b>Essas parcerias criam contrastes suaves e um clima acolhedor.<\/b><\/p>\n<p>Confira a tabela abaixo para entender as melhores harmoniza\u00e7\u00f5es:<\/p>\n<table border=\"1\" cellpadding=\"8\" style=\"border-collapse: collapse; width: 100%;\">\n<thead>\n<tr>\n<th><b>Combina\u00e7\u00e3o<\/b><\/th>\n<th><b>Resultado na Decora\u00e7\u00e3o<\/b><\/th>\n<th><b>Ambientes Ideais<\/b><\/th>\n<\/tr>\n<\/thead>\n<tbody>\n<tr>\n<td>Azul pastel + Madeira<\/td>\n<td>Equil\u00edbrio entre frescor e aconchego<\/td>\n<td>Salas, cozinhas, escrit\u00f3rios<\/td>\n<\/tr>\n<tr>\n<td>Azul pastel + Rosa pastel<\/td>\n<td>Rom\u00e2ntico e delicado, por\u00e9m moderno<\/td>\n<td>Quartos, salas de estar<\/td>\n<\/tr>\n<tr>\n<td>Azul pastel + Amarelo pastel<\/td>\n<td>Vibrante e vintage, com charme<\/td>\n<td>Sala de jantar, \u00e1reas sociais<\/td>\n<\/tr>\n<tr>\n<td>Azul pastel + Neutros (branco, cinza)<\/td>\n<td>Minimalista e sofisticado<\/td>\n<td>Banheiros, escrit\u00f3rios, cozinhas<\/td>\n<\/tr>\n<\/tbody>\n<\/table>\n<img decoding=\"async\" src=\"https:\/\/www.aarquiteta.com.br\/blog\/wp-content\/uploads\/2026\/03\/Como-o-Azul-Pastel-Transforma-Sua-Decorayyo-com-Frescor-e-Elegyncia-03.jpg\" alt=\"Como o Azul Pastel Transforma Sua Decora\u00e7\u00e3o com Frescor e Eleg\u00e2ncia\" width=\"1024\" height=\"1024\" title=\"\"> Como o Azul Pastel Transforma Sua Decora\u00e7\u00e3o com Frescor e Eleg\u00e2ncia\/caption]\n<h3>Azul pastel em detalhes faz toda a diferen\u00e7a<\/h3>\n<p>\u00c0s vezes, n\u00e3o \u00e9 preciso pintar tudo ou trocar os m\u00f3veis. Basta um toque: almofadas, vasos, objetos de decora\u00e7\u00e3o ou at\u00e9 o teto ganham mais personalidade com azul pastel.<\/p>\n<p><b>Pequenos detalhes transformam a energia<\/b> sem esfor\u00e7o, deixando o ambiente convidativo e elegante.<\/p>\n<h3>Azul pastel tamb\u00e9m cria ambientes sofisticados e despojados<\/h3>\n<p>Engana-se quem acha que essa cor fica restrita a ambientes cl\u00e1ssicos. Ela <b>cabe perfeitamente em projetos modernos e despojados<\/b>, seja em roupas de cama ou na marcenaria.<\/p>\n<p>Use sua criatividade para explorar o azul pastel e dar aquele toque especial e exclusivo ao seu lar.<\/p>\n<h3>\u00c1rea externa com azul pastel? Sim, \u00e9 poss\u00edvel!<\/h3>\n<p>N\u00e3o limite o azul pastel s\u00f3 para dentro de casa. <b>Varandas, jardins e \u00e1reas de lazer<\/b> ficam leves e refrescantes com m\u00f3veis ou paredes nesse tom.<\/p>\n<p>\u00c9 uma forma de unir conforto visual com uma sensa\u00e7\u00e3o constante de bem-estar.<\/p>\n<h3>Quer dar vida nova \u00e0 sua decora\u00e7\u00e3o? Aposte no azul pastel<\/h3>\n<p>Como voc\u00ea viu, o azul pastel \u00e9 uma cor muito mais do que \u201cfofa\u201d ou \u201cdelicada\u201d. Ela transforma ambientes, trazendo\u00a0<b>frescor, eleg\u00e2ncia e versatilidade.<\/b><\/p>\n<p>Experimente incluir esse tom e veja seu espa\u00e7o ganhar uma nova luz, pois <b>usar azul pastel \u00e9 um convite ao conforto e ao estilo.<\/b><\/p>\n<p>Quer mais dicas? Comente aqui sua experi\u00eancia ou clique nos links para aprender a harmonizar outras cores incr\u00edveis na sua casa!<\/p>\n<img decoding=\"async\" src=\"https:\/\/www.aarquiteta.com.br\/blog\/wp-content\/uploads\/2026\/03\/Como-o-Azul-Pastel-Transforma-Sua-Decorayyo-com-Frescor-e-Elegyncia-04.jpg\" alt=\"Como o Azul Pastel Transforma Sua Decora\u00e7\u00e3o com Frescor e Eleg\u00e2ncia\" width=\"1024\" height=\"1024\" title=\"\"> Como o Azul Pastel Transforma Sua Decora\u00e7\u00e3o com Frescor e Eleg\u00e2ncia\/caption]\n","protected":false},"excerpt":{"rendered":"<p>O azul pastel transforma a decora\u00e7\u00e3o com frescor e eleg\u00e2ncia, dando leveza e sofistica\u00e7\u00e3o a qualquer ambiente. Por que escolher azul pastel para sua decora\u00e7\u00e3o? Voc\u00ea j\u00e1 percebeu que uma cor pode renovar completamente um espa\u00e7o? O azul pastel tem esse poder. \u00c9 uma tonalidade suave, que transmite calma e combinada com a decora\u00e7\u00e3o certa, [&hellip;]<\/p>\n","protected":false},"author":20,"featured_media":156998,"comment_status":"open","ping_status":"","sticky":false,"template":"","format":"standard","meta":{"footnotes":""},"categories":[],"tags":[],"class_list":["post-156999","post","type-post","status-publish","format-standard","has-post-thumbnail"],"_wp_attached_file":null,"_wp_attachment_metadata":null,"_wp_attachment_context":null,"_wp_attachment_is_custom_header":null,"geo_longitude":null,"geo_public":null,"geo_latitude":null,"_publicize_done_external":null,"_wpas_done_3897181":null,"publicize_twitter_user":null,"_wpas_done_3897175":null,"_wpas_skip_3897181":null,"_wpas_skip_3897175":null,"_wpas_skip_3924723":null,"_wpas_mess":null,"_wpas_done_3924723":null,"wps_subtitle":"","_links":{"self":[{"href":"https:\/\/www.aarquiteta.com.br\/blog\/wp-json\/wp\/v2\/posts\/156999","targetHints":{"allow":["GET"]}}],"collection":[{"href":"https:\/\/www.aarquiteta.com.br\/blog\/wp-json\/wp\/v2\/posts"}],"about":[{"href":"https:\/\/www.aarquiteta.com.br\/blog\/wp-json\/wp\/v2\/types\/post"}],"author":[{"embeddable":true,"href":"https:\/\/www.aarquiteta.com.br\/blog\/wp-json\/wp\/v2\/users\/20"}],"replies":[{"embeddable":true,"href":"https:\/\/www.aarquiteta.com.br\/blog\/wp-json\/wp\/v2\/comments?post=156999"}],"version-history":[{"count":0,"href":"https:\/\/www.aarquiteta.com.br\/blog\/wp-json\/wp\/v2\/posts\/156999\/revisions"}],"wp:featuredmedia":[{"embeddable":true,"href":"https:\/\/www.aarquiteta.com.br\/blog\/wp-json\/wp\/v2\/media\/156998"}],"wp:attachment":[{"href":"https:\/\/www.aarquiteta.com.br\/blog\/wp-json\/wp\/v2\/media?parent=156999"}],"wp:term":[{"taxonomy":"category","embeddable":true,"href":"https:\/\/www.aarquiteta.com.br\/blog\/wp-json\/wp\/v2\/categories?post=156999"},{"taxonomy":"post_tag","embeddable":true,"href":"https:\/\/www.aarquiteta.com.br\/blog\/wp-json\/wp\/v2\/tags?post=156999"}],"curies":[{"name":"wp","href":"https:\/\/api.w.org\/{rel}","templated":true}]}}