{"id":156994,"date":"2026-03-12T09:03:21","date_gmt":"2026-03-12T12:03:21","guid":{"rendered":"https:\/\/www.aarquiteta.com.br\/blog\/sala-com-escada-2\/"},"modified":"2026-03-12T09:03:21","modified_gmt":"2026-03-12T12:03:21","slug":"sala-com-escada-2","status":"publish","type":"post","link":"https:\/\/www.aarquiteta.com.br\/blog\/sala-com-escada-2\/","title":{"rendered":"Inspire sua sala com escadas elegantes que transformam o ambiente"},"content":{"rendered":"<p><b>Quer transformar sua sala com escadas elegantes e cheias de charme?<\/b> Vou te mostrar ideias que unem funcionalidade e beleza para criar um ambiente \u00fanico.<\/p>\n<h3>Por que a escada pode ser o destaque da sua sala<\/h3>\n<p>Voc\u00ea j\u00e1 reparou como uma escada bem escolhida pode virar o <b>protagonista<\/b> do ambiente? Muitas vezes, ela n\u00e3o \u00e9 s\u00f3 um caminho entre andares, mas uma pe\u00e7a de design cheia de personalidade. Com formatos variados, d\u00e1 para criar um visual imponente e sofisticado, que deixa sua sala irresist\u00edvel.<\/p>\n<p>Escadas em linha reta ou curvas, de madeira, metal ou concreto, cada material e forma trazem uma <b>sensa\u00e7\u00e3o diferente<\/b> para seu espa\u00e7o. Apostar em uma escada que dialogue com o estilo da sala valoriza todo o conjunto decorativo.<\/p>\n<img decoding=\"async\" src=\"https:\/\/www.aarquiteta.com.br\/blog\/wp-content\/uploads\/2026\/03\/Inspire-sua-sala-com-escadas-elegantes-que-transformam-o-ambiente-01.jpg\" alt=\"Inspire sua sala com escadas elegantes que transformam o ambiente\" width=\"1024\" height=\"1024\" title=\"\"> Inspire sua sala com escadas elegantes que transformam o ambiente\/caption]\n<h3>Modelos e formatos de escadas que encantam<\/h3>\n<p>Existe um mundo de possibilidades para voc\u00ea ousar. A escada pode ser:<\/p>\n<ul>\n<li><b>Curva ou em espiral<\/b> para um toque escultural;<\/li>\n<li><b>Flutuante<\/b>, com degraus que parecem suspensos, ideal para criar leveza;<\/li>\n<li><b>Com corrim\u00e3o de vidro<\/b>, que garante modernidade e acabamento elegante;<\/li>\n<li><b>Colorida<\/b>, trazendo personalidade e destaque;<\/li>\n<li><b>Em U<\/b>, perfeita para otimizar espa\u00e7os grandes ou pequenos.<\/li>\n<\/ul>\n<p>Cada escolha muda a aura do ambiente, fazendo da escada uma <b>verdadeira obra de arte<\/b> no c\u00f4modo.<\/p>\n<h3>Materiais que garantem sofistica\u00e7\u00e3o e durabilidade<\/h3>\n<p>Existem algumas op\u00e7\u00f5es incr\u00edveis para combinar beleza e resist\u00eancia:<\/p>\n<table border=\"1\" cellpadding=\"8\" cellspacing=\"0\" style=\"border-collapse: collapse; width: 100%;\">\n<thead>\n<tr>\n<th><b>Material<\/b><\/th>\n<th><b>Estilo<\/b><\/th>\n<th><b>Vantagem<\/b><\/th>\n<\/tr>\n<\/thead>\n<tbody>\n<tr>\n<td>Madeira<\/td>\n<td>Cl\u00e1ssico e aconchegante<\/td>\n<td>Calor e textura natural<\/td>\n<\/tr>\n<tr>\n<td>Concreto<\/td>\n<td>Moderno e robusto<\/td>\n<td>Durabilidade e estilo industrial<\/td>\n<\/tr>\n<tr>\n<td>Metal<\/td>\n<td>Sofisticado e leve<\/td>\n<td>Design arrojado e f\u00e1cil manuten\u00e7\u00e3o<\/td>\n<\/tr>\n<tr>\n<td>Vidro (corrim\u00e3o)<\/td>\n<td>Clean e contempor\u00e2neo<\/td>\n<td>Leveza visual e ilumina\u00e7\u00e3o<\/td>\n<\/tr>\n<\/tbody>\n<\/table>\n<p>Com a escolha certa, sua escada vai durar anos e ainda valorizar sua sala no dia a dia.<\/p>\n<img decoding=\"async\" src=\"https:\/\/www.aarquiteta.com.br\/blog\/wp-content\/uploads\/2026\/03\/Inspire-sua-sala-com-escadas-elegantes-que-transformam-o-ambiente-02.jpg\" alt=\"Inspire sua sala com escadas elegantes que transformam o ambiente\" width=\"1024\" height=\"1024\" title=\"\"> Inspire sua sala com escadas elegantes que transformam o ambiente\/caption]\n<h3>Aproveitamento inteligente do espa\u00e7o sob a escada<\/h3>\n<p>N\u00e3o d\u00e1 para deixar esse espa\u00e7o vazio, n\u00e9? Ele pode virar:<\/p>\n<ul>\n<li>Um <b>cantinho verde<\/b> com vasos e plantas;<\/li>\n<li>Uma <b>adega charmosa<\/b> para vinhos;<\/li>\n<li>Um <b>bar compacto<\/b> para receber amigos;<\/li>\n<li>Um banco para descanso ou at\u00e9 uma estante para livros.<\/li>\n<\/ul>\n<p>Essas ideias transformam cada canto em parte funcional e decorativa da sala.<\/p>\n<h3>Escadas ideais para diferentes tamanhos de ambiente<\/h3>\n<p>Mesmo em espa\u00e7os pequenos, a escada pode brilhar. O formato linear \u00e9 perfeito para ambientes reduzidos, enquanto a escada caracol ocupa pouco espa\u00e7o e adiciona charme.<\/p>\n<p>J\u00e1 em salas com p\u00e9-direito alto, o destaque pode ser uma escada centralizada, valorizada por um lustre impactante. O importante \u00e9 adequar o projeto ao tamanho e estilo do seu lar.<\/p>\n<img decoding=\"async\" src=\"https:\/\/www.aarquiteta.com.br\/blog\/wp-content\/uploads\/2026\/03\/Inspire-sua-sala-com-escadas-elegantes-que-transformam-o-ambiente-03.jpg\" alt=\"Inspire sua sala com escadas elegantes que transformam o ambiente\" width=\"1024\" height=\"1024\" title=\"\"> Inspire sua sala com escadas elegantes que transformam o ambiente\/caption]\n<h3>Como escolher a escada perfeita para sua decora\u00e7\u00e3o<\/h3>\n<p>Pense no estilo da sua sala e no que voc\u00ea quer transmitir. Quer um ambiente <b>moderno<\/b>? Opte por materials como metal e vidro. Prefere algo mais <b>aconchegante<\/b>? A madeira \u00e9 imbat\u00edvel.<\/p>\n<p>Al\u00e9m disso, iluminar bem a escada com LEDs ou luz natural ajuda a tornar o espa\u00e7o mais acolhedor e visualmente agrad\u00e1vel.<\/p>\n<h3>Dicas para combinar a escada com sua sala<\/h3>\n<ul>\n<li>Use cores que harmonizem ou contrastem suavemente;<\/li>\n<li>Inclua objetos decorativos que dialoguem com o estilo da escada;<\/li>\n<li>Valorize o p\u00e9-direito com pendentes e lumin\u00e1rias;<\/li>\n<li>Aproveite o espa\u00e7o embaixo para m\u00f3veis pr\u00e1ticos ou decora\u00e7\u00e3o;<\/li>\n<li>Mantenha as linhas e formas da escada alinhadas com os demais m\u00f3veis.<\/li>\n<\/ul>\n<h3>Inspire-se e transforme sua sala com escadas incr\u00edveis<\/h3>\n<p>Agora que voc\u00ea sabe como a escada pode <b>elevar o visual da sua sala<\/b>, que tal come\u00e7ar a planejar a sua? <b>Experimente diferentes estilos, materiais e cores<\/b> para encontrar a combina\u00e7\u00e3o que mais combina com voc\u00ea.<\/p>\n<p>Quer deixar sua sala mais elegante e funcional? Conta aqui nos coment\u00e1rios qual modelo te encantou ou compartilhe suas ideias!<\/p>\n<p>Para continuar inspirado, confira tamb\u00e9m nossos conte\u00fados sobre <a href=\"#\">decora\u00e7\u00e3o de salas pequenas<\/a>, <a href=\"#\">ilumina\u00e7\u00e3o para ambientes<\/a> e <a href=\"#\">mob\u00edlias modernas para sala<\/a>.<\/p>\n<img decoding=\"async\" src=\"https:\/\/www.aarquiteta.com.br\/blog\/wp-content\/uploads\/2026\/03\/Inspire-sua-sala-com-escadas-elegantes-que-transformam-o-ambiente-04.jpg\" alt=\"Inspire sua sala com escadas elegantes que transformam o ambiente\" width=\"1024\" height=\"1024\" title=\"\"> Inspire sua sala com escadas elegantes que transformam o ambiente\/caption]\n","protected":false},"excerpt":{"rendered":"<p>Quer transformar sua sala com escadas elegantes e cheias de charme? Vou te mostrar ideias que unem funcionalidade e beleza para criar um ambiente \u00fanico. Por que a escada pode ser o destaque da sua sala Voc\u00ea j\u00e1 reparou como uma escada bem escolhida pode virar o protagonista do ambiente? Muitas vezes, ela n\u00e3o \u00e9 [&hellip;]<\/p>\n","protected":false},"author":20,"featured_media":156993,"comment_status":"open","ping_status":"","sticky":false,"template":"","format":"standard","meta":{"footnotes":""},"categories":[],"tags":[],"class_list":["post-156994","post","type-post","status-publish","format-standard","has-post-thumbnail"],"_wp_attached_file":null,"_wp_attachment_metadata":null,"_wp_attachment_context":null,"_wp_attachment_is_custom_header":null,"geo_longitude":null,"geo_public":null,"geo_latitude":null,"_publicize_done_external":null,"_wpas_done_3897181":null,"publicize_twitter_user":null,"_wpas_done_3897175":null,"_wpas_skip_3897181":null,"_wpas_skip_3897175":null,"_wpas_skip_3924723":null,"_wpas_mess":null,"_wpas_done_3924723":null,"wps_subtitle":"","_links":{"self":[{"href":"https:\/\/www.aarquiteta.com.br\/blog\/wp-json\/wp\/v2\/posts\/156994","targetHints":{"allow":["GET"]}}],"collection":[{"href":"https:\/\/www.aarquiteta.com.br\/blog\/wp-json\/wp\/v2\/posts"}],"about":[{"href":"https:\/\/www.aarquiteta.com.br\/blog\/wp-json\/wp\/v2\/types\/post"}],"author":[{"embeddable":true,"href":"https:\/\/www.aarquiteta.com.br\/blog\/wp-json\/wp\/v2\/users\/20"}],"replies":[{"embeddable":true,"href":"https:\/\/www.aarquiteta.com.br\/blog\/wp-json\/wp\/v2\/comments?post=156994"}],"version-history":[{"count":0,"href":"https:\/\/www.aarquiteta.com.br\/blog\/wp-json\/wp\/v2\/posts\/156994\/revisions"}],"wp:featuredmedia":[{"embeddable":true,"href":"https:\/\/www.aarquiteta.com.br\/blog\/wp-json\/wp\/v2\/media\/156993"}],"wp:attachment":[{"href":"https:\/\/www.aarquiteta.com.br\/blog\/wp-json\/wp\/v2\/media?parent=156994"}],"wp:term":[{"taxonomy":"category","embeddable":true,"href":"https:\/\/www.aarquiteta.com.br\/blog\/wp-json\/wp\/v2\/categories?post=156994"},{"taxonomy":"post_tag","embeddable":true,"href":"https:\/\/www.aarquiteta.com.br\/blog\/wp-json\/wp\/v2\/tags?post=156994"}],"curies":[{"name":"wp","href":"https:\/\/api.w.org\/{rel}","templated":true}]}}