{"id":156989,"date":"2026-03-12T01:03:17","date_gmt":"2026-03-12T04:03:17","guid":{"rendered":"https:\/\/www.aarquiteta.com.br\/blog\/tons-de-amarelo\/"},"modified":"2026-03-12T01:03:17","modified_gmt":"2026-03-12T04:03:17","slug":"tons-de-amarelo","status":"publish","type":"post","link":"https:\/\/www.aarquiteta.com.br\/blog\/tons-de-amarelo\/","title":{"rendered":"Como usar tons de amarelo para transformar a decora\u00e7\u00e3o e trazer mais vida aos ambientes"},"content":{"rendered":"<p><b>Descubra como usar tons de amarelo para dar vida, luz e alegria \u00e0 sua decora\u00e7\u00e3o com dicas simples e pr\u00e1ticas.<\/b><\/p>\n<h3>Como o amarelo transforma a decora\u00e7\u00e3o do ambiente<\/h3>\n<p>Voc\u00ea j\u00e1 percebeu que o amarelo \u00e9 como um raio de sol dentro de casa? <b>Essa cor transmite alegria, calor e otimismo em qualquer espa\u00e7o.<\/b><\/p>\n<p>Ela consegue deixar o ambiente mais leve e vibrante, trazendo uma sensa\u00e7\u00e3o aconchegante e descontra\u00edda. <b>\u00c9 perfeita para renovar a energia e destacar detalhes.<\/b><\/p>\n<p>Seja na sala, cozinha ou quarto, usar amarelo \u00e9 como pintar sentimentos bons dentro da sua casa.<\/p>\n<h3>Cuidados para usar tons de amarelo sem pesar na decora\u00e7\u00e3o<\/h3>\n<p>Mas aten\u00e7\u00e3o: <b>usar amarelo demais pode cansar o olhar e tirar o foco do ambiente.<\/b> \u00c9 importante dosar a intensidade com equil\u00edbrio.<\/p>\n<p>Uma dica pr\u00e1tica \u00e9 apostar em detalhes menores, como almofadas, vasos ou lumin\u00e1rias, em vez de pintar paredes inteiras. <b>Assim voc\u00ea garante pontos de luz sem exageros.<\/b><\/p>\n<p>Tamb\u00e9m vale a pena combinar o amarelo com cores neutras para n\u00e3o perder a harmonia do espa\u00e7o.<\/p>\n<img decoding=\"async\" src=\"https:\/\/www.aarquiteta.com.br\/blog\/wp-content\/uploads\/2026\/03\/Como-usar-tons-de-amarelo-para-transformar-a-decorayyo-e-trazer-mais-vida-aos-ambientes-01.jpg\" alt=\"Como usar tons de amarelo para transformar a decora\u00e7\u00e3o e trazer mais vida aos ambientes\" width=\"1024\" height=\"1024\" title=\"\"> Como usar tons de amarelo para transformar a decora\u00e7\u00e3o e trazer mais vida aos ambientes\/caption]\n<h3>Combina\u00e7\u00f5es perfeitas: amarelo com outras cores vibrantes<\/h3>\n<p>Quer ousar? <b>O amarelo se d\u00e1 super bem com o azul, verde e at\u00e9 com o roxo.<\/b> Essas combina\u00e7\u00f5es criam contrastes lindos e trazem vida ao d\u00e9cor.<\/p>\n<p>Por exemplo, no m\u00f3vel ou em objetos decorativos, o duo amarelo e azul transmite alegria e serenidade ao mesmo tempo. <b>Um verdadeiro convite para relaxar e aproveitar.<\/b><\/p>\n<p>Experimente tamb\u00e9m pequenos toques de verde para conectar com a natureza e equilibrar a atmosfera.<\/p>\n<h3>Uso de m\u00f3veis e objetos amarelos para destacar espa\u00e7os<\/h3>\n<p>Seja uma poltrona vibrante, cadeira ou estante, <b>m\u00f3veis amarelos se tornam protagonistas na decora\u00e7\u00e3o.<\/b> Eles iluminam o espa\u00e7o e promovem sensa\u00e7\u00e3o de conforto e modernidade.<\/p>\n<p>Itens pequenos, como lumin\u00e1rias, quadros e vasos, tamb\u00e9m s\u00e3o excelentes para criar pontos de interesse visual, <b>dando aquele toque especial sem pesar.<\/b><\/p>\n<p>Assim, cada ambiente ganha uma personalidade \u00fanica e convidativa.<\/p>\n<img decoding=\"async\" src=\"https:\/\/www.aarquiteta.com.br\/blog\/wp-content\/uploads\/2026\/03\/Como-usar-tons-de-amarelo-para-transformar-a-decorayyo-e-trazer-mais-vida-aos-ambientes-02.jpg\" alt=\"Como usar tons de amarelo para transformar a decora\u00e7\u00e3o e trazer mais vida aos ambientes\" width=\"1024\" height=\"1024\" title=\"\"> Como usar tons de amarelo para transformar a decora\u00e7\u00e3o e trazer mais vida aos ambientes\/caption]\n<h3>Dicas para escolher o tom de amarelo ideal para cada c\u00f4modo<\/h3>\n<p>Nem todo amarelo \u00e9 igual! <b>Para quartos e banheiros, o ideal s\u00e3o tons mais suaves e pastel,<\/b> que deixam o ambiente tranquilo e acolhedor.<\/p>\n<p>J\u00e1 para \u00e1reas de conviv\u00eancia e estudo, tons mais vibrantes funcionam melhor, pois estimulam a concentra\u00e7\u00e3o e a criatividade. <b>Mas \u00e9 bom evitar exageros para n\u00e3o dispersar a aten\u00e7\u00e3o.<\/b><\/p>\n<p>Cozinhas e salas ganham vida com amarelos m\u00e9dios e quentes, que combinam com madeira e cores s\u00f3brias.<\/p>\n<h3>Ilumina\u00e7\u00e3o natural e artificial potencializadas pelo amarelo<\/h3>\n<p>Um segredo pouco comentado \u00e9 que <b>o amarelo ajuda a refletir e intensificar a luz no ambiente.<\/b> Por isso, ele \u00e9 \u00f3timo para espa\u00e7os mais escuros ou com pouca ilumina\u00e7\u00e3o natural.<\/p>\n<p>Lumin\u00e1rias, pendentes ou at\u00e9 paredes amarelas fazem o ambiente parecer mais claro e acolhedor. <b>Seu espa\u00e7o vai ganhar aquela ilumina\u00e7\u00e3o especial sem precisar de grandes reformas.<\/b><\/p>\n<img decoding=\"async\" src=\"https:\/\/www.aarquiteta.com.br\/blog\/wp-content\/uploads\/2026\/03\/Como-usar-tons-de-amarelo-para-transformar-a-decorayyo-e-trazer-mais-vida-aos-ambientes-03.jpg\" alt=\"Como usar tons de amarelo para transformar a decora\u00e7\u00e3o e trazer mais vida aos ambientes\" width=\"1024\" height=\"1024\" title=\"\"> Como usar tons de amarelo para transformar a decora\u00e7\u00e3o e trazer mais vida aos ambientes\/caption]\n<h3>Aplica\u00e7\u00f5es decorativas do amarelo em quartos, cozinhas e banheiros<\/h3>\n<p>Nos quartos, almofadas, mantas ou uma cabeceira amarela trazem alegria de forma delicada. <b>Nos banheiros, pastilhas ou toalhas amarelas deixam o espa\u00e7o moderno e descontra\u00eddo.<\/b><\/p>\n<p>J\u00e1 na cozinha, aposte em utens\u00edlios, cadeiras ou nichos amarelos para criar um visual jovem e cheio de estilo. <b>O amarelo muda tudo, trazendo energia e um toque de personalidade.<\/b><\/p>\n<h3>Como equilibrar o amarelo com tons neutros sem perder a alegria<\/h3>\n<p>Para n\u00e3o errar na m\u00e3o, combine o amarelo com tons neutros como branco, cinza e bege. <b>Essas cores criam uma base suave e confort\u00e1vel, que equilibra o amarelo vibrante.<\/b><\/p>\n<p>Assim, a decora\u00e7\u00e3o fica moderna, elegante e ao mesmo tempo cheia de vida. <b>\u00c9 o equil\u00edbrio perfeito entre o impacto visual e o conforto para o dia a dia.<\/b><\/p>\n<table border=\"1\" cellpadding=\"8\" cellspacing=\"0\" style=\"border-collapse: collapse; margin-top: 20px; width: 100%;\">\n<tr style=\"background-color:#FFEB3B; font-weight:bold;\">\n<td>Tons de Amarelo<\/td>\n<td>Ambiente Ideal<\/td>\n<td>Dica de Uso<\/td>\n<td>Cores que Combinam<\/td>\n<\/tr>\n<tr>\n<td>Amarelo Vibrante<\/td>\n<td>Sala, Escrit\u00f3rio, Cozinha<\/td>\n<td>Use em m\u00f3veis e objetos decorativos<\/td>\n<td>Azul, Preto, Verde<\/td>\n<\/tr>\n<tr>\n<td>Amarelo Pastel<\/td>\n<td>Quartos, Banheiros, Varandas<\/td>\n<td>Em paredes, cabeceiras e tecidos<\/td>\n<td>Branco, Cinza, Bege<\/td>\n<\/tr>\n<tr>\n<td>Amarelo Mostarda<\/td>\n<td>Salas e \u00c1reas de Conv\u00edvio<\/td>\n<td>Em poltronas, almofadas e detalhes<\/td>\n<td>Madeira, Azul Escuro, Preto<\/td>\n<\/tr>\n<tr>\n<td>Amarelo Claro<\/td>\n<td>Espa\u00e7os pequenos e pouco iluminados<\/td>\n<td>Em detalhes e revestimentos para ampliar<\/td>\n<td>Cores Neutras e Madeira<\/td>\n<\/tr>\n<\/table>\n<p><b>O amarelo \u00e9 uma cor que desperta sensa\u00e7\u00f5es positivas e devolve o calor para qualquer ambiente.<\/b> Usando as dicas de forma estrat\u00e9gica, seu lar ganha vida, leveza e at\u00e9 um toque de ousadia. Quer transformar sua decora\u00e7\u00e3o com tons amarelos? Agora \u00e9 o momento de colocar essas ideias em pr\u00e1tica!<\/p>\n<p><b>Gostou das dicas? Compartilhe sua experi\u00eancia ou deixe aqui nos coment\u00e1rios como voc\u00ea usa o amarelo na sua casa. E se quiser mais ideias de decora\u00e7\u00e3o, n\u00e3o pare por aqui \u2014 temos v\u00e1rias inspira\u00e7\u00f5es para voc\u00ea!<\/b><\/p>\n<img decoding=\"async\" src=\"https:\/\/www.aarquiteta.com.br\/blog\/wp-content\/uploads\/2026\/03\/Como-usar-tons-de-amarelo-para-transformar-a-decorayyo-e-trazer-mais-vida-aos-ambientes-04.jpg\" alt=\"Como usar tons de amarelo para transformar a decora\u00e7\u00e3o e trazer mais vida aos ambientes\" width=\"1024\" height=\"1024\" title=\"\"> Como usar tons de amarelo para transformar a decora\u00e7\u00e3o e trazer mais vida aos ambientes\/caption]\n","protected":false},"excerpt":{"rendered":"<p>Descubra como usar tons de amarelo para dar vida, luz e alegria \u00e0 sua decora\u00e7\u00e3o com dicas simples e pr\u00e1ticas. Como o amarelo transforma a decora\u00e7\u00e3o do ambiente Voc\u00ea j\u00e1 percebeu que o amarelo \u00e9 como um raio de sol dentro de casa? Essa cor transmite alegria, calor e otimismo em qualquer espa\u00e7o. Ela consegue [&hellip;]<\/p>\n","protected":false},"author":20,"featured_media":156988,"comment_status":"open","ping_status":"","sticky":false,"template":"","format":"standard","meta":{"footnotes":""},"categories":[],"tags":[],"class_list":["post-156989","post","type-post","status-publish","format-standard","has-post-thumbnail"],"_wp_attached_file":null,"_wp_attachment_metadata":null,"_wp_attachment_context":null,"_wp_attachment_is_custom_header":null,"geo_longitude":null,"geo_public":null,"geo_latitude":null,"_publicize_done_external":null,"_wpas_done_3897181":null,"publicize_twitter_user":null,"_wpas_done_3897175":null,"_wpas_skip_3897181":null,"_wpas_skip_3897175":null,"_wpas_skip_3924723":null,"_wpas_mess":null,"_wpas_done_3924723":null,"wps_subtitle":"","_links":{"self":[{"href":"https:\/\/www.aarquiteta.com.br\/blog\/wp-json\/wp\/v2\/posts\/156989","targetHints":{"allow":["GET"]}}],"collection":[{"href":"https:\/\/www.aarquiteta.com.br\/blog\/wp-json\/wp\/v2\/posts"}],"about":[{"href":"https:\/\/www.aarquiteta.com.br\/blog\/wp-json\/wp\/v2\/types\/post"}],"author":[{"embeddable":true,"href":"https:\/\/www.aarquiteta.com.br\/blog\/wp-json\/wp\/v2\/users\/20"}],"replies":[{"embeddable":true,"href":"https:\/\/www.aarquiteta.com.br\/blog\/wp-json\/wp\/v2\/comments?post=156989"}],"version-history":[{"count":0,"href":"https:\/\/www.aarquiteta.com.br\/blog\/wp-json\/wp\/v2\/posts\/156989\/revisions"}],"wp:featuredmedia":[{"embeddable":true,"href":"https:\/\/www.aarquiteta.com.br\/blog\/wp-json\/wp\/v2\/media\/156988"}],"wp:attachment":[{"href":"https:\/\/www.aarquiteta.com.br\/blog\/wp-json\/wp\/v2\/media?parent=156989"}],"wp:term":[{"taxonomy":"category","embeddable":true,"href":"https:\/\/www.aarquiteta.com.br\/blog\/wp-json\/wp\/v2\/categories?post=156989"},{"taxonomy":"post_tag","embeddable":true,"href":"https:\/\/www.aarquiteta.com.br\/blog\/wp-json\/wp\/v2\/tags?post=156989"}],"curies":[{"name":"wp","href":"https:\/\/api.w.org\/{rel}","templated":true}]}}