{"id":156979,"date":"2026-03-11T09:03:00","date_gmt":"2026-03-11T12:03:00","guid":{"rendered":"https:\/\/www.aarquiteta.com.br\/blog\/pedra-miracema-3\/"},"modified":"2026-03-11T09:03:00","modified_gmt":"2026-03-11T12:03:00","slug":"pedra-miracema-3","status":"publish","type":"post","link":"https:\/\/www.aarquiteta.com.br\/blog\/pedra-miracema-3\/","title":{"rendered":"Pedra Miracema: tudo sobre cores, usos e vantagens desse revestimento vers\u00e1til"},"content":{"rendered":"<p><b>Pedra Miracema \u00e9 um revestimento resistente, vers\u00e1til e com v\u00e1rias cores que transformam ambientes internos e externos com charme e estilo.<\/b><\/p>\n<h3>O que \u00e9 a Pedra Miracema e por que ela \u00e9 t\u00e3o popular?<\/h3>\n<p>Voc\u00ea j\u00e1 reparou como um simples piso pode dar cara nova \u00e0 sua casa? <b>A pedra miracema \u00e9 uma \u00f3tima op\u00e7\u00e3o para quem quer isso.<\/b><\/p>\n<p>Ela \u00e9 resistente, muito usada em cal\u00e7adas, mas est\u00e1 invadindo a decora\u00e7\u00e3o interna das casas, dando um toque r\u00fastico e moderno.<\/p>\n<p>Al\u00e9m disso, a pedra agradou profissionais e moradores pela variedade de cores e formas de aplica\u00e7\u00e3o. <b>Quer saber mais? Vem comigo!<\/b><\/p>\n<img decoding=\"async\" src=\"https:\/\/www.aarquiteta.com.br\/blog\/wp-content\/uploads\/2026\/03\/Pedra-Miracema-tudo-sobre-cores-usos-e-vantagens-desse-revestimento-versytil-01.jpg\" alt=\"Pedra Miracema: tudo sobre cores, usos e vantagens desse revestimento vers\u00e1til\" width=\"1024\" height=\"1024\" title=\"\"> Pedra Miracema: tudo sobre cores, usos e vantagens desse revestimento vers\u00e1til\/caption]\n<h3>Cores dispon\u00edveis da Pedra Miracema para inspirar seu projeto<\/h3>\n<p>O que mais chama aten\u00e7\u00e3o na pedra miracema s\u00e3o suas <b>cores variadas, que v\u00e3o muito al\u00e9m do cinza tradicional.<\/b><\/p>\n<p>Tem pedra cinza, que \u00e9 a mais comum, ideal para \u00e1reas de alto tr\u00e2nsito por esconder a sujeira. <b>Um curinga na decora\u00e7\u00e3o.<\/b><\/p>\n<p>Outra op\u00e7\u00e3o \u00e9 a pedra branca, com um tom gelo, \u00f3tima para mosaicos ou detalhes em paredes, mas menos indicada para \u00e1reas muito movimentadas.<\/p>\n<p>A pedra rosa tamb\u00e9m aparece com tonalidades \u00fanicas, perfeita para ambientes internos que pedem um charme especial.<\/p>\n<p>E o amarelo, que \u00e9 bem uniforme, traz aquela sensa\u00e7\u00e3o acolhedora, muito usada em \u00e1reas externas, como paredes de piscina.<\/p>\n<img decoding=\"async\" src=\"https:\/\/www.aarquiteta.com.br\/blog\/wp-content\/uploads\/2026\/03\/Pedra-Miracema-tudo-sobre-cores-usos-e-vantagens-desse-revestimento-versytil-02.jpg\" alt=\"Pedra Miracema: tudo sobre cores, usos e vantagens desse revestimento vers\u00e1til\" width=\"1024\" height=\"1024\" title=\"\"> Pedra Miracema: tudo sobre cores, usos e vantagens desse revestimento vers\u00e1til\/caption]\n<h3>Tabela comparativa das cores e indica\u00e7\u00f5es da Pedra Miracema<\/h3>\n<table border=\"1\" cellpadding=\"8\" cellspacing=\"0\" style=\"border-collapse: collapse; width: 100%;\">\n<tr style=\"background-color: #f2f2f2;\">\n<th>Cor<\/th>\n<th>Principais Usos<\/th>\n<th>Vantagens<\/th>\n<th>Recomenda\u00e7\u00f5es<\/th>\n<\/tr>\n<tr>\n<td><b>Cinza<\/b><\/td>\n<td>Cal\u00e7adas, degraus, \u00e1reas externas<\/td>\n<td>M\u00e1scara sujeira, vers\u00e1til, neutro<\/td>\n<td>\u00d3tima para alto tr\u00e1fego<\/td>\n<\/tr>\n<tr>\n<td><b>Branca<\/b><\/td>\n<td>Mosaicos, paredes decorativas<\/td>\n<td>Visual clean, r\u00fastico<\/td>\n<td>Evitar \u00e1reas muito usadas<\/td>\n<\/tr>\n<tr>\n<td><b>Rosa<\/b><\/td>\n<td>Ambientes internos, detalhes<\/td>\n<td>Est\u00e9tica diferenciada, charmosa<\/td>\n<td>Combinar com pedras neutras<\/td>\n<\/tr>\n<tr>\n<td><b>Amarela<\/b><\/td>\n<td>Paredes externas, \u00e1reas piscina<\/td>\n<td>Uniformidade, acolhedora<\/td>\n<td>Indicada para regi\u00f5es externas<\/td>\n<\/tr>\n<\/table>\n<img decoding=\"async\" src=\"https:\/\/www.aarquiteta.com.br\/blog\/wp-content\/uploads\/2026\/03\/Pedra-Miracema-tudo-sobre-cores-usos-e-vantagens-desse-revestimento-versytil-03.jpg\" alt=\"Pedra Miracema: tudo sobre cores, usos e vantagens desse revestimento vers\u00e1til\" width=\"1024\" height=\"1024\" title=\"\"> Pedra Miracema: tudo sobre cores, usos e vantagens desse revestimento vers\u00e1til\/caption]\n<h3>5 vantagens da Pedra Miracema que voc\u00ea precisa conhecer<\/h3>\n<ul>\n<li><b>Resist\u00eancia e durabilidade:<\/b> Suporta bem o tempo e o uso constante.<\/li>\n<li><b>Variedade de cores:<\/b> F\u00e1cil de combinar com diferentes estilos.<\/li>\n<li><b>Est\u00e9tica r\u00fastica e moderna:<\/b> Combina com ambientes internos e ao ar livre.<\/li>\n<li><b>Aplica\u00e7\u00e3o vers\u00e1til:<\/b> Pode virar piso, parede, escada ou detalhe decorativo.<\/li>\n<li><b>Custo acess\u00edvel:<\/b> Tem pre\u00e7os a partir de R$ 15 o m\u00b2.<\/li>\n<\/ul>\n<img decoding=\"async\" src=\"https:\/\/www.aarquiteta.com.br\/blog\/wp-content\/uploads\/2026\/03\/Pedra-Miracema-tudo-sobre-cores-usos-e-vantagens-desse-revestimento-versytil-04.jpg\" alt=\"Pedra Miracema: tudo sobre cores, usos e vantagens desse revestimento vers\u00e1til\" width=\"1024\" height=\"1024\" title=\"\"> Pedra Miracema: tudo sobre cores, usos e vantagens desse revestimento vers\u00e1til\/caption]\n","protected":false},"excerpt":{"rendered":"<p>Pedra Miracema \u00e9 um revestimento resistente, vers\u00e1til e com v\u00e1rias cores que transformam ambientes internos e externos com charme e estilo. O que \u00e9 a Pedra Miracema e por que ela \u00e9 t\u00e3o popular? Voc\u00ea j\u00e1 reparou como um simples piso pode dar cara nova \u00e0 sua casa? A pedra miracema \u00e9 uma \u00f3tima op\u00e7\u00e3o [&hellip;]<\/p>\n","protected":false},"author":20,"featured_media":156978,"comment_status":"open","ping_status":"","sticky":false,"template":"","format":"standard","meta":{"footnotes":""},"categories":[],"tags":[],"class_list":["post-156979","post","type-post","status-publish","format-standard","has-post-thumbnail"],"_wp_attached_file":null,"_wp_attachment_metadata":null,"_wp_attachment_context":null,"_wp_attachment_is_custom_header":null,"geo_longitude":null,"geo_public":null,"geo_latitude":null,"_publicize_done_external":null,"_wpas_done_3897181":null,"publicize_twitter_user":null,"_wpas_done_3897175":null,"_wpas_skip_3897181":null,"_wpas_skip_3897175":null,"_wpas_skip_3924723":null,"_wpas_mess":null,"_wpas_done_3924723":null,"wps_subtitle":"","_links":{"self":[{"href":"https:\/\/www.aarquiteta.com.br\/blog\/wp-json\/wp\/v2\/posts\/156979","targetHints":{"allow":["GET"]}}],"collection":[{"href":"https:\/\/www.aarquiteta.com.br\/blog\/wp-json\/wp\/v2\/posts"}],"about":[{"href":"https:\/\/www.aarquiteta.com.br\/blog\/wp-json\/wp\/v2\/types\/post"}],"author":[{"embeddable":true,"href":"https:\/\/www.aarquiteta.com.br\/blog\/wp-json\/wp\/v2\/users\/20"}],"replies":[{"embeddable":true,"href":"https:\/\/www.aarquiteta.com.br\/blog\/wp-json\/wp\/v2\/comments?post=156979"}],"version-history":[{"count":0,"href":"https:\/\/www.aarquiteta.com.br\/blog\/wp-json\/wp\/v2\/posts\/156979\/revisions"}],"wp:featuredmedia":[{"embeddable":true,"href":"https:\/\/www.aarquiteta.com.br\/blog\/wp-json\/wp\/v2\/media\/156978"}],"wp:attachment":[{"href":"https:\/\/www.aarquiteta.com.br\/blog\/wp-json\/wp\/v2\/media?parent=156979"}],"wp:term":[{"taxonomy":"category","embeddable":true,"href":"https:\/\/www.aarquiteta.com.br\/blog\/wp-json\/wp\/v2\/categories?post=156979"},{"taxonomy":"post_tag","embeddable":true,"href":"https:\/\/www.aarquiteta.com.br\/blog\/wp-json\/wp\/v2\/tags?post=156979"}],"curies":[{"name":"wp","href":"https:\/\/api.w.org\/{rel}","templated":true}]}}