{"id":156974,"date":"2026-03-11T01:03:08","date_gmt":"2026-03-11T04:03:08","guid":{"rendered":"https:\/\/www.aarquiteta.com.br\/blog\/cama-com-dossel-3\/"},"modified":"2026-03-11T01:03:08","modified_gmt":"2026-03-11T04:03:08","slug":"cama-com-dossel-3","status":"publish","type":"post","link":"https:\/\/www.aarquiteta.com.br\/blog\/cama-com-dossel-3\/","title":{"rendered":"Cama com dossel: eleg\u00e2ncia e charme para transformar seu quarto"},"content":{"rendered":"<p><b>A cama com dossel traz um toque \u00fanico de eleg\u00e2ncia e charme, transformando qualquer quarto em um ambiente sofisticado e aconchegante.<\/b><\/p>\n<h3>O que \u00e9 cama com dossel e sua origem<\/h3>\n<p>Voc\u00ea j\u00e1 reparou como a cama com dossel parece sa\u00edda de um castelo? Essa pe\u00e7a <b>tem origem na Idade M\u00e9dia<\/b>, quando as estruturas cercadas por tecidos protegiam contra insetos e davam privacidade.<\/p>\n<p>Hoje, ela <b>vai al\u00e9m da fun\u00e7\u00e3o pr\u00e1tica<\/b> e se tornou um cl\u00e1ssico da decora\u00e7\u00e3o, capaz de levar requinte e personalidade para quartos de todas as idades.<\/p>\n<img decoding=\"async\" src=\"https:\/\/www.aarquiteta.com.br\/blog\/wp-content\/uploads\/2026\/03\/Cama-com-dossel-elegyncia-e-charme-para-transformar-seu-quarto-01.jpg\" alt=\"Cama com dossel: eleg\u00e2ncia e charme para transformar seu quarto\" width=\"1024\" height=\"1024\" title=\"\"> Cama com dossel: eleg\u00e2ncia e charme para transformar seu quarto\/caption]\n<h3>Para que serve o dossel na decora\u00e7\u00e3o contempor\u00e2nea<\/h3>\n<p>Al\u00e9m do charme, o dossel cria uma sensa\u00e7\u00e3o de aconchego e privacidade, <b>deixando o quarto com um ar sofisticado<\/b> e at\u00e9 rom\u00e2ntico.<\/p>\n<p>Ele tamb\u00e9m pode funcionar como um elemento de prote\u00e7\u00e3o contra mosquitos, especialmente em quartos de beb\u00eas. Mas hoje, o foco \u00e9 bastante decorativo.<\/p>\n<h3>Principais tipos de cama com dossel<\/h3>\n<ul>\n<li><b>Com tecido:<\/b> o mais tradicional, onde o tecido envolve toda a estrutura, criando um ambiente intimista e elegante.<\/li>\n<li><b>Sem tecido:<\/b> uma vers\u00e3o moderna, com arma\u00e7\u00e3o simples, que valoriza o design e a sensa\u00e7\u00e3o de amplitude no quarto.<\/li>\n<li><b>Dossel de parede:<\/b> fixado na parede, ideal para ber\u00e7os ou camas pequenas, trazendo um toque delicado.<\/li>\n<li><b>Dossel de teto:<\/b> tecido suspenso no teto, ampliando a cobertura e o charme da cama.<\/li>\n<\/ul>\n<img decoding=\"async\" src=\"https:\/\/www.aarquiteta.com.br\/blog\/wp-content\/uploads\/2026\/03\/Cama-com-dossel-elegyncia-e-charme-para-transformar-seu-quarto-02.jpg\" alt=\"Cama com dossel: eleg\u00e2ncia e charme para transformar seu quarto\" width=\"1024\" height=\"1024\" title=\"\"> Cama com dossel: eleg\u00e2ncia e charme para transformar seu quarto\/caption]\n<h3>Varia\u00e7\u00f5es que combinam com todos os estilos de quarto<\/h3>\n<p>Seja para crian\u00e7as, adolescentes ou adultos, a cama com dossel \u00e9 vers\u00e1til e combina com diferentes propostas.<\/p>\n<p><b>Em quarto infantil,<\/b> ela cria um ambiente de conto de fadas. Em quartos adultos, adiciona sofistica\u00e7\u00e3o sem exageros.<\/p>\n<h3>Comparativo: estrutura met\u00e1lica x estrutura de madeira<\/h3>\n<table border=\"1\" cellpadding=\"5\" cellspacing=\"0\">\n<tr>\n<th>Caracter\u00edsticas<\/th>\n<th>Estrutura Met\u00e1lica<\/th>\n<th>Estrutura de Madeira<\/th>\n<\/tr>\n<tr>\n<td>Estilo<\/td>\n<td>Moderno e industrial<\/td>\n<td>Cl\u00e1ssico e r\u00fastico<\/td>\n<\/tr>\n<tr>\n<td>Durabilidade<\/td>\n<td>Alta resist\u00eancia e leveza<\/td>\n<td>Robusta, por\u00e9m pode requerer manuten\u00e7\u00e3o<\/td>\n<\/tr>\n<tr>\n<td>Pre\u00e7o<\/td>\n<td>Geralmente mais acess\u00edvel<\/td>\n<td>Pode ser mais caro, dependendo do acabamento<\/td>\n<\/tr>\n<tr>\n<td>Combina\u00e7\u00e3o<\/td>\n<td>Com decora\u00e7\u00f5es modernas e minimalistas<\/td>\n<td>Com decora\u00e7\u00f5es cl\u00e1ssicas e aconchegantes<\/td>\n<\/tr>\n<\/table>\n<img decoding=\"async\" src=\"https:\/\/www.aarquiteta.com.br\/blog\/wp-content\/uploads\/2026\/03\/Cama-com-dossel-elegyncia-e-charme-para-transformar-seu-quarto-03.jpg\" alt=\"Cama com dossel: eleg\u00e2ncia e charme para transformar seu quarto\" width=\"1024\" height=\"1024\" title=\"\"> Cama com dossel: eleg\u00e2ncia e charme para transformar seu quarto\/caption]\n<h3>Dicas para decorar com cama com dossel<\/h3>\n<ul>\n<li><b>Capriche nas roupas de cama:<\/b> tecidos suaves e bem escolhidos complementam o charme.<\/li>\n<li><b>Use ilumina\u00e7\u00e3o indireta:<\/b> luzes delicadas d\u00e3o toque aconchegante e real\u00e7am a estrutura.<\/li>\n<li><b>Combine com m\u00f3veis simples:<\/b> para evitar exageros e destacar o dossel como protagonista.<\/li>\n<li><b>Invista em cores:<\/b> tons neutros criam eleg\u00e2ncia; cores vibrantes trazem a personalidade para o quarto.<\/li>\n<\/ul>\n<h3>Como fazer uma cama com dossel econ\u00f4mica em casa<\/h3>\n<p>Quer um toque de realeza sem gastar muito? Veja uma ideia: <b>use cabides e tecidos de voal para criar seu pr\u00f3prio dossel<\/b> de forma r\u00e1pida e barata. Complemente com pisca-pisca para um visual encantador.<\/p>\n<h3>Onde encontrar cama com dossel para comprar<\/h3>\n<p>Depois de se apaixonar por essa pe\u00e7a charmosa, \u00e9 hora de escolher a sua. <b>Procure lojas online e m\u00f3veis sob medida<\/b> que ofere\u00e7am diferentes estilos, materiais e pre\u00e7os que cabem no seu bolso.<\/p>\n<p>Al\u00e9m disso, a cama com dossel \u00e9 uma excelente aposta para quem quer transformar o quarto sem complica\u00e7\u00e3o. <b>Aposte nela e surpreenda-se com o resultado!<\/b><\/p>\n<p>Gostou dessas dicas? <b>Compartilhe sua experi\u00eancia ou d\u00favidas nos coment\u00e1rios<\/b> e continue explorando outras ideias incr\u00edveis para decorar seu quarto com estilo!<\/p>\n<h3>Conte\u00fados relacionados para voc\u00ea:<\/h3>\n<ul>\n<li><a href=\"#\">Como escolher a cabeceira ideal para sua cama<\/a><\/li>\n<li><a href=\"#\">70 modelos de lustres para deixar seu quarto sofisticado<\/a><\/li>\n<li><a href=\"#\">Dicas para combinar cores em decora\u00e7\u00e3o de quarto<\/a><\/li>\n<\/ul>\n<img decoding=\"async\" src=\"https:\/\/www.aarquiteta.com.br\/blog\/wp-content\/uploads\/2026\/03\/Cama-com-dossel-elegyncia-e-charme-para-transformar-seu-quarto-04.jpg\" alt=\"Cama com dossel: eleg\u00e2ncia e charme para transformar seu quarto\" width=\"1024\" height=\"1024\" title=\"\"> Cama com dossel: eleg\u00e2ncia e charme para transformar seu quarto\/caption]\n","protected":false},"excerpt":{"rendered":"<p>A cama com dossel traz um toque \u00fanico de eleg\u00e2ncia e charme, transformando qualquer quarto em um ambiente sofisticado e aconchegante. O que \u00e9 cama com dossel e sua origem Voc\u00ea j\u00e1 reparou como a cama com dossel parece sa\u00edda de um castelo? Essa pe\u00e7a tem origem na Idade M\u00e9dia, quando as estruturas cercadas por [&hellip;]<\/p>\n","protected":false},"author":20,"featured_media":156973,"comment_status":"open","ping_status":"","sticky":false,"template":"","format":"standard","meta":{"footnotes":""},"categories":[],"tags":[],"class_list":["post-156974","post","type-post","status-publish","format-standard","has-post-thumbnail"],"_wp_attached_file":null,"_wp_attachment_metadata":null,"_wp_attachment_context":null,"_wp_attachment_is_custom_header":null,"geo_longitude":null,"geo_public":null,"geo_latitude":null,"_publicize_done_external":null,"_wpas_done_3897181":null,"publicize_twitter_user":null,"_wpas_done_3897175":null,"_wpas_skip_3897181":null,"_wpas_skip_3897175":null,"_wpas_skip_3924723":null,"_wpas_mess":null,"_wpas_done_3924723":null,"wps_subtitle":"","_links":{"self":[{"href":"https:\/\/www.aarquiteta.com.br\/blog\/wp-json\/wp\/v2\/posts\/156974","targetHints":{"allow":["GET"]}}],"collection":[{"href":"https:\/\/www.aarquiteta.com.br\/blog\/wp-json\/wp\/v2\/posts"}],"about":[{"href":"https:\/\/www.aarquiteta.com.br\/blog\/wp-json\/wp\/v2\/types\/post"}],"author":[{"embeddable":true,"href":"https:\/\/www.aarquiteta.com.br\/blog\/wp-json\/wp\/v2\/users\/20"}],"replies":[{"embeddable":true,"href":"https:\/\/www.aarquiteta.com.br\/blog\/wp-json\/wp\/v2\/comments?post=156974"}],"version-history":[{"count":0,"href":"https:\/\/www.aarquiteta.com.br\/blog\/wp-json\/wp\/v2\/posts\/156974\/revisions"}],"wp:featuredmedia":[{"embeddable":true,"href":"https:\/\/www.aarquiteta.com.br\/blog\/wp-json\/wp\/v2\/media\/156973"}],"wp:attachment":[{"href":"https:\/\/www.aarquiteta.com.br\/blog\/wp-json\/wp\/v2\/media?parent=156974"}],"wp:term":[{"taxonomy":"category","embeddable":true,"href":"https:\/\/www.aarquiteta.com.br\/blog\/wp-json\/wp\/v2\/categories?post=156974"},{"taxonomy":"post_tag","embeddable":true,"href":"https:\/\/www.aarquiteta.com.br\/blog\/wp-json\/wp\/v2\/tags?post=156974"}],"curies":[{"name":"wp","href":"https:\/\/api.w.org\/{rel}","templated":true}]}}