{"id":156969,"date":"2026-03-10T17:03:23","date_gmt":"2026-03-10T20:03:23","guid":{"rendered":"https:\/\/www.aarquiteta.com.br\/blog\/mesa-de-carretel-2\/"},"modified":"2026-03-10T17:03:23","modified_gmt":"2026-03-10T20:03:23","slug":"mesa-de-carretel-2","status":"publish","type":"post","link":"https:\/\/www.aarquiteta.com.br\/blog\/mesa-de-carretel-2\/","title":{"rendered":"Mesa de carretel: ideias e dicas para transformar sua decora\u00e7\u00e3o com estilo e sustentabilidade"},"content":{"rendered":"<p><b>Mesa de carretel<\/b> \u00e9 uma solu\u00e7\u00e3o criativa e sustent\u00e1vel para quem quer dar charme e vida nova \u00e0 decora\u00e7\u00e3o utilizando materiais reutilizados.<\/p>\n<h3>Como a mesa de carretel transforma sua decora\u00e7\u00e3o com estilo e sustentabilidade<\/h3>\n<p>Voc\u00ea j\u00e1 percebeu como um <b>simples carretel pode virar uma pe\u00e7a chave<\/b> na decora\u00e7\u00e3o da sua casa? A mesa de carretel \u00e9 exatamente isso: um carretel reaproveitado que ganha nova fun\u00e7\u00e3o e enche o ambiente de personalidade.<\/p>\n<p>Al\u00e9m do charme r\u00fastico e original, ela <b>ajuda o meio ambiente<\/b> ao reutilizar materiais que seriam descartados. \u00c9 uma escolha que une beleza, economia e consci\u00eancia sustent\u00e1vel.<\/p>\n<p>Seja para a sala, varanda ou jardim, essa mesa vers\u00e1til se encaixa f\u00e1cil em v\u00e1rios estilos de decora\u00e7\u00e3o, desde o industrial at\u00e9 o minimalista.<\/p>\n<img decoding=\"async\" src=\"https:\/\/www.aarquiteta.com.br\/blog\/wp-content\/uploads\/2026\/03\/Mesa-de-carretel-ideias-e-dicas-para-transformar-sua-decorayyo-com-estilo-e-sustentabilidade-01.jpg\" alt=\"Mesa de carretel: ideias e dicas para transformar sua decora\u00e7\u00e3o com estilo e sustentabilidade\" width=\"1024\" height=\"1024\" title=\"\"> Mesa de carretel: ideias e dicas para transformar sua decora\u00e7\u00e3o com estilo e sustentabilidade\/caption]\n<h3>Por que escolher mesa de carretel para sua casa<\/h3>\n<p>Primeiro, pelo <b>baixo custo em rela\u00e7\u00e3o a m\u00f3veis convencionais<\/b>. Muitas vezes, o carretel pode ser encontrado de gra\u00e7a ou a pre\u00e7os muito acess\u00edveis.<\/p>\n<p>Segundo, a <b>customiza\u00e7\u00e3o \u00e9 ilimitada<\/b>. Voc\u00ea pode pintar, envernizar, aplicar pastilhas, colocar tampo de vidro ou at\u00e9 rodinhas para facilitar a movimenta\u00e7\u00e3o.<\/p>\n<p>Por fim, o visual r\u00fastico traz <b>conforto e aconchego<\/b> para qualquer ambiente, deixando espa\u00e7os mais convidativos e estilosos.<\/p>\n<img decoding=\"async\" src=\"https:\/\/www.aarquiteta.com.br\/blog\/wp-content\/uploads\/2026\/03\/Mesa-de-carretel-ideias-e-dicas-para-transformar-sua-decorayyo-com-estilo-e-sustentabilidade-02.jpg\" alt=\"Mesa de carretel: ideias e dicas para transformar sua decora\u00e7\u00e3o com estilo e sustentabilidade\" width=\"1024\" height=\"1024\" title=\"\"> Mesa de carretel: ideias e dicas para transformar sua decora\u00e7\u00e3o com estilo e sustentabilidade\/caption]\n<h3>Locais ideais para usar a mesa de carretel<\/h3>\n<ul>\n<li><b>Canto de leitura:<\/b> mesa pequena para apoiar livros e x\u00edcara de caf\u00e9<\/li>\n<li><b>Jardim ou varanda:<\/b> perfeito para plantas ou encontros ao ar livre<\/li>\n<li><b>Sala de estar:<\/b> mesa de centro que chama aten\u00e7\u00e3o e valoriza o espa\u00e7o<\/li>\n<li><b>\u00c1rea externa:<\/b> com acabamento adequado, aguenta qualquer clima<\/li>\n<\/ul>\n<h3>Personaliza\u00e7\u00f5es que deixam a mesa \u00fanica<\/h3>\n<ul>\n<li>Pintura colorida para destacar plantas ou objetos decorativos<\/li>\n<li>Tampo de vidro para acabamento moderno e pr\u00e1tico<\/li>\n<li>Aplica\u00e7\u00e3o de pastilhas ou mosaicos para toque art\u00edstico<\/li>\n<li>Verniz natural para quem gosta do estilo mais r\u00fastico e cl\u00e1ssico<\/li>\n<\/ul>\n<h3>Tabela comparativa: mesa de carretel vs mesa tradicional<\/h3>\n<table border=\"1\" cellpadding=\"8\" cellspacing=\"0\">\n<tr>\n<th>Aspecto<\/th>\n<th>Mesa de Carretel<\/th>\n<th>Mesa Tradicional<\/th>\n<\/tr>\n<tr>\n<td>Pre\u00e7o<\/td>\n<td>Baixo a moderado<\/td>\n<td>Moderado a alto<\/td>\n<\/tr>\n<tr>\n<td>Personaliza\u00e7\u00e3o<\/td>\n<td>Alta (pintura, acabamento, rodinhas)<\/td>\n<td>Limitada<\/td>\n<\/tr>\n<tr>\n<td>Estilo<\/td>\n<td>R\u00fastico, industrial, artesanal<\/td>\n<td>Convencional, variado<\/td>\n<\/tr>\n<tr>\n<td>Sustentabilidade<\/td>\n<td>Alta (reaproveitamento)<\/td>\n<td>Baixa<\/td>\n<\/tr>\n<tr>\n<td>Mobilidade<\/td>\n<td>F\u00e1cil com rodinhas<\/td>\n<td>Geralmente fixa<\/td>\n<\/tr>\n<\/table>\n<img decoding=\"async\" src=\"https:\/\/www.aarquiteta.com.br\/blog\/wp-content\/uploads\/2026\/03\/Mesa-de-carretel-ideias-e-dicas-para-transformar-sua-decorayyo-com-estilo-e-sustentabilidade-03.jpg\" alt=\"Mesa de carretel: ideias e dicas para transformar sua decora\u00e7\u00e3o com estilo e sustentabilidade\" width=\"1024\" height=\"1024\" title=\"\"> Mesa de carretel: ideias e dicas para transformar sua decora\u00e7\u00e3o com estilo e sustentabilidade\/caption]\n<h3>Como fazer sua pr\u00f3pria mesa de carretel: passos simples<\/h3>\n<ol>\n<li>Encontre um carretel de madeira em bom estado, em lojas de reciclagem ou constru\u00e7\u00f5es.<\/li>\n<li>Lixe para retirar imperfei\u00e7\u00f5es e prepare para a pintura ou verniz.<\/li>\n<li>Pinte com tinta apropriada ou aplique verniz para proteger.<\/li>\n<li>Opcional: coloque rodinhas para facilitar a movimenta\u00e7\u00e3o do m\u00f3vel.<\/li>\n<li>Adicione detalhes, como tampo de vidro ou mosaicos para personalizar.<\/li>\n<\/ol>\n<h3>Onde comprar mesa de carretel pronta<\/h3>\n<p>Se voc\u00ea prefere algo pronto, mesas de carretel j\u00e1 feitas podem ser encontradas em lojas de m\u00f3veis r\u00fasticos, feiras de artesanato e at\u00e9 em marketplaces online.<\/p>\n<p>O bacana \u00e9 que <b>cada mesa \u00e9 \u00fanica<\/b>, pois as varia\u00e7\u00f5es naturais da madeira e os acabamentos garantem exclusividade \u00e0 pe\u00e7a.<\/p>\n<h3>Dicas para integrar a mesa de carretel na decora\u00e7\u00e3o da sua casa<\/h3>\n<ul>\n<li><b>Combine cores:<\/b> escolha tons da mesa que harmonizem com paredes ou objetos do ambiente.<\/li>\n<li><b>Use plantas:<\/b> suculentas ou vasos pequenos valorizam o visual r\u00fastico.<\/li>\n<li><b>Acrescente conforto:<\/b> cadeiras com assentos estofados para criar um conjunto acolhedor.<\/li>\n<li><b>Brinque com ilumina\u00e7\u00e3o:<\/b> luz natural valoriza o acabamento natural da madeira.<\/li>\n<\/ul>\n<h3>Inspire-se e redefina seu espa\u00e7o com criatividade e consci\u00eancia<\/h3>\n<p>De cora\u00e7\u00e3o, eu acredito que <b>uma mesa de carretel pode transformar seu lar<\/b>, misturando estilo e sustentabilidade de um jeito \u00fanico.<\/p>\n<p>Que tal come\u00e7ar seu projeto hoje? Conte pra mim nos coment\u00e1rios se voc\u00ea j\u00e1 usou ou pretende usar essa ideia incr\u00edvel!<\/p>\n<p>Ah, e para continuar inspirado, confira outros conte\u00fados imperd\u00edveis: <b>dicas de decora\u00e7\u00e3o r\u00fastica<\/b>, <b>tend\u00eancias de m\u00f3veis reciclados<\/b> e <b>ideias para personalizar ambientes pequenos<\/b>.<\/p>\n<img decoding=\"async\" src=\"https:\/\/www.aarquiteta.com.br\/blog\/wp-content\/uploads\/2026\/03\/Mesa-de-carretel-ideias-e-dicas-para-transformar-sua-decorayyo-com-estilo-e-sustentabilidade-04.jpg\" alt=\"Mesa de carretel: ideias e dicas para transformar sua decora\u00e7\u00e3o com estilo e sustentabilidade\" width=\"1024\" height=\"1024\" title=\"\"> Mesa de carretel: ideias e dicas para transformar sua decora\u00e7\u00e3o com estilo e sustentabilidade\/caption]\n","protected":false},"excerpt":{"rendered":"<p>Mesa de carretel \u00e9 uma solu\u00e7\u00e3o criativa e sustent\u00e1vel para quem quer dar charme e vida nova \u00e0 decora\u00e7\u00e3o utilizando materiais reutilizados. Como a mesa de carretel transforma sua decora\u00e7\u00e3o com estilo e sustentabilidade Voc\u00ea j\u00e1 percebeu como um simples carretel pode virar uma pe\u00e7a chave na decora\u00e7\u00e3o da sua casa? A mesa de carretel [&hellip;]<\/p>\n","protected":false},"author":20,"featured_media":156968,"comment_status":"open","ping_status":"","sticky":false,"template":"","format":"standard","meta":{"footnotes":""},"categories":[],"tags":[],"class_list":["post-156969","post","type-post","status-publish","format-standard","has-post-thumbnail"],"_wp_attached_file":null,"_wp_attachment_metadata":null,"_wp_attachment_context":null,"_wp_attachment_is_custom_header":null,"geo_longitude":null,"geo_public":null,"geo_latitude":null,"_publicize_done_external":null,"_wpas_done_3897181":null,"publicize_twitter_user":null,"_wpas_done_3897175":null,"_wpas_skip_3897181":null,"_wpas_skip_3897175":null,"_wpas_skip_3924723":null,"_wpas_mess":null,"_wpas_done_3924723":null,"wps_subtitle":"","_links":{"self":[{"href":"https:\/\/www.aarquiteta.com.br\/blog\/wp-json\/wp\/v2\/posts\/156969","targetHints":{"allow":["GET"]}}],"collection":[{"href":"https:\/\/www.aarquiteta.com.br\/blog\/wp-json\/wp\/v2\/posts"}],"about":[{"href":"https:\/\/www.aarquiteta.com.br\/blog\/wp-json\/wp\/v2\/types\/post"}],"author":[{"embeddable":true,"href":"https:\/\/www.aarquiteta.com.br\/blog\/wp-json\/wp\/v2\/users\/20"}],"replies":[{"embeddable":true,"href":"https:\/\/www.aarquiteta.com.br\/blog\/wp-json\/wp\/v2\/comments?post=156969"}],"version-history":[{"count":0,"href":"https:\/\/www.aarquiteta.com.br\/blog\/wp-json\/wp\/v2\/posts\/156969\/revisions"}],"wp:featuredmedia":[{"embeddable":true,"href":"https:\/\/www.aarquiteta.com.br\/blog\/wp-json\/wp\/v2\/media\/156968"}],"wp:attachment":[{"href":"https:\/\/www.aarquiteta.com.br\/blog\/wp-json\/wp\/v2\/media?parent=156969"}],"wp:term":[{"taxonomy":"category","embeddable":true,"href":"https:\/\/www.aarquiteta.com.br\/blog\/wp-json\/wp\/v2\/categories?post=156969"},{"taxonomy":"post_tag","embeddable":true,"href":"https:\/\/www.aarquiteta.com.br\/blog\/wp-json\/wp\/v2\/tags?post=156969"}],"curies":[{"name":"wp","href":"https:\/\/api.w.org\/{rel}","templated":true}]}}