{"id":156964,"date":"2026-03-10T09:03:23","date_gmt":"2026-03-10T12:03:23","guid":{"rendered":"https:\/\/www.aarquiteta.com.br\/blog\/decoracao-de-sala-3\/"},"modified":"2026-03-10T09:03:23","modified_gmt":"2026-03-10T12:03:23","slug":"decoracao-de-sala-3","status":"publish","type":"post","link":"https:\/\/www.aarquiteta.com.br\/blog\/decoracao-de-sala-3\/","title":{"rendered":"Inspire-se com estilos e dicas para transformar a decora\u00e7\u00e3o da sua sala com conforto e personalidade"},"content":{"rendered":"<p><b>Descubra como transformar a sua sala com conforto e personalidade, apostando em estilos, cores e m\u00f3veis que valorizam seu espa\u00e7o.<\/b><\/p>\n<h3>1. Conhe\u00e7a os principais estilos para decorar sua sala<\/h3>\n<p>Voc\u00ea j\u00e1 percebeu como um simples toque pode mudar o clima da sua sala? <b>Estilos como retr\u00f4, cl\u00e1ssico e industrial<\/b> oferecem caminhos incr\u00edveis para deixar o espa\u00e7o com a sua cara.<\/p>\n<p>O retr\u00f4, por exemplo, traz cores vibrantes e m\u00f3veis com p\u00e9s palito, enquanto o cl\u00e1ssico aposta na eleg\u00e2ncia de materiais nobres e tons neutros.<\/p>\n<p>E se o seu lance \u00e9 o moderno ou minimalista, <b>menos \u00e9 mais<\/b> \u00e9 a regra, com espa\u00e7os pr\u00e1ticos, limpos e com muita funcionalidade.<\/p>\n<h3>2. Como escolher m\u00f3veis que unem estilo e conforto<\/h3>\n<p>O sof\u00e1 \u00e9 o cora\u00e7\u00e3o da sala, mas escolher o modelo certo faz toda a diferen\u00e7a. <b>Prefira pe\u00e7as aconchegantes e que combinem<\/b> com o estilo que voc\u00ea escolheu.<\/p>\n<p>Poltronas completam o visual e garantem uma acomoda\u00e7\u00e3o extra para visitas ou para aquele momento de relaxar.<\/p>\n<p>Uma mesa de centro moderna ou r\u00fastica pode ser o ponto de destaque, al\u00e9m de funcional para apoiar bebidas e objetos.<\/p>\n<img decoding=\"async\" src=\"https:\/\/www.aarquiteta.com.br\/blog\/wp-content\/uploads\/2026\/03\/Inspire-se-com-estilos-e-dicas-para-transformar-a-decorayyo-da-sua-sala-com-conforto-e-personalidade-01.jpg\" alt=\"Inspire-se com estilos e dicas para transformar a decora\u00e7\u00e3o da sua sala com conforto e personalidade\" width=\"1024\" height=\"1024\" title=\"\"> Inspire-se com estilos e dicas para transformar a decora\u00e7\u00e3o da sua sala com conforto e personalidade\/caption]\n<h3>3. O poder das cores na decora\u00e7\u00e3o da sala<\/h3>\n<p><b>As cores certas ampliam e deixam o ambiente mais convidativo.<\/b> Tons claros trazem sensa\u00e7\u00e3o de espa\u00e7o, enquanto um toque de cor vibrante cria contraste e personalidade.<\/p>\n<p>Os tons amadeirados, por exemplo, aquecem o ambiente, fazendo com que todos que entrem se sintam acolhidos imediatamente.<\/p>\n<h3>4. Ilumina\u00e7\u00e3o: destaque seu espa\u00e7o com luz natural e artificial<\/h3>\n<p>Uma boa ilumina\u00e7\u00e3o transforma qualquer canto da sala. <b>Aposte na luz natural e complemente com abajures e lumin\u00e1rias decorativas.<\/b><\/p>\n<p>Al\u00e9m de valorizar os m\u00f3veis e as cores, a ilumina\u00e7\u00e3o cria atmosfera perfeita para cada momento, seja para descansar ou receber amigos.<\/p>\n<h3>5. Integra\u00e7\u00e3o de ambientes para ampliar a sensa\u00e7\u00e3o de espa\u00e7o<\/h3>\n<p>Unir a sala com a cozinha ou a sala de jantar traz fluidez e <b>amplitude visual, \u00f3tima para espa\u00e7os pequenos ou apartamentos.<\/b><\/p>\n<p>Essa integra\u00e7\u00e3o ajuda a aproveitar melhor a luz natural e valoriza a decora\u00e7\u00e3o com pe\u00e7as harm\u00f4nicas nos ambientes pr\u00f3ximos.<\/p>\n<img decoding=\"async\" src=\"https:\/\/www.aarquiteta.com.br\/blog\/wp-content\/uploads\/2026\/03\/Inspire-se-com-estilos-e-dicas-para-transformar-a-decorayyo-da-sua-sala-com-conforto-e-personalidade-02.jpg\" alt=\"Inspire-se com estilos e dicas para transformar a decora\u00e7\u00e3o da sua sala com conforto e personalidade\" width=\"1024\" height=\"1024\" title=\"\"> Inspire-se com estilos e dicas para transformar a decora\u00e7\u00e3o da sua sala com conforto e personalidade\/caption]\n<h3>6. A import\u00e2ncia dos acess\u00f3rios na composi\u00e7\u00e3o da sala<\/h3>\n<p>Tapetes, almofadas, quadros e plantas s\u00e3o mais do que decora\u00e7\u00e3o, <b>s\u00e3o detalhes que d\u00e3o personalidade ao espa\u00e7o.<\/b><\/p>\n<p>Uma manta aconchegante no sof\u00e1 ou um vaso de planta trazem conforto e vida ao ambiente, al\u00e9m de refor\u00e7ar seu estilo.<\/p>\n<h3>7. Decorando salas pequenas sem perder o charme e funcionalidade<\/h3>\n<p>Em espa\u00e7os compactos, <b>a organiza\u00e7\u00e3o e a escolha certa dos m\u00f3veis fazem toda a diferen\u00e7a.<\/b><\/p>\n<p>Elementos multifuncionais, cores claras e nichos ajudam a otimizar o espa\u00e7o, mantendo o conforto e a eleg\u00e2ncia.<\/p>\n<h3>8. Plantas para a sala: vida e frescor para o ambiente<\/h3>\n<p>Inserir plantas na decora\u00e7\u00e3o \u00e9 integrar natureza e estilo. <b>Escolha esp\u00e9cies que se adaptam \u00e0 ilumina\u00e7\u00e3o dispon\u00edvel<\/b> e que valorizam seu espa\u00e7o.<\/p>\n<p>Plantas de sombra ou meia-sombra s\u00e3o ideais para ambientes internos, trazendo frescor e deixando tudo mais inspirador.<\/p>\n<img decoding=\"async\" src=\"https:\/\/www.aarquiteta.com.br\/blog\/wp-content\/uploads\/2026\/03\/Inspire-se-com-estilos-e-dicas-para-transformar-a-decorayyo-da-sua-sala-com-conforto-e-personalidade-03.jpg\" alt=\"Inspire-se com estilos e dicas para transformar a decora\u00e7\u00e3o da sua sala com conforto e personalidade\" width=\"1024\" height=\"1024\" title=\"\"> Inspire-se com estilos e dicas para transformar a decora\u00e7\u00e3o da sua sala com conforto e personalidade\/caption]\n<table border=\"1\" cellpadding=\"8\" cellspacing=\"0\" style=\"margin-top:20px; margin-bottom:20px; width:100%; border-collapse: collapse;\">\n<thead>\n<tr style=\"background-color:#f2f2f2;\">\n<th>Estilo de Decora\u00e7\u00e3o<\/th>\n<th>Principais Caracter\u00edsticas<\/th>\n<th>Materiais Frequentes<\/th>\n<th>Dica de Conforto<\/th>\n<\/tr>\n<\/thead>\n<tbody>\n<tr>\n<td><b>Retr\u00f4<\/b><\/td>\n<td>Cores vibrantes, m\u00f3veis com p\u00e9s palito, estampas geom\u00e9tricas<\/td>\n<td>Pl\u00e1stico, veludo, vinil<\/td>\n<td>Poltronas acolchoadas com tecido macio<\/td>\n<\/tr>\n<tr>\n<td><b>Cl\u00e1ssico<\/b><\/td>\n<td>Simetria, cores neutras, detalhes metalizados<\/td>\n<td>M\u00e1rmore, seda, cristal, madeira nobre<\/td>\n<td>Sof\u00e1s luxuosos com revestimento confort\u00e1vel<\/td>\n<\/tr>\n<tr>\n<td><b>Minimalista<\/b><\/td>\n<td>Ambiente clean, cores neutras, m\u00f3veis funcionais<\/td>\n<td>Vidro, concreto, madeira clara<\/td>\n<td>Pe\u00e7as multifuncionais que otimizam espa\u00e7o<\/td>\n<\/tr>\n<tr>\n<td><b>R\u00fastico<\/b><\/td>\n<td>Tons terrosos, simplicidade, elementos naturais<\/td>\n<td>Madeira bruta, couro, palha<\/td>\n<td>M\u00f3veis robustos com tecidos aconchegantes<\/td>\n<\/tr>\n<tr>\n<td><b>Industrial<\/b><\/td>\n<td>Ambientes abertos, materiais expostos, cores s\u00f3brias<\/td>\n<td>Ferro, tijolos aparentes, cimento queimado<\/td>\n<td>Sof\u00e1s amplos para relaxar ap\u00f3s um dia agitado<\/td>\n<\/tr>\n<\/tbody>\n<\/table>\n<p>Essas varia\u00e7\u00f5es ajudam a pensar em como dar o seu toque. <b>Unir conforto e estilo \u00e9 a receita para uma sala acolhedora e funcional.<\/b><\/p>\n<p>Agora \u00e9 s\u00f3 colocar a m\u00e3o na massa! Que tal come\u00e7ar escolhendo aquele sof\u00e1 ideal para deixar seu espa\u00e7o ainda mais convidativo? Comente aqui como voc\u00ea quer transformar sua sala ou compartilhe suas ideias!<\/p>\n<p>Para continuar inspirado, veja tamb\u00e9m: \u201cComo montar um home office na sala de forma funcional e elegante\u201d e \u201cPlantas para sala: esp\u00e9cies para decorar com naturalidade\u201d.<\/p>\n<img decoding=\"async\" src=\"https:\/\/www.aarquiteta.com.br\/blog\/wp-content\/uploads\/2026\/03\/Inspire-se-com-estilos-e-dicas-para-transformar-a-decorayyo-da-sua-sala-com-conforto-e-personalidade-04.jpg\" alt=\"Inspire-se com estilos e dicas para transformar a decora\u00e7\u00e3o da sua sala com conforto e personalidade\" width=\"1024\" height=\"1024\" title=\"\"> Inspire-se com estilos e dicas para transformar a decora\u00e7\u00e3o da sua sala com conforto e personalidade\/caption]\n","protected":false},"excerpt":{"rendered":"<p>Descubra como transformar a sua sala com conforto e personalidade, apostando em estilos, cores e m\u00f3veis que valorizam seu espa\u00e7o. 1. Conhe\u00e7a os principais estilos para decorar sua sala Voc\u00ea j\u00e1 percebeu como um simples toque pode mudar o clima da sua sala? Estilos como retr\u00f4, cl\u00e1ssico e industrial oferecem caminhos incr\u00edveis para deixar o [&hellip;]<\/p>\n","protected":false},"author":20,"featured_media":156963,"comment_status":"open","ping_status":"","sticky":false,"template":"","format":"standard","meta":{"footnotes":""},"categories":[],"tags":[],"class_list":["post-156964","post","type-post","status-publish","format-standard","has-post-thumbnail"],"_wp_attached_file":null,"_wp_attachment_metadata":null,"_wp_attachment_context":null,"_wp_attachment_is_custom_header":null,"geo_longitude":null,"geo_public":null,"geo_latitude":null,"_publicize_done_external":null,"_wpas_done_3897181":null,"publicize_twitter_user":null,"_wpas_done_3897175":null,"_wpas_skip_3897181":null,"_wpas_skip_3897175":null,"_wpas_skip_3924723":null,"_wpas_mess":null,"_wpas_done_3924723":null,"wps_subtitle":"","_links":{"self":[{"href":"https:\/\/www.aarquiteta.com.br\/blog\/wp-json\/wp\/v2\/posts\/156964","targetHints":{"allow":["GET"]}}],"collection":[{"href":"https:\/\/www.aarquiteta.com.br\/blog\/wp-json\/wp\/v2\/posts"}],"about":[{"href":"https:\/\/www.aarquiteta.com.br\/blog\/wp-json\/wp\/v2\/types\/post"}],"author":[{"embeddable":true,"href":"https:\/\/www.aarquiteta.com.br\/blog\/wp-json\/wp\/v2\/users\/20"}],"replies":[{"embeddable":true,"href":"https:\/\/www.aarquiteta.com.br\/blog\/wp-json\/wp\/v2\/comments?post=156964"}],"version-history":[{"count":0,"href":"https:\/\/www.aarquiteta.com.br\/blog\/wp-json\/wp\/v2\/posts\/156964\/revisions"}],"wp:featuredmedia":[{"embeddable":true,"href":"https:\/\/www.aarquiteta.com.br\/blog\/wp-json\/wp\/v2\/media\/156963"}],"wp:attachment":[{"href":"https:\/\/www.aarquiteta.com.br\/blog\/wp-json\/wp\/v2\/media?parent=156964"}],"wp:term":[{"taxonomy":"category","embeddable":true,"href":"https:\/\/www.aarquiteta.com.br\/blog\/wp-json\/wp\/v2\/categories?post=156964"},{"taxonomy":"post_tag","embeddable":true,"href":"https:\/\/www.aarquiteta.com.br\/blog\/wp-json\/wp\/v2\/tags?post=156964"}],"curies":[{"name":"wp","href":"https:\/\/api.w.org\/{rel}","templated":true}]}}