{"id":156944,"date":"2026-03-09T01:02:45","date_gmt":"2026-03-09T04:02:45","guid":{"rendered":"https:\/\/www.aarquiteta.com.br\/blog\/decoracao-de-quarto-2\/"},"modified":"2026-03-09T01:02:45","modified_gmt":"2026-03-09T04:02:45","slug":"decoracao-de-quarto-2","status":"publish","type":"post","link":"https:\/\/www.aarquiteta.com.br\/blog\/decoracao-de-quarto-2\/","title":{"rendered":"Decora\u00e7\u00e3o de quarto: ideias pr\u00e1ticas e inspiradoras para transformar seu espa\u00e7o"},"content":{"rendered":"<p><b>Quer transformar seu quarto com ideias pr\u00e1ticas, bonitas e sem gastar muito? Aqui voc\u00ea encontra dicas r\u00e1pidas e inspiradoras para renovar seu espa\u00e7o e deix\u00e1-lo do seu jeitinho.<\/b><\/p>\n<h3>Como escolher a paleta de cores ideal para o quarto<\/h3>\n<p>As cores influenciam o clima do ambiente. Prefira tons suaves e terrosos para promover aconchego.<\/p>\n<p>Se quiser um toque moderno, pode combinar madeira clara com branco ou off-white para ampliar o espa\u00e7o visualmente.<\/p>\n<h3>A import\u00e2ncia da ilumina\u00e7\u00e3o na decora\u00e7\u00e3o de quarto<\/h3>\n<p>Uma ilumina\u00e7\u00e3o bem planejada traz conforto e funcionalidade.<\/p>\n<p>Invista em luz quente para relaxar e lumin\u00e1rias direcionadas para leitura ou tarefas espec\u00edficas.<\/p>\n<img decoding=\"async\" src=\"https:\/\/www.aarquiteta.com.br\/blog\/wp-content\/uploads\/2026\/03\/Decorayyo-de-quarto-ideias-pryticas-e-inspiradoras-para-transformar-seu-espayo-01.jpg\" alt=\"Decora\u00e7\u00e3o de quarto: ideias pr\u00e1ticas e inspiradoras para transformar seu espa\u00e7o\" width=\"1024\" height=\"1024\" title=\"\"> Decora\u00e7\u00e3o de quarto: ideias pr\u00e1ticas e inspiradoras para transformar seu espa\u00e7o\/caption]\n<h3>M\u00f3veis que otimizam o espa\u00e7o e valorizam o quarto<\/h3>\n<p>Escolher m\u00f3veis compactos e multifuncionais ajuda a manter a organiza\u00e7\u00e3o.<\/p>\n<p>Cabeceiras com prateleiras ou ba\u00fas no final da cama s\u00e3o \u00f3timas op\u00e7\u00f5es que unem beleza e praticidade.<\/p>\n<h3>Inspira\u00e7\u00e3o r\u00fastica: sabia que a madeira \u00e9 a melhor amiga do quarto?<\/h3>\n<p>A madeira aquece o visual e traz uma sensa\u00e7\u00e3o natural e acolhedora.<\/p>\n<p>Desde o piso at\u00e9 detalhes nas paredes, essa textura equilibra eleg\u00e2ncia e conforto.<\/p>\n<img decoding=\"async\" src=\"https:\/\/www.aarquiteta.com.br\/blog\/wp-content\/uploads\/2026\/03\/Decorayyo-de-quarto-ideias-pryticas-e-inspiradoras-para-transformar-seu-espayo-02.jpg\" alt=\"Decora\u00e7\u00e3o de quarto: ideias pr\u00e1ticas e inspiradoras para transformar seu espa\u00e7o\" width=\"1024\" height=\"1024\" title=\"\"> Decora\u00e7\u00e3o de quarto: ideias pr\u00e1ticas e inspiradoras para transformar seu espa\u00e7o\/caption]\n<h3>Decora\u00e7\u00e3o com toques pessoais: quadros, flores e livros<\/h3>\n<p>Personalize o quarto usando objetos que contam a sua hist\u00f3ria.<\/p>\n<p>Quadros art\u00edsticos, plantas e livros espalhados criam um ambiente intimista e cheio de vida.<\/p>\n<h3>Quartos pequenos? Use espelhos e tons claros para ampliar o espa\u00e7o<\/h3>\n<p>Espelhos posicionados estrategicamente refletem a luz e d\u00e3o sensa\u00e7\u00e3o de amplitude.<\/p>\n<p>Roupa de cama e cortinas claras tamb\u00e9m ajudam a deixar o quarto mais leve e arejado.<\/p>\n<img decoding=\"async\" src=\"https:\/\/www.aarquiteta.com.br\/blog\/wp-content\/uploads\/2026\/03\/Decorayyo-de-quarto-ideias-pryticas-e-inspiradoras-para-transformar-seu-espayo-03.jpg\" alt=\"Decora\u00e7\u00e3o de quarto: ideias pr\u00e1ticas e inspiradoras para transformar seu espa\u00e7o\" width=\"1024\" height=\"1024\" title=\"\"> Decora\u00e7\u00e3o de quarto: ideias pr\u00e1ticas e inspiradoras para transformar seu espa\u00e7o\/caption]\n<h3>Como combinar estilos: do minimalista ao escandinavo<\/h3>\n<p>O segredo \u00e9 a harmonia entre elementos decorativos.<\/p>\n<p>Procure usar poucos objetos, mas escolhidos com cuidado, para um espa\u00e7o organizado e visualmente atraente.<\/p>\n<h3>Dicas pr\u00e1ticas para uma decora\u00e7\u00e3o econ\u00f4mica e charmosa<\/h3>\n<p>Reaproveite itens antigos, use potes de vidro como vasos e aposte em DIY para personalizar sem gastar muito.<\/p>\n<p>Assim, seu quarto ganha personalidade e um charme superespecial sem pesar no bolso.<\/p>\n<img decoding=\"async\" src=\"https:\/\/www.aarquiteta.com.br\/blog\/wp-content\/uploads\/2026\/03\/Decorayyo-de-quarto-ideias-pryticas-e-inspiradoras-para-transformar-seu-espayo-04.jpg\" alt=\"Decora\u00e7\u00e3o de quarto: ideias pr\u00e1ticas e inspiradoras para transformar seu espa\u00e7o\" width=\"1024\" height=\"1024\" title=\"\"> Decora\u00e7\u00e3o de quarto: ideias pr\u00e1ticas e inspiradoras para transformar seu espa\u00e7o\/caption]\n","protected":false},"excerpt":{"rendered":"<p>Quer transformar seu quarto com ideias pr\u00e1ticas, bonitas e sem gastar muito? Aqui voc\u00ea encontra dicas r\u00e1pidas e inspiradoras para renovar seu espa\u00e7o e deix\u00e1-lo do seu jeitinho. Como escolher a paleta de cores ideal para o quarto As cores influenciam o clima do ambiente. Prefira tons suaves e terrosos para promover aconchego. Se quiser [&hellip;]<\/p>\n","protected":false},"author":20,"featured_media":156943,"comment_status":"open","ping_status":"","sticky":false,"template":"","format":"standard","meta":{"footnotes":""},"categories":[],"tags":[],"class_list":["post-156944","post","type-post","status-publish","format-standard","has-post-thumbnail"],"_wp_attached_file":null,"_wp_attachment_metadata":null,"_wp_attachment_context":null,"_wp_attachment_is_custom_header":null,"geo_longitude":null,"geo_public":null,"geo_latitude":null,"_publicize_done_external":null,"_wpas_done_3897181":null,"publicize_twitter_user":null,"_wpas_done_3897175":null,"_wpas_skip_3897181":null,"_wpas_skip_3897175":null,"_wpas_skip_3924723":null,"_wpas_mess":null,"_wpas_done_3924723":null,"wps_subtitle":"","_links":{"self":[{"href":"https:\/\/www.aarquiteta.com.br\/blog\/wp-json\/wp\/v2\/posts\/156944","targetHints":{"allow":["GET"]}}],"collection":[{"href":"https:\/\/www.aarquiteta.com.br\/blog\/wp-json\/wp\/v2\/posts"}],"about":[{"href":"https:\/\/www.aarquiteta.com.br\/blog\/wp-json\/wp\/v2\/types\/post"}],"author":[{"embeddable":true,"href":"https:\/\/www.aarquiteta.com.br\/blog\/wp-json\/wp\/v2\/users\/20"}],"replies":[{"embeddable":true,"href":"https:\/\/www.aarquiteta.com.br\/blog\/wp-json\/wp\/v2\/comments?post=156944"}],"version-history":[{"count":0,"href":"https:\/\/www.aarquiteta.com.br\/blog\/wp-json\/wp\/v2\/posts\/156944\/revisions"}],"wp:featuredmedia":[{"embeddable":true,"href":"https:\/\/www.aarquiteta.com.br\/blog\/wp-json\/wp\/v2\/media\/156943"}],"wp:attachment":[{"href":"https:\/\/www.aarquiteta.com.br\/blog\/wp-json\/wp\/v2\/media?parent=156944"}],"wp:term":[{"taxonomy":"category","embeddable":true,"href":"https:\/\/www.aarquiteta.com.br\/blog\/wp-json\/wp\/v2\/categories?post=156944"},{"taxonomy":"post_tag","embeddable":true,"href":"https:\/\/www.aarquiteta.com.br\/blog\/wp-json\/wp\/v2\/tags?post=156944"}],"curies":[{"name":"wp","href":"https:\/\/api.w.org\/{rel}","templated":true}]}}