{"id":156932,"date":"2026-03-08T02:02:43","date_gmt":"2026-03-08T05:02:43","guid":{"rendered":"https:\/\/www.aarquiteta.com.br\/blog\/cobertura-para-garagem-3\/"},"modified":"2026-03-08T02:02:43","modified_gmt":"2026-03-08T05:02:43","slug":"cobertura-para-garagem-3","status":"publish","type":"post","link":"https:\/\/www.aarquiteta.com.br\/blog\/cobertura-para-garagem-3\/","title":{"rendered":"Como escolher a cobertura ideal para proteger e valorizar sua garagem"},"content":{"rendered":"<p><b>Escolher a cobertura ideal para sua garagem transforma prote\u00e7\u00e3o e valor est\u00e9tico com praticidade e estilo.<\/b> Sem d\u00favida, \u00e9 um investimento inteligente para todo dono de carro.<\/p>\n<h3>Por que escolher a cobertura certa para sua garagem?<\/h3>\n<p>Voc\u00ea j\u00e1 parou para pensar que a <b>cobertura da garagem n\u00e3o \u00e9 s\u00f3 prote\u00e7\u00e3o, mas tamb\u00e9m um complemento do visual da casa?<\/b><\/p>\n<p>Muito mais que evitar sol e chuva, uma garagem bem coberta preserva seu carro e valoriza seu im\u00f3vel.<\/p>\n<p>Por isso, a escolha precisa ser certeira, levando em conta funcionalidade, custo e estilo.<\/p>\n<img decoding=\"async\" src=\"https:\/\/www.aarquiteta.com.br\/blog\/wp-content\/uploads\/2026\/03\/Como-escolher-a-cobertura-ideal-para-proteger-e-valorizar-sua-garagem-01.jpg\" alt=\"Como escolher a cobertura ideal para proteger e valorizar sua garagem\" width=\"1024\" height=\"1024\" title=\"\"> Como escolher a cobertura ideal para proteger e valorizar sua garagem\/caption]\n<h3>Conhe\u00e7a os principais tipos de cobertura para garagem<\/h3>\n<p>No mercado, temos op\u00e7\u00f5es como <b>telha cer\u00e2mica, alum\u00ednio, vidro e lona, cada uma com vantagens pr\u00f3prias.<\/b><\/p>\n<p>N\u00e3o existe uma \u00fanica escolha perfeita, mas sim aquela que se encaixa com suas necessidades e gosto.<\/p>\n<p>Vamos descobrir mais sobre cada uma para facilitar sua decis\u00e3o.<\/p>\n<h3>Impacto da cobertura no visual da resid\u00eancia<\/h3>\n<p>Mais do que funcionalidade, a cobertura interfere diretamente na fachada e na harmonia da casa.<\/p>\n<p>Uma cobertura alinhada ao estilo arquitet\u00f4nico valoriza o im\u00f3vel e d\u00e1 charme \u00e0 entrada.<\/p>\n<p>At\u00e9 <b>detalhes como madeira ou vidro podem trazer sofistica\u00e7\u00e3o e leveza ao projeto.<\/b><\/p>\n<img decoding=\"async\" src=\"https:\/\/www.aarquiteta.com.br\/blog\/wp-content\/uploads\/2026\/03\/Como-escolher-a-cobertura-ideal-para-proteger-e-valorizar-sua-garagem-02.jpg\" alt=\"Como escolher a cobertura ideal para proteger e valorizar sua garagem\" width=\"1024\" height=\"1024\" title=\"\"> Como escolher a cobertura ideal para proteger e valorizar sua garagem\/caption]\n<h3>Principais fatores para escolher a cobertura ideal<\/h3>\n<ul>\n<li><b>Espa\u00e7o dispon\u00edvel:<\/b> se h\u00e1 uma laje reaproveit\u00e1vel ou ser\u00e1 necess\u00e1rio construir do zero.<\/li>\n<li><b>Clima da regi\u00e3o:<\/b> prote\u00e7\u00e3o contra sol intenso, chuva ou vento forte.<\/li>\n<li><b>Or\u00e7amento:<\/b> dos modelos simples aos mais sofisticados, o custo varia bastante.<\/li>\n<li><b>Estilo da casa:<\/b> mantenha a harmonia est\u00e9tica com o restante da constru\u00e7\u00e3o.<\/li>\n<\/ul>\n<h3>Tabela comparativa dos tipos de cobertura para garagem<\/h3>\n<table border=\"1\" cellpadding=\"8\" cellspacing=\"0\">\n<tr style=\"background-color:#f0f0f0;\">\n<th>Tipo<\/th>\n<th>Vantagens<\/th>\n<th>Considera\u00e7\u00f5es<\/th>\n<th>Pre\u00e7o m\u00e9dio<\/th>\n<\/tr>\n<tr>\n<td>Telha Cer\u00e2mica<\/td>\n<td>Dur\u00e1vel, isolante t\u00e9rmico, tradicional<\/td>\n<td>Peso elevado, requer estrutura refor\u00e7ada<\/td>\n<td>R$ 80-150\/m\u00b2<\/td>\n<\/tr>\n<tr>\n<td>Alum\u00ednio<\/td>\n<td>Leve, resistente \u00e0 corros\u00e3o, f\u00e1cil instala\u00e7\u00e3o<\/td>\n<td>Menor isolamento ac\u00fastico<\/td>\n<td>R$ 70-120\/m\u00b2<\/td>\n<\/tr>\n<tr>\n<td>Vidro<\/td>\n<td>Visual sofisticado, permite ilumina\u00e7\u00e3o natural<\/td>\n<td>Mais caro, limpeza exigente<\/td>\n<td>R$ 200-300\/m\u00b2<\/td>\n<\/tr>\n<tr>\n<td>Lona\/Toldo<\/td>\n<td>Flex\u00edvel, retr\u00e1til, barato<\/td>\n<td>Menor durabilidade<\/td>\n<td>R$ 40-80\/m\u00b2<\/td>\n<\/tr>\n<\/table>\n<img decoding=\"async\" src=\"https:\/\/www.aarquiteta.com.br\/blog\/wp-content\/uploads\/2026\/03\/Como-escolher-a-cobertura-ideal-para-proteger-e-valorizar-sua-garagem-03.jpg\" alt=\"Como escolher a cobertura ideal para proteger e valorizar sua garagem\" width=\"1024\" height=\"1024\" title=\"\"> Como escolher a cobertura ideal para proteger e valorizar sua garagem\/caption]\n<h3>Como planejar a constru\u00e7\u00e3o da cobertura para garagem<\/h3>\n<p><b>Uma boa cobertura nasce de um planejamento cuidadoso.<\/b> \u00c9 preciso pensar em medidas, funcionamento e materiais.<\/p>\n<p>Quando planejada com calma, a constru\u00e7\u00e3o evita ajustes caros e garante um resultado bonito e funcional.<\/p>\n<p>N\u00e3o esque\u00e7a de consultar um profissional, se necess\u00e1rio, para equilibrar est\u00e9tica e seguran\u00e7a.<\/p>\n<h3>Dicas para valorizar o espa\u00e7o coberto da garagem<\/h3>\n<ul>\n<li>Use plantas e jardins verticais para criar um ambiente acolhedor.<\/li>\n<li>Invista em ilumina\u00e7\u00e3o que destaque o espa\u00e7o \u00e0 noite.<\/li>\n<li>Combine materiais como madeira e metal para um visual moderno e elegante.<\/li>\n<li>Considere coberturas retr\u00e1teis para flexibilidade e controle de luz e sombra.<\/li>\n<\/ul>\n<h3>Benef\u00edcios de ter uma garagem bem coberta<\/h3>\n<p>Al\u00e9m de proteger seu carro de sol e chuva, uma garagem coberta <b>oferece mais seguran\u00e7a e conforto para voc\u00ea e sua fam\u00edlia.<\/b><\/p>\n<p>Um espa\u00e7o coberto tamb\u00e9m valoriza a casa, tornando o im\u00f3vel mais atraente para futuros compradores.<\/p>\n<p>Sem falar na praticidade di\u00e1ria que essa prote\u00e7\u00e3o traz para sua rotina.<\/p>\n<p>Agora que voc\u00ea j\u00e1 sabe como escolher a cobertura ideal, que tal come\u00e7ar a planejar a sua?<\/p>\n<p><b>Se curtiu essas dicas, deixe um coment\u00e1rio contando sua experi\u00eancia ou d\u00favidas!<\/b> Explore tamb\u00e9m nossos outros conte\u00fados sobre decora\u00e7\u00e3o e reformas para deixar seu lar sempre lindo.<\/p>\n<img decoding=\"async\" src=\"https:\/\/www.aarquiteta.com.br\/blog\/wp-content\/uploads\/2026\/03\/Como-escolher-a-cobertura-ideal-para-proteger-e-valorizar-sua-garagem-04.jpg\" alt=\"Como escolher a cobertura ideal para proteger e valorizar sua garagem\" width=\"1024\" height=\"1024\" title=\"\"> Como escolher a cobertura ideal para proteger e valorizar sua garagem\/caption]\n","protected":false},"excerpt":{"rendered":"<p>Escolher a cobertura ideal para sua garagem transforma prote\u00e7\u00e3o e valor est\u00e9tico com praticidade e estilo. Sem d\u00favida, \u00e9 um investimento inteligente para todo dono de carro. Por que escolher a cobertura certa para sua garagem? Voc\u00ea j\u00e1 parou para pensar que a cobertura da garagem n\u00e3o \u00e9 s\u00f3 prote\u00e7\u00e3o, mas tamb\u00e9m um complemento do [&hellip;]<\/p>\n","protected":false},"author":20,"featured_media":156931,"comment_status":"open","ping_status":"","sticky":false,"template":"","format":"standard","meta":{"footnotes":""},"categories":[],"tags":[],"class_list":["post-156932","post","type-post","status-publish","format-standard","has-post-thumbnail"],"_wp_attached_file":null,"_wp_attachment_metadata":null,"_wp_attachment_context":null,"_wp_attachment_is_custom_header":null,"geo_longitude":null,"geo_public":null,"geo_latitude":null,"_publicize_done_external":null,"_wpas_done_3897181":null,"publicize_twitter_user":null,"_wpas_done_3897175":null,"_wpas_skip_3897181":null,"_wpas_skip_3897175":null,"_wpas_skip_3924723":null,"_wpas_mess":null,"_wpas_done_3924723":null,"wps_subtitle":"","_links":{"self":[{"href":"https:\/\/www.aarquiteta.com.br\/blog\/wp-json\/wp\/v2\/posts\/156932","targetHints":{"allow":["GET"]}}],"collection":[{"href":"https:\/\/www.aarquiteta.com.br\/blog\/wp-json\/wp\/v2\/posts"}],"about":[{"href":"https:\/\/www.aarquiteta.com.br\/blog\/wp-json\/wp\/v2\/types\/post"}],"author":[{"embeddable":true,"href":"https:\/\/www.aarquiteta.com.br\/blog\/wp-json\/wp\/v2\/users\/20"}],"replies":[{"embeddable":true,"href":"https:\/\/www.aarquiteta.com.br\/blog\/wp-json\/wp\/v2\/comments?post=156932"}],"version-history":[{"count":0,"href":"https:\/\/www.aarquiteta.com.br\/blog\/wp-json\/wp\/v2\/posts\/156932\/revisions"}],"wp:featuredmedia":[{"embeddable":true,"href":"https:\/\/www.aarquiteta.com.br\/blog\/wp-json\/wp\/v2\/media\/156931"}],"wp:attachment":[{"href":"https:\/\/www.aarquiteta.com.br\/blog\/wp-json\/wp\/v2\/media?parent=156932"}],"wp:term":[{"taxonomy":"category","embeddable":true,"href":"https:\/\/www.aarquiteta.com.br\/blog\/wp-json\/wp\/v2\/categories?post=156932"},{"taxonomy":"post_tag","embeddable":true,"href":"https:\/\/www.aarquiteta.com.br\/blog\/wp-json\/wp\/v2\/tags?post=156932"}],"curies":[{"name":"wp","href":"https:\/\/api.w.org\/{rel}","templated":true}]}}