{"id":156927,"date":"2026-03-07T18:02:45","date_gmt":"2026-03-07T21:02:45","guid":{"rendered":"https:\/\/www.aarquiteta.com.br\/blog\/macrame-de-parede-2\/"},"modified":"2026-03-07T18:02:45","modified_gmt":"2026-03-07T21:02:45","slug":"macrame-de-parede-2","status":"publish","type":"post","link":"https:\/\/www.aarquiteta.com.br\/blog\/macrame-de-parede-2\/","title":{"rendered":"Inspire sua decora\u00e7\u00e3o com o charme vers\u00e1til do macram\u00ea de parede"},"content":{"rendered":"<p><b>Quer dar um toque \u00fanico na sua decora\u00e7\u00e3o?<\/b> O macram\u00ea de parede \u00e9 a op\u00e7\u00e3o que traz charme, aconchego e versatilidade para qualquer ambiente.<\/p>\n<h3>O que \u00e9 macram\u00ea de parede e por que ele conquista tanta gente<\/h3>\n<p>Voc\u00ea j\u00e1 reparou no charme artesanal que o macram\u00ea adiciona a uma parede? <b>Essa t\u00e9cnica milenar utiliza s\u00f3 as m\u00e3os e fios para criar n\u00f3s incr\u00edveis.<\/b> Al\u00e9m de decorativo, ele tem um jeitinho aconchegante que transforma ambientes.<\/p>\n<p>O macram\u00ea de parede transcende estilos \u2014 do boho ao r\u00fastico, do moderno ao minimalista. <b>\u00c9 como um abra\u00e7o t\u00eaxtil, que traz vida \u00e0s paredes com suas tramas delicadas.<\/b><\/p>\n<p>Sem falar que a versatilidade do macram\u00ea surpreende: voc\u00ea pode fazer pe\u00e7as pequenas ou pain\u00e9is enormes, coloridos ou neutros, adequados para qualquer cantinho.<\/p>\n<img decoding=\"async\" src=\"https:\/\/www.aarquiteta.com.br\/blog\/wp-content\/uploads\/2026\/03\/Inspire-sua-decorayyo-com-o-charme-versytil-do-macramy-de-parede-01.jpg\" alt=\"Inspire sua decora\u00e7\u00e3o com o charme vers\u00e1til do macram\u00ea de parede\" width=\"1024\" height=\"1024\" title=\"\"> Inspire sua decora\u00e7\u00e3o com o charme vers\u00e1til do macram\u00ea de parede\/caption]\n<h3>Como come\u00e7ar a criar seu pr\u00f3prio macram\u00ea de parede<\/h3>\n<p>Quer tentar fazer seu macram\u00ea? <b>\u00c9 super acess\u00edvel!<\/b> Voc\u00ea s\u00f3 precisa de barbante, paci\u00eancia e vontade de aprender.<\/p>\n<p>Modelos simples s\u00e3o perfeitos para iniciantes. <b>Aprender os n\u00f3s b\u00e1sicos \u00e9 como desvendar um c\u00f3digo que cria beleza e textura.<\/b> Depois, \u00e9 s\u00f3 soltar a imagina\u00e7\u00e3o!<\/p>\n<p>Se animar, d\u00e1 para incrementar e fazer suportes para vasos, folhas em macram\u00ea ou at\u00e9 arco-\u00edris pendurados.<\/p>\n<img decoding=\"async\" src=\"https:\/\/www.aarquiteta.com.br\/blog\/wp-content\/uploads\/2026\/03\/Inspire-sua-decorayyo-com-o-charme-versytil-do-macramy-de-parede-02.jpg\" alt=\"Inspire sua decora\u00e7\u00e3o com o charme vers\u00e1til do macram\u00ea de parede\" width=\"1024\" height=\"1024\" title=\"\"> Inspire sua decora\u00e7\u00e3o com o charme vers\u00e1til do macram\u00ea de parede\/caption]\n<h3>7 ideias para usar macram\u00ea de parede na decora\u00e7\u00e3o<\/h3>\n<ul>\n<li><b>Suporte para vasos:<\/b> pendure suas plantas com estilo e praticidade.<\/li>\n<li><b>Painel decorativo grande:<\/b> destaque uma parede com uma pe\u00e7a natural e texturizada.<\/li>\n<li><b>Quadros simples com macram\u00ea:<\/b> combine com fotos e outros enfeites.<\/li>\n<li><b>Modelos em cores neutras:<\/b> \u00f3timo para ambientes clean e sofisticados.<\/li>\n<li><b>Macram\u00ea colorido:<\/b> adicione um ponto vibrante na parede da sala ou do quarto.<\/li>\n<li><b>Pequenos pain\u00e9is juntos:<\/b> crie composi\u00e7\u00f5es diferentes para um olhar art\u00edstico.<\/li>\n<li><b>Formato de folha ou arco-\u00edris:<\/b> detalhes \u00fanicos que encantam e s\u00e3o f\u00e1ceis de fazer.<\/li>\n<\/ul>\n<img decoding=\"async\" src=\"https:\/\/www.aarquiteta.com.br\/blog\/wp-content\/uploads\/2026\/03\/Inspire-sua-decorayyo-com-o-charme-versytil-do-macramy-de-parede-03.jpg\" alt=\"Inspire sua decora\u00e7\u00e3o com o charme vers\u00e1til do macram\u00ea de parede\" width=\"1024\" height=\"1024\" title=\"\"> Inspire sua decora\u00e7\u00e3o com o charme vers\u00e1til do macram\u00ea de parede\/caption]\n<h3>Tabela comparativa dos principais tipos de macram\u00ea de parede<\/h3>\n<table border=\"1\" cellpadding=\"8\" cellspacing=\"0\" style=\"border-collapse: collapse; width: 100%;\">\n<thead>\n<tr>\n<th>Modelo<\/th>\n<th>Complexidade<\/th>\n<th>Uso Ideal<\/th>\n<th>Material Principal<\/th>\n<th>Estilo da Decora\u00e7\u00e3o<\/th>\n<\/tr>\n<\/thead>\n<tbody>\n<tr>\n<td>Simples para iniciantes<\/td>\n<td>F\u00e1cil<\/td>\n<td>Quarto, sala pequena<\/td>\n<td>Barbante ou cord\u00e3o de algod\u00e3o<\/td>\n<td>Boho, minimalista<\/td>\n<\/tr>\n<tr>\n<td>Suporte para vaso<\/td>\n<td>M\u00e9dio<\/td>\n<td>Varanda, escrit\u00f3rio<\/td>\n<td>Barbante e madeira<\/td>\n<td>R\u00fastico, natural<\/td>\n<\/tr>\n<tr>\n<td>Painel grande decorativo<\/td>\n<td>Avan\u00e7ado<\/td>\n<td>Sala, parede principal<\/td>\n<td>Cord\u00e3o grosso, l\u00e3<\/td>\n<td>Boho, contempor\u00e2neo<\/td>\n<\/tr>\n<tr>\n<td>Formato especial (folha\/arco-\u00edris)<\/td>\n<td>M\u00e9dio<\/td>\n<td>Quarto infantil, varal decorativo<\/td>\n<td>Fio de malha, algod\u00e3o<\/td>\n<td>Divertido, delicado<\/td>\n<\/tr>\n<\/tbody>\n<\/table>\n<img decoding=\"async\" src=\"https:\/\/www.aarquiteta.com.br\/blog\/wp-content\/uploads\/2026\/03\/Inspire-sua-decorayyo-com-o-charme-versytil-do-macramy-de-parede-04.jpg\" alt=\"Inspire sua decora\u00e7\u00e3o com o charme vers\u00e1til do macram\u00ea de parede\" width=\"1024\" height=\"1024\" title=\"\"> Inspire sua decora\u00e7\u00e3o com o charme vers\u00e1til do macram\u00ea de parede\/caption]\n","protected":false},"excerpt":{"rendered":"<p>Quer dar um toque \u00fanico na sua decora\u00e7\u00e3o? O macram\u00ea de parede \u00e9 a op\u00e7\u00e3o que traz charme, aconchego e versatilidade para qualquer ambiente. O que \u00e9 macram\u00ea de parede e por que ele conquista tanta gente Voc\u00ea j\u00e1 reparou no charme artesanal que o macram\u00ea adiciona a uma parede? Essa t\u00e9cnica milenar utiliza s\u00f3 [&hellip;]<\/p>\n","protected":false},"author":20,"featured_media":156926,"comment_status":"open","ping_status":"","sticky":false,"template":"","format":"standard","meta":{"footnotes":""},"categories":[],"tags":[],"class_list":["post-156927","post","type-post","status-publish","format-standard","has-post-thumbnail"],"_wp_attached_file":null,"_wp_attachment_metadata":null,"_wp_attachment_context":null,"_wp_attachment_is_custom_header":null,"geo_longitude":null,"geo_public":null,"geo_latitude":null,"_publicize_done_external":null,"_wpas_done_3897181":null,"publicize_twitter_user":null,"_wpas_done_3897175":null,"_wpas_skip_3897181":null,"_wpas_skip_3897175":null,"_wpas_skip_3924723":null,"_wpas_mess":null,"_wpas_done_3924723":null,"wps_subtitle":"","_links":{"self":[{"href":"https:\/\/www.aarquiteta.com.br\/blog\/wp-json\/wp\/v2\/posts\/156927","targetHints":{"allow":["GET"]}}],"collection":[{"href":"https:\/\/www.aarquiteta.com.br\/blog\/wp-json\/wp\/v2\/posts"}],"about":[{"href":"https:\/\/www.aarquiteta.com.br\/blog\/wp-json\/wp\/v2\/types\/post"}],"author":[{"embeddable":true,"href":"https:\/\/www.aarquiteta.com.br\/blog\/wp-json\/wp\/v2\/users\/20"}],"replies":[{"embeddable":true,"href":"https:\/\/www.aarquiteta.com.br\/blog\/wp-json\/wp\/v2\/comments?post=156927"}],"version-history":[{"count":0,"href":"https:\/\/www.aarquiteta.com.br\/blog\/wp-json\/wp\/v2\/posts\/156927\/revisions"}],"wp:featuredmedia":[{"embeddable":true,"href":"https:\/\/www.aarquiteta.com.br\/blog\/wp-json\/wp\/v2\/media\/156926"}],"wp:attachment":[{"href":"https:\/\/www.aarquiteta.com.br\/blog\/wp-json\/wp\/v2\/media?parent=156927"}],"wp:term":[{"taxonomy":"category","embeddable":true,"href":"https:\/\/www.aarquiteta.com.br\/blog\/wp-json\/wp\/v2\/categories?post=156927"},{"taxonomy":"post_tag","embeddable":true,"href":"https:\/\/www.aarquiteta.com.br\/blog\/wp-json\/wp\/v2\/tags?post=156927"}],"curies":[{"name":"wp","href":"https:\/\/api.w.org\/{rel}","templated":true}]}}