{"id":156917,"date":"2026-03-07T02:03:01","date_gmt":"2026-03-07T05:03:01","guid":{"rendered":"https:\/\/www.aarquiteta.com.br\/blog\/rack-para-sala-grande-3\/"},"modified":"2026-03-07T02:03:01","modified_gmt":"2026-03-07T05:03:01","slug":"rack-para-sala-grande-3","status":"publish","type":"post","link":"https:\/\/www.aarquiteta.com.br\/blog\/rack-para-sala-grande-3\/","title":{"rendered":"Como Escolher o Rack Ideal para Decorar e Organizar sua Sala Grande com Estilo"},"content":{"rendered":"<p><b>Escolher o rack ideal para a sua sala grande \u00e9 essencial para unir estilo e organiza\u00e7\u00e3o, preenchendo espa\u00e7os com eleg\u00e2ncia e funcionalidade.<\/b><\/p>\n<h3>Por que o rack faz diferen\u00e7a em salas grandes?<\/h3>\n<p><b>Voc\u00ea j\u00e1 reparou como um rack transforma completamente a sala?<\/b> Ele organiza fios, guarda objetos e ainda valoriza a decora\u00e7\u00e3o. Em ambientes amplos, esse m\u00f3vel vira o protagonista que preenche o espa\u00e7o com charme.<\/p>\n<p><b>Muita gente quer um ambiente sofisticado, mas fica travada na escolha do rack.<\/b> Hoje, vou mostrar como encontrar o modelo perfeito para deixar sua sala grande pr\u00e1tica e linda.<\/p>\n<p><b>Vamos falar sobre estilos, tamanhos, cores e dicas para combinar seu rack com o restante da decora\u00e7\u00e3o.<\/b> Aposto que voc\u00ea vai se apaixonar pelas ideias que preparei!<\/p>\n<img decoding=\"async\" src=\"https:\/\/www.aarquiteta.com.br\/blog\/wp-content\/uploads\/2026\/03\/Como-Escolher-o-Rack-Ideal-para-Decorar-e-Organizar-sua-Sala-Grande-com-Estilo-01.jpg\" alt=\"Como Escolher o Rack Ideal para Decorar e Organizar sua Sala Grande com Estilo\" width=\"1024\" height=\"1024\" title=\"\"> Como Escolher o Rack Ideal para Decorar e Organizar sua Sala Grande com Estilo\/caption]\n<h3>1. Op\u00e7\u00f5es de racks: modernos, cl\u00e1ssicos e planejados<\/h3>\n<p>O rack para sala grande pode ser moderno, com linhas retas e design minimalista, ou cl\u00e1ssico, com detalhes elegantes. <\/p>\n<p>Se quiser algo sob medida, os modelos planejados garantem perfei\u00e7\u00e3o no espa\u00e7o e estilo exclusivos.<\/p>\n<h3>2. Cuide do tamanho para preencher sem exagerar<\/h3>\n<p>Para salas amplas, racks largos, que acompanham a parede, s\u00e3o ideais. Assim, <b>voc\u00ea evita que o ambiente pare\u00e7a vazio ou desorganizado.<\/b><\/p>\n<p>Mas, se preferir algo menor, combine com mesas laterais ou prateleiras para harmonizar o espa\u00e7o.<\/p>\n<h3>3. Escolha entre arm\u00e1rios fechados ou prateleiras abertas<\/h3>\n<p>Rack com arm\u00e1rios fechados \u00e9 perfeito para quem quer manter a sala sempre arrumada, escondendo eletr\u00f4nicos e objetos.<\/p>\n<p>J\u00e1 racks com prateleiras exp\u00f5em livros, quadros e decora\u00e7\u00f5es, criando um visual mais leve e personalizado.<\/p>\n<img decoding=\"async\" src=\"https:\/\/www.aarquiteta.com.br\/blog\/wp-content\/uploads\/2026\/03\/Como-Escolher-o-Rack-Ideal-para-Decorar-e-Organizar-sua-Sala-Grande-com-Estilo-02.jpg\" alt=\"Como Escolher o Rack Ideal para Decorar e Organizar sua Sala Grande com Estilo\" width=\"1024\" height=\"1024\" title=\"\"> Como Escolher o Rack Ideal para Decorar e Organizar sua Sala Grande com Estilo\/caption]\n<h3>4. A cor do rack influencia na percep\u00e7\u00e3o do ambiente<\/h3>\n<p>Racks claros ampliam ainda mais a sua sala grande, dando sensa\u00e7\u00e3o de amplitude.<\/p>\n<p>J\u00e1 os tons escuros d\u00e3o uma <b>sensa\u00e7\u00e3o de conforto e aconchego, ideal para ambientes mais sofisticados.<\/b><\/p>\n<h3>5. Aproveitamento para aparelhos eletr\u00f4nicos e cabos<\/h3>\n<p>Um rack bem planejado tem espa\u00e7o para TV, home theater e cabos escondidos, mantendo tudo limpo e sem bagun\u00e7a.<\/p>\n<p><b>Isso torna o uso do espa\u00e7o mais pr\u00e1tico e funcional no dia a dia.<\/b><\/p>\n<h3>6. Design suspenso ou de ch\u00e3o: qual escolher?<\/h3>\n<p>Racks suspensos s\u00e3o tend\u00eancia e d\u00e3o leveza visual, facilitando a limpeza do ch\u00e3o.<\/p>\n<p>O tradicional rack de ch\u00e3o \u00e9 mais f\u00e1cil de encontrar e combina com a maioria dos estilos.<\/p>\n<h3>7. Complementos que valorizam o rack na decora\u00e7\u00e3o<\/h3>\n<p>Prateleiras acima do rack para objetos decorativos, quadros ou livros fazem toda a diferen\u00e7a no visual.<\/p>\n<p><b>Al\u00e9m disso, investir numa mesa de centro entre o sof\u00e1 e o rack cria um ambiente integrado e acolhedor.<\/b><\/p>\n<img decoding=\"async\" src=\"https:\/\/www.aarquiteta.com.br\/blog\/wp-content\/uploads\/2026\/03\/Como-Escolher-o-Rack-Ideal-para-Decorar-e-Organizar-sua-Sala-Grande-com-Estilo-03.jpg\" alt=\"Como Escolher o Rack Ideal para Decorar e Organizar sua Sala Grande com Estilo\" width=\"1024\" height=\"1024\" title=\"\"> Como Escolher o Rack Ideal para Decorar e Organizar sua Sala Grande com Estilo\/caption]\n<h3>8. Invista em m\u00f3veis planejados para exclusividade e organiza\u00e7\u00e3o<\/h3>\n<p>Se quer garantir que o rack fique exatamente do seu jeito, o m\u00f3vel planejado \u00e9 a melhor escolha.<\/p>\n<p>Ele se encaixa perfeitamente no espa\u00e7o e permite detalhes personalizados, elevando o estilo da sala.<\/p>\n<table border=\"1\" cellpadding=\"8\" cellspacing=\"0\" style=\"border-collapse: collapse; width:100%; margin-top:20px;\">\n<thead>\n<tr style=\"background-color:#f2f2f2;\">\n<th>Aspecto<\/th>\n<th>Vantagens<\/th>\n<th>Indica\u00e7\u00e3o<\/th>\n<\/tr>\n<\/thead>\n<tbody>\n<tr>\n<td>Racks amplos<\/td>\n<td>Preenchem espa\u00e7os grandes, evitam sensa\u00e7\u00e3o de vazio<\/td>\n<td>Salas largas e com paredes grandes<\/td>\n<\/tr>\n<tr>\n<td>Arm\u00e1rios fechados<\/td>\n<td>Organiza\u00e7\u00e3o discreta, esconde objetos e cabos<\/td>\n<td>Quem quer sala sempre arrumada<\/td>\n<\/tr>\n<tr>\n<td>Prateleiras abertas<\/td>\n<td>Decorativo, permite exposi\u00e7\u00e3o de objetos<\/td>\n<td>Ambientes descontra\u00eddos e personalizados<\/td>\n<\/tr>\n<tr>\n<td>Racks suspensos<\/td>\n<td>Visual leve, facilita limpeza<\/td>\n<td>Salas modernas e minimalistas<\/td>\n<\/tr>\n<tr>\n<td>Racks de ch\u00e3o<\/td>\n<td>Variedade de modelos, f\u00e1cil de encontrar<\/td>\n<td>Estilos diversos, tradicionais e contempor\u00e2neos<\/td>\n<\/tr>\n<\/tbody>\n<\/table>\n<p>Agora que voc\u00ea j\u00e1 tem as dicas para escolher o <b>rack ideal para sua sala grande<\/b>, fica mais f\u00e1cil unir beleza e funcionalidade.<\/p>\n<p>Ent\u00e3o, bora deixar sua sala do jeitinho que voc\u00ea sempre sonhou? <\/p>\n<p>Se gostou dessas ideias, conta para mim nos coment\u00e1rios qual modelo combina mais com o seu estilo!<\/p>\n<p>Quer continuar por dentro de decora\u00e7\u00e3o? Confira tamb\u00e9m tutoriais para escolher o sof\u00e1 perfeito e l\u00e2mpadas que valorizam sua sala.<\/p>\n<img decoding=\"async\" src=\"https:\/\/www.aarquiteta.com.br\/blog\/wp-content\/uploads\/2026\/03\/Como-Escolher-o-Rack-Ideal-para-Decorar-e-Organizar-sua-Sala-Grande-com-Estilo-04.jpg\" alt=\"Como Escolher o Rack Ideal para Decorar e Organizar sua Sala Grande com Estilo\" width=\"1024\" height=\"1024\" title=\"\"> Como Escolher o Rack Ideal para Decorar e Organizar sua Sala Grande com Estilo\/caption]\n","protected":false},"excerpt":{"rendered":"<p>Escolher o rack ideal para a sua sala grande \u00e9 essencial para unir estilo e organiza\u00e7\u00e3o, preenchendo espa\u00e7os com eleg\u00e2ncia e funcionalidade. Por que o rack faz diferen\u00e7a em salas grandes? Voc\u00ea j\u00e1 reparou como um rack transforma completamente a sala? Ele organiza fios, guarda objetos e ainda valoriza a decora\u00e7\u00e3o. Em ambientes amplos, esse [&hellip;]<\/p>\n","protected":false},"author":20,"featured_media":156916,"comment_status":"open","ping_status":"","sticky":false,"template":"","format":"standard","meta":{"footnotes":""},"categories":[],"tags":[],"class_list":["post-156917","post","type-post","status-publish","format-standard","has-post-thumbnail"],"_wp_attached_file":null,"_wp_attachment_metadata":null,"_wp_attachment_context":null,"_wp_attachment_is_custom_header":null,"geo_longitude":null,"geo_public":null,"geo_latitude":null,"_publicize_done_external":null,"_wpas_done_3897181":null,"publicize_twitter_user":null,"_wpas_done_3897175":null,"_wpas_skip_3897181":null,"_wpas_skip_3897175":null,"_wpas_skip_3924723":null,"_wpas_mess":null,"_wpas_done_3924723":null,"wps_subtitle":"","_links":{"self":[{"href":"https:\/\/www.aarquiteta.com.br\/blog\/wp-json\/wp\/v2\/posts\/156917","targetHints":{"allow":["GET"]}}],"collection":[{"href":"https:\/\/www.aarquiteta.com.br\/blog\/wp-json\/wp\/v2\/posts"}],"about":[{"href":"https:\/\/www.aarquiteta.com.br\/blog\/wp-json\/wp\/v2\/types\/post"}],"author":[{"embeddable":true,"href":"https:\/\/www.aarquiteta.com.br\/blog\/wp-json\/wp\/v2\/users\/20"}],"replies":[{"embeddable":true,"href":"https:\/\/www.aarquiteta.com.br\/blog\/wp-json\/wp\/v2\/comments?post=156917"}],"version-history":[{"count":0,"href":"https:\/\/www.aarquiteta.com.br\/blog\/wp-json\/wp\/v2\/posts\/156917\/revisions"}],"wp:featuredmedia":[{"embeddable":true,"href":"https:\/\/www.aarquiteta.com.br\/blog\/wp-json\/wp\/v2\/media\/156916"}],"wp:attachment":[{"href":"https:\/\/www.aarquiteta.com.br\/blog\/wp-json\/wp\/v2\/media?parent=156917"}],"wp:term":[{"taxonomy":"category","embeddable":true,"href":"https:\/\/www.aarquiteta.com.br\/blog\/wp-json\/wp\/v2\/categories?post=156917"},{"taxonomy":"post_tag","embeddable":true,"href":"https:\/\/www.aarquiteta.com.br\/blog\/wp-json\/wp\/v2\/tags?post=156917"}],"curies":[{"name":"wp","href":"https:\/\/api.w.org\/{rel}","templated":true}]}}