{"id":156912,"date":"2026-03-06T18:02:49","date_gmt":"2026-03-06T21:02:49","guid":{"rendered":"https:\/\/www.aarquiteta.com.br\/blog\/revestimento-amadeirado-2\/"},"modified":"2026-03-06T18:02:49","modified_gmt":"2026-03-06T21:02:49","slug":"revestimento-amadeirado-2","status":"publish","type":"post","link":"https:\/\/www.aarquiteta.com.br\/blog\/revestimento-amadeirado-2\/","title":{"rendered":"Inspira\u00e7\u00f5es elegantes para transformar sua casa com revestimento amadeirado"},"content":{"rendered":"<p><b>Revestimento amadeirado traz eleg\u00e2ncia e aconchego para qualquer ambiente da casa, seja com detalhes ou em todo o c\u00f4modo.<\/b><\/p>\n<h3>Por que escolher revestimento amadeirado para sua casa?<\/h3>\n<p>Voc\u00ea j\u00e1 pensou em como o revestimento amadeirado pode mudar totalmente o visual da sua casa? <b>Ele oferece um toque r\u00fastico e sofisticado<\/b> ao mesmo tempo, perfeito para quem quer unir beleza e conforto.<\/p>\n<p>Al\u00e9m disso, \u00e9 vers\u00e1til: pode cobrir paredes, pisos e at\u00e9 \u00e1reas externas, <b>criando ambientes com charme e personalidade.<\/b><\/p>\n<img decoding=\"async\" src=\"https:\/\/www.aarquiteta.com.br\/blog\/wp-content\/uploads\/2026\/03\/Inspirayyes-elegantes-para-transformar-sua-casa-com-revestimento-amadeirado-01.jpg\" alt=\"Inspira\u00e7\u00f5es elegantes para transformar sua casa com revestimento amadeirado\" width=\"1024\" height=\"1024\" title=\"\"> Inspira\u00e7\u00f5es elegantes para transformar sua casa com revestimento amadeirado\/caption]\n<h3>Como usar revestimento amadeirado em detalhes para transformar espa\u00e7os<\/h3>\n<p>\u00c0s vezes, um detalhe faz toda a diferen\u00e7a. <b>Use o revestimento amadeirado para destacar uma parede ou uma escada,<\/b> criando foco visual que eleva a decora\u00e7\u00e3o.<\/p>\n<p>Essa t\u00e9cnica \u00e9 \u00f3tima para quem tem medo de exagerar, mas quer aquecer o ambiente com estilo.<\/p>\n<h3>Revestimento amadeirado em c\u00f4modos inteiros: quando apostar?<\/h3>\n<p>Revestir a sala de jantar ou o quarto inteiro com madeira d\u00e1 aquele ar acolhedor que todo mundo deseja. <b>N\u00e3o tenha medo de usar grandes \u00e1reas,<\/b> pois o acabamento cria um espa\u00e7o sofisticado e elegante.<\/p>\n<p>O segredo est\u00e1 em combinar com m\u00f3veis e cores neutras para manter a harmonia.<\/p>\n<img decoding=\"async\" src=\"https:\/\/www.aarquiteta.com.br\/blog\/wp-content\/uploads\/2026\/03\/Inspirayyes-elegantes-para-transformar-sua-casa-com-revestimento-amadeirado-02.jpg\" alt=\"Inspira\u00e7\u00f5es elegantes para transformar sua casa com revestimento amadeirado\" width=\"1024\" height=\"1024\" title=\"\"> Inspira\u00e7\u00f5es elegantes para transformar sua casa com revestimento amadeirado\/caption]\n<h3>Combina\u00e7\u00f5es de cores que real\u00e7am o revestimento amadeirado<\/h3>\n<p>Quer dar um toque especial? Aposte em <b>tons verdes, azuis e neutros,<\/b> que valorizam o aspecto natural da madeira.<\/p>\n<p>At\u00e9 m\u00f3veis brancos ou objetos dourados combinam super bem, dando contraste e leveza ao visual.<\/p>\n<h3>\u00c1reas externas e espa\u00e7os gourmet com revestimento amadeirado<\/h3>\n<p>Se pensa em um jardim, varanda ou \u00e1rea de churrasqueira, o revestimento amadeirado \u00e9 perfeito. <b>Ele transforma o espa\u00e7o, trazendo conforto e uma sensa\u00e7\u00e3o acolhedora,<\/b> ideal para relaxar ou receber amigos.<\/p>\n<p>Al\u00e9m disso, madeira e plantas formam uma dupla imbat\u00edvel para quem ama a natureza em casa.<\/p>\n<img decoding=\"async\" src=\"https:\/\/www.aarquiteta.com.br\/blog\/wp-content\/uploads\/2026\/03\/Inspirayyes-elegantes-para-transformar-sua-casa-com-revestimento-amadeirado-03.jpg\" alt=\"Inspira\u00e7\u00f5es elegantes para transformar sua casa com revestimento amadeirado\" width=\"1024\" height=\"1024\" title=\"\"> Inspira\u00e7\u00f5es elegantes para transformar sua casa com revestimento amadeirado\/caption]\n<h3>Tabela comparativa: tipos de revestimento amadeirado e suas aplica\u00e7\u00f5es<\/h3>\n<table border=\"1\" cellpadding=\"6\" cellspacing=\"0\" style=\"border-collapse:collapse; width:100%;\">\n<thead>\n<tr>\n<th><b>Tipo de Revestimento<\/b><\/th>\n<th><b>Onde Usar<\/b><\/th>\n<th><b>Estilo<\/b><\/th>\n<th><b>Benef\u00edcio<\/b><\/th>\n<\/tr>\n<\/thead>\n<tbody>\n<tr>\n<td>Madeira natural<\/td>\n<td>Paredes, pisos, m\u00f3veis<\/td>\n<td>R\u00fastico e sofisticado<\/td>\n<td>Durabilidade e aconchego<\/td>\n<\/tr>\n<tr>\n<td>Porcelanato amadeirado<\/td>\n<td>Banheiros, cozinhas, \u00e1reas externas<\/td>\n<td>Moderno e pr\u00e1tico<\/td>\n<td>Manuten\u00e7\u00e3o f\u00e1cil e resist\u00eancia<\/td>\n<\/tr>\n<tr>\n<td>Revestimento MDF ou laminado<\/td>\n<td>Detalhes em paredes e m\u00f3veis<\/td>\n<td>Vers\u00e1til e econ\u00f4mico<\/td>\n<td>R\u00e1pida instala\u00e7\u00e3o e variedade<\/td>\n<\/tr>\n<\/tbody>\n<\/table>\n<img decoding=\"async\" src=\"https:\/\/www.aarquiteta.com.br\/blog\/wp-content\/uploads\/2026\/03\/Inspirayyes-elegantes-para-transformar-sua-casa-com-revestimento-amadeirado-04.jpg\" alt=\"Inspira\u00e7\u00f5es elegantes para transformar sua casa com revestimento amadeirado\" width=\"1024\" height=\"1024\" title=\"\"> Inspira\u00e7\u00f5es elegantes para transformar sua casa com revestimento amadeirado\/caption]\n","protected":false},"excerpt":{"rendered":"<p>Revestimento amadeirado traz eleg\u00e2ncia e aconchego para qualquer ambiente da casa, seja com detalhes ou em todo o c\u00f4modo. Por que escolher revestimento amadeirado para sua casa? Voc\u00ea j\u00e1 pensou em como o revestimento amadeirado pode mudar totalmente o visual da sua casa? Ele oferece um toque r\u00fastico e sofisticado ao mesmo tempo, perfeito para [&hellip;]<\/p>\n","protected":false},"author":20,"featured_media":156911,"comment_status":"open","ping_status":"","sticky":false,"template":"","format":"standard","meta":{"footnotes":""},"categories":[],"tags":[],"class_list":["post-156912","post","type-post","status-publish","format-standard","has-post-thumbnail"],"_wp_attached_file":null,"_wp_attachment_metadata":null,"_wp_attachment_context":null,"_wp_attachment_is_custom_header":null,"geo_longitude":null,"geo_public":null,"geo_latitude":null,"_publicize_done_external":null,"_wpas_done_3897181":null,"publicize_twitter_user":null,"_wpas_done_3897175":null,"_wpas_skip_3897181":null,"_wpas_skip_3897175":null,"_wpas_skip_3924723":null,"_wpas_mess":null,"_wpas_done_3924723":null,"wps_subtitle":"","_links":{"self":[{"href":"https:\/\/www.aarquiteta.com.br\/blog\/wp-json\/wp\/v2\/posts\/156912","targetHints":{"allow":["GET"]}}],"collection":[{"href":"https:\/\/www.aarquiteta.com.br\/blog\/wp-json\/wp\/v2\/posts"}],"about":[{"href":"https:\/\/www.aarquiteta.com.br\/blog\/wp-json\/wp\/v2\/types\/post"}],"author":[{"embeddable":true,"href":"https:\/\/www.aarquiteta.com.br\/blog\/wp-json\/wp\/v2\/users\/20"}],"replies":[{"embeddable":true,"href":"https:\/\/www.aarquiteta.com.br\/blog\/wp-json\/wp\/v2\/comments?post=156912"}],"version-history":[{"count":0,"href":"https:\/\/www.aarquiteta.com.br\/blog\/wp-json\/wp\/v2\/posts\/156912\/revisions"}],"wp:featuredmedia":[{"embeddable":true,"href":"https:\/\/www.aarquiteta.com.br\/blog\/wp-json\/wp\/v2\/media\/156911"}],"wp:attachment":[{"href":"https:\/\/www.aarquiteta.com.br\/blog\/wp-json\/wp\/v2\/media?parent=156912"}],"wp:term":[{"taxonomy":"category","embeddable":true,"href":"https:\/\/www.aarquiteta.com.br\/blog\/wp-json\/wp\/v2\/categories?post=156912"},{"taxonomy":"post_tag","embeddable":true,"href":"https:\/\/www.aarquiteta.com.br\/blog\/wp-json\/wp\/v2\/tags?post=156912"}],"curies":[{"name":"wp","href":"https:\/\/api.w.org\/{rel}","templated":true}]}}