{"id":156907,"date":"2026-03-06T10:03:28","date_gmt":"2026-03-06T13:03:28","guid":{"rendered":"https:\/\/www.aarquiteta.com.br\/blog\/porta-de-correr-para-banheiro-3\/"},"modified":"2026-03-06T10:03:28","modified_gmt":"2026-03-06T13:03:28","slug":"porta-de-correr-para-banheiro-3","status":"publish","type":"post","link":"https:\/\/www.aarquiteta.com.br\/blog\/porta-de-correr-para-banheiro-3\/","title":{"rendered":"Porta de Correr para Banheiro: Dicas Essenciais para Otimizar Espa\u00e7o e Valorizar a Decora\u00e7\u00e3o"},"content":{"rendered":"<p><b>Porta de correr para banheiro \u00e9 a solu\u00e7\u00e3o perfeita para otimizar espa\u00e7o e transformar a decora\u00e7\u00e3o do seu ambiente.<\/b> Confira dicas pr\u00e1ticas e estilos incr\u00edveis!<\/p>\n<h3>Por que escolher porta de correr para banheiro?<\/h3>\n<p>Voc\u00ea j\u00e1 percebeu como uma porta comum pode atrapalhar um espa\u00e7o pequeno? A <b>porta de correr<\/b> \u00e9 ideal para quem precisa economizar cada cent\u00edmetro sem abrir m\u00e3o do estilo.<\/p>\n<p>Ela desliza suavemente, liberando espa\u00e7o na \u00e1rea interna do banheiro e ainda d\u00e1 um toque moderno \u00e0 decora\u00e7\u00e3o.<\/p>\n<img decoding=\"async\" src=\"https:\/\/www.aarquiteta.com.br\/blog\/wp-content\/uploads\/2026\/03\/Porta-de-Correr-para-Banheiro-Dicas-Essenciais-para-Otimizar-Espayo-e-Valorizar-a-Decorayyo-01.jpg\" alt=\"Porta de Correr para Banheiro: Dicas Essenciais para Otimizar Espa\u00e7o e Valorizar a Decora\u00e7\u00e3o\" width=\"1024\" height=\"1024\" title=\"\"> Porta de Correr para Banheiro: Dicas Essenciais para Otimizar Espa\u00e7o e Valorizar a Decora\u00e7\u00e3o\/caption]\n<h3>Principais materiais para porta de correr no banheiro<\/h3>\n<p>Existem v\u00e1rias op\u00e7\u00f5es, mas as mais populares s\u00e3o madeira, vidro e alum\u00ednio. Cada material traz suas vantagens:<\/p>\n<ul>\n<li><b>Madeira:<\/b> elegante, vers\u00e1til e aquece o ambiente com charme natural.<\/li>\n<li><b>Vidro:<\/b> ilumina o espa\u00e7o e \u00e9 perfeito para ambientes mais amplos.<\/li>\n<li><b>Alum\u00ednio:<\/b> resistente e \u00f3timo para um visual industrial e minimalista.<\/li>\n<\/ul>\n<h3>Modelos de porta de correr que otimizam espa\u00e7o<\/h3>\n<p>Voc\u00ea pode escolher entre diferentes estilos que v\u00e3o do cl\u00e1ssico ao r\u00fastico. Os mais conhecidos s\u00e3o:<\/p>\n<ul>\n<li><b>Porta celeiro:<\/b> r\u00fastica, charmosa e super em alta nas decora\u00e7\u00f5es modernas.<\/li>\n<li><b>Porta embutida:<\/b> desaparece na parede, dando um visual clean e sofisticado.<\/li>\n<li><b>Porta de vidro jateado:<\/b> combina privacidade com ilumina\u00e7\u00e3o natural.<\/li>\n<\/ul>\n<img decoding=\"async\" src=\"https:\/\/www.aarquiteta.com.br\/blog\/wp-content\/uploads\/2026\/03\/Porta-de-Correr-para-Banheiro-Dicas-Essenciais-para-Otimizar-Espayo-e-Valorizar-a-Decorayyo-02.jpg\" alt=\"Porta de Correr para Banheiro: Dicas Essenciais para Otimizar Espa\u00e7o e Valorizar a Decora\u00e7\u00e3o\" width=\"1024\" height=\"1024\" title=\"\"> Porta de Correr para Banheiro: Dicas Essenciais para Otimizar Espa\u00e7o e Valorizar a Decora\u00e7\u00e3o\/caption]\n<h3>Vantagens da porta de correr para banheiro<\/h3>\n<ul>\n<li><b>Economia de espa\u00e7o:<\/b> perfeita para ambientes pequenos ou estreitos.<\/li>\n<li><b>Facilidade de acesso:<\/b> evita portas batendo e acidentes em espa\u00e7os apertados.<\/li>\n<li><b>Est\u00e9tica personalizada:<\/b> pode ser destaque na decora\u00e7\u00e3o com cores e texturas.<\/li>\n<li><b>Valoriza\u00e7\u00e3o do im\u00f3vel:<\/b> apartamentos e casas ganham funcionalidade e estilo.<\/li>\n<\/ul>\n<h3>Cuidados na escolha e instala\u00e7\u00e3o<\/h3>\n<p>Ainda que maravilhosas, as portas de correr precisam de instala\u00e7\u00e3o cuidadosa para garantir o funcionamento perfeito.<\/p>\n<p>Escolha trilhos resistentes e certifique-se que a porta vai deslizar sem ru\u00eddos.<\/p>\n<h3>Comparativo r\u00e1pido: Porta de correr x Porta convencional<\/h3>\n<table border=\"1\" cellpadding=\"5\" cellspacing=\"0\">\n<tr>\n<th>Aspecto<\/th>\n<th>Porta de Correr<\/th>\n<th>Porta Convencional<\/th>\n<\/tr>\n<tr>\n<td>Uso de espa\u00e7o<\/td>\n<td><b>Otimiza cada cent\u00edmetro<\/b><\/td>\n<td>Ocupa \u00e1rea na abertura<\/td>\n<\/tr>\n<tr>\n<td>Estilo<\/td>\n<td>Moderna e sofisticada<\/td>\n<td>Tradicional e simples<\/td>\n<\/tr>\n<tr>\n<td>Privacidade<\/td>\n<td>Boa, mas sem isolamento total<\/td>\n<td><b>Isolamento ac\u00fastico e t\u00e9rmico melhor<\/b><\/td>\n<\/tr>\n<tr>\n<td>Instala\u00e7\u00e3o<\/td>\n<td>Requer trilhos e ajustes<\/td>\n<td><b>Mais simples e barata<\/b><\/td>\n<\/tr>\n<tr>\n<td>Valor<\/td>\n<td>Geralmente mais cara<\/td>\n<td><b>Mais acess\u00edvel<\/b><\/td>\n<\/tr>\n<\/table>\n<img decoding=\"async\" src=\"https:\/\/www.aarquiteta.com.br\/blog\/wp-content\/uploads\/2026\/03\/Porta-de-Correr-para-Banheiro-Dicas-Essenciais-para-Otimizar-Espayo-e-Valorizar-a-Decorayyo-03.jpg\" alt=\"Porta de Correr para Banheiro: Dicas Essenciais para Otimizar Espa\u00e7o e Valorizar a Decora\u00e7\u00e3o\" width=\"1024\" height=\"1024\" title=\"\"> Porta de Correr para Banheiro: Dicas Essenciais para Otimizar Espa\u00e7o e Valorizar a Decora\u00e7\u00e3o\/caption]\n<h3>Dicas para escolher a porta de correr ideal<\/h3>\n<ol>\n<li><b>Considere o espa\u00e7o dispon\u00edvel<\/b> \u2013 ambientes pequenos pedem modelos embutidos ou discretos.<\/li>\n<li><b>Pense no estilo do banheiro<\/b> \u2013 madeira para aconchego, vidro para modernidade.<\/li>\n<li><b>Avalie a necessidade de privacidade<\/b> \u2013 portas jateadas evitam a vis\u00e3o direta.<\/li>\n<li><b>Cheque o material do trilho<\/b> \u2013 precisa ser resistente para uso frequente.<\/li>\n<li><b>Valorize a manuten\u00e7\u00e3o f\u00e1cil<\/b> \u2013 alum\u00ednio e vidro s\u00e3o pr\u00e1ticos e duram muito.<\/li>\n<\/ol>\n<h3>Como a porta de correr valoriza a decora\u00e7\u00e3o do banheiro<\/h3>\n<p>Sabe aquele toque especial? A porta de correr pode ser o destaque que faltava na sua casa.<\/p>\n<p>Al\u00e9m de liberar espa\u00e7o, permite estilos incr\u00edveis, seja o r\u00fastico do celeiro ou a leveza do vidro transparente.<\/p>\n<p>Ela contribui para um ambiente harmonioso que impressiona e convida ao conforto.<\/p>\n<h3>Invista na funcionalidade e estilo do seu banheiro<\/h3>\n<p>Se voc\u00ea quer um banheiro pr\u00e1tico e cheio de personalidade, <b>aposte na porta de correr.<\/b><\/p>\n<p>Ela \u00e9 uma solu\u00e7\u00e3o f\u00e1cil e eficiente para quem valoriza espa\u00e7o e beleza. Que tal renovar seu banheiro hoje mesmo?<\/p>\n<p>Deixe seu coment\u00e1rio contando qual estilo voc\u00ea prefere! Continue navegando para mais dicas incr\u00edveis de decora\u00e7\u00e3o e otimiza\u00e7\u00e3o.<\/p>\n<p><b>Palavras-chave relacionadas:<\/b> porta de correr embutida, porta de correr de vidro, porta de correr em madeira, decora\u00e7\u00e3o para banheiro pequeno, otimiza\u00e7\u00e3o de espa\u00e7o, banheiro funcional, portas modernas, trilhos para porta de correr.<\/p>\n<img decoding=\"async\" src=\"https:\/\/www.aarquiteta.com.br\/blog\/wp-content\/uploads\/2026\/03\/Porta-de-Correr-para-Banheiro-Dicas-Essenciais-para-Otimizar-Espayo-e-Valorizar-a-Decorayyo-04.jpg\" alt=\"Porta de Correr para Banheiro: Dicas Essenciais para Otimizar Espa\u00e7o e Valorizar a Decora\u00e7\u00e3o\" width=\"1024\" height=\"1024\" title=\"\"> Porta de Correr para Banheiro: Dicas Essenciais para Otimizar Espa\u00e7o e Valorizar a Decora\u00e7\u00e3o\/caption]\n","protected":false},"excerpt":{"rendered":"<p>Porta de correr para banheiro \u00e9 a solu\u00e7\u00e3o perfeita para otimizar espa\u00e7o e transformar a decora\u00e7\u00e3o do seu ambiente. Confira dicas pr\u00e1ticas e estilos incr\u00edveis! Por que escolher porta de correr para banheiro? Voc\u00ea j\u00e1 percebeu como uma porta comum pode atrapalhar um espa\u00e7o pequeno? A porta de correr \u00e9 ideal para quem precisa economizar [&hellip;]<\/p>\n","protected":false},"author":20,"featured_media":156906,"comment_status":"open","ping_status":"","sticky":false,"template":"","format":"standard","meta":{"footnotes":""},"categories":[],"tags":[],"class_list":["post-156907","post","type-post","status-publish","format-standard","has-post-thumbnail"],"_wp_attached_file":null,"_wp_attachment_metadata":null,"_wp_attachment_context":null,"_wp_attachment_is_custom_header":null,"geo_longitude":null,"geo_public":null,"geo_latitude":null,"_publicize_done_external":null,"_wpas_done_3897181":null,"publicize_twitter_user":null,"_wpas_done_3897175":null,"_wpas_skip_3897181":null,"_wpas_skip_3897175":null,"_wpas_skip_3924723":null,"_wpas_mess":null,"_wpas_done_3924723":null,"wps_subtitle":"","_links":{"self":[{"href":"https:\/\/www.aarquiteta.com.br\/blog\/wp-json\/wp\/v2\/posts\/156907","targetHints":{"allow":["GET"]}}],"collection":[{"href":"https:\/\/www.aarquiteta.com.br\/blog\/wp-json\/wp\/v2\/posts"}],"about":[{"href":"https:\/\/www.aarquiteta.com.br\/blog\/wp-json\/wp\/v2\/types\/post"}],"author":[{"embeddable":true,"href":"https:\/\/www.aarquiteta.com.br\/blog\/wp-json\/wp\/v2\/users\/20"}],"replies":[{"embeddable":true,"href":"https:\/\/www.aarquiteta.com.br\/blog\/wp-json\/wp\/v2\/comments?post=156907"}],"version-history":[{"count":0,"href":"https:\/\/www.aarquiteta.com.br\/blog\/wp-json\/wp\/v2\/posts\/156907\/revisions"}],"wp:featuredmedia":[{"embeddable":true,"href":"https:\/\/www.aarquiteta.com.br\/blog\/wp-json\/wp\/v2\/media\/156906"}],"wp:attachment":[{"href":"https:\/\/www.aarquiteta.com.br\/blog\/wp-json\/wp\/v2\/media?parent=156907"}],"wp:term":[{"taxonomy":"category","embeddable":true,"href":"https:\/\/www.aarquiteta.com.br\/blog\/wp-json\/wp\/v2\/categories?post=156907"},{"taxonomy":"post_tag","embeddable":true,"href":"https:\/\/www.aarquiteta.com.br\/blog\/wp-json\/wp\/v2\/tags?post=156907"}],"curies":[{"name":"wp","href":"https:\/\/api.w.org\/{rel}","templated":true}]}}