{"id":156902,"date":"2026-03-06T02:03:00","date_gmt":"2026-03-06T05:03:00","guid":{"rendered":"https:\/\/www.aarquiteta.com.br\/blog\/ideias-para-separar-a-cozinha-da-lavanderia-7\/"},"modified":"2026-03-06T02:03:00","modified_gmt":"2026-03-06T05:03:00","slug":"ideias-para-separar-a-cozinha-da-lavanderia-7","status":"publish","type":"post","link":"https:\/\/www.aarquiteta.com.br\/blog\/ideias-para-separar-a-cozinha-da-lavanderia-7\/","title":{"rendered":"Como separar a cozinha da lavanderia com estilo e praticidade"},"content":{"rendered":"<p><b>Quer separar a cozinha da lavanderia com estilo e praticidade? Aqui voc\u00ea encontra solu\u00e7\u00f5es f\u00e1ceis e elegantes para transformar seu espa\u00e7o integrado!<\/b><\/p>\n<h3>Por que separar a cozinha da lavanderia \u00e9 essencial?<\/h3>\n<p>Voc\u00ea j\u00e1 reparou como a lavanderia exposta pode afetar a beleza da cozinha? <b>Separar esses ambientes evita bagun\u00e7a visual<\/b> e mant\u00e9m a casa organizada.<\/p>\n<p>Al\u00e9m disso, essa divis\u00e3o garante mais higiene e conforto, evitando que odores e \u00e1gua da lavanderia alcancem o espa\u00e7o de preparo dos alimentos.<\/p>\n<p>Se sua casa \u00e9 pequena, separar com estilo pode parecer desafio. Mas n\u00e3o se preocupe! H\u00e1 solu\u00e7\u00f5es acess\u00edveis que combinam design e funcionalidade.<\/p>\n<img decoding=\"async\" src=\"https:\/\/www.aarquiteta.com.br\/blog\/wp-content\/uploads\/2026\/03\/Como-separar-a-cozinha-da-lavanderia-com-estilo-e-praticidade-01.jpg\" alt=\"Como separar a cozinha da lavanderia com estilo e praticidade\" width=\"1024\" height=\"1024\" title=\"\"> Como separar a cozinha da lavanderia com estilo e praticidade\/caption]\n<h3>1. Pel\u00edcula jateada: luz preservada com privacidade<\/h3>\n<p>Uma das minhas op\u00e7\u00f5es favoritas \u00e9 a <b>pel\u00edcula jateada para vidro<\/b>. Ela garante a entrada de luz natural e esconde o visual da lavanderia.<\/p>\n<p>Instala\u00e7\u00e3o r\u00e1pida e custo acess\u00edvel fazem da pel\u00edcula uma escolha pr\u00e1tica para quem quer renovar o ambiente r\u00e1pido.<\/p>\n<h3>2. Portas de correr: otimiza\u00e7\u00e3o e estilo<\/h3>\n<p>Se o espa\u00e7o \u00e9 apertado, a <b>porta de correr<\/b> \u00e9 quase uma amiga insepar\u00e1vel. Ela economiza espa\u00e7o e pode ter detalhes modernos, como vidro fosco ou pinturas coloridas.<\/p>\n<p>Al\u00e9m disso, quando quiser abrir ou fechar a lavanderia, \u00e9 s\u00f3 deslizar a porta. Praticidade garantida!<\/p>\n<img decoding=\"async\" src=\"https:\/\/www.aarquiteta.com.br\/blog\/wp-content\/uploads\/2026\/03\/Como-separar-a-cozinha-da-lavanderia-com-estilo-e-praticidade-02.jpg\" alt=\"Como separar a cozinha da lavanderia com estilo e praticidade\" width=\"1024\" height=\"1024\" title=\"\"> Como separar a cozinha da lavanderia com estilo e praticidade\/caption]\n<h3>3. Divis\u00f3rias de vidro com elementos decorativos<\/h3>\n<p>Quer algo que seja ao mesmo tempo funcional e charmoso? Divis\u00f3rias de vidro combinadas com a\u00e7o, madeira ou cobog\u00f3s criam um visual moderno e cheio de personalidade.<\/p>\n<p>Essas divis\u00f3rias deixam o ambiente leve, garantindo passagem de luz e ventila\u00e7\u00e3o, sem abrir m\u00e3o do estilo.<\/p>\n<h3>4. Pain\u00e9is e ripas de madeira para aconchego e naturalidade<\/h3>\n<p>Para quem ama um toque natural, <b>pain\u00e9is ripados de madeira<\/b> s\u00e3o perfeitos. Eles separam espa\u00e7os sem fechar visualmente, deixando a luz passar e adicionando textura na decora\u00e7\u00e3o.<\/p>\n<p>Se quiser, pode combinar madeira com vidro, para um ar ainda mais elegante.<\/p>\n<img decoding=\"async\" src=\"https:\/\/www.aarquiteta.com.br\/blog\/wp-content\/uploads\/2026\/03\/Como-separar-a-cozinha-da-lavanderia-com-estilo-e-praticidade-03.jpg\" alt=\"Como separar a cozinha da lavanderia com estilo e praticidade\" width=\"1024\" height=\"1024\" title=\"\"> Como separar a cozinha da lavanderia com estilo e praticidade\/caption]\n<h3>5. Box de lavanderia para isolamento total<\/h3>\n<p>Uma solu\u00e7\u00e3o mais robusta \u00e9 o <b>box com porta de correr<\/b>, parecido com os de banheiro. Ele isola completamente a lavanderia e permite personaliza\u00e7\u00e3o com adesivos coloridos.<\/p>\n<p>Ideal para quem prioriza a organiza\u00e7\u00e3o e n\u00e3o abre m\u00e3o de um ambiente limpo e pr\u00e1tico.<\/p>\n<h3>6. Cortinas e divis\u00f3rias tempor\u00e1rias<\/h3>\n<p>Se voc\u00ea gosta de versatilidade, que tal usar <b>cortinas de tecido ou rolo<\/b>? S\u00e3o baratas, f\u00e1ceis de instalar e oferecem uma separa\u00e7\u00e3o r\u00e1pida e charmosa para a cozinha e lavanderia.<\/p>\n<p>Pode ser tempor\u00e1rio ou permanente, conforme sua necessidade e criatividade.<\/p>\n<h3>Tabela comparativa: Escolha a solu\u00e7\u00e3o ideal para sua cozinha e lavanderia<\/h3>\n<table border=\"1\" cellpadding=\"8\" cellspacing=\"0\" style=\"border-collapse:collapse;width:100%;\">\n<thead>\n<tr style=\"background:#f7f7f7;\">\n<th>Solu\u00e7\u00e3o<\/th>\n<th>Vantagens<\/th>\n<th>Ideal para<\/th>\n<th>Custo estimado<\/th>\n<\/tr>\n<\/thead>\n<tbody>\n<tr>\n<td>Pel\u00edcula jateada<\/td>\n<td>Ilumina, esconde bagun\u00e7a, f\u00e1cil instala\u00e7\u00e3o<\/td>\n<td>Ambientes com divis\u00f3rias de vidro j\u00e1 existentes<\/td>\n<td>Baixo<\/td>\n<\/tr>\n<tr>\n<td>Porta de correr<\/td>\n<td>Economiza espa\u00e7o, pr\u00e1tica e personaliz\u00e1vel<\/td>\n<td>Casas e apartamentos pequenos<\/td>\n<td>M\u00e9dio<\/td>\n<\/tr>\n<tr>\n<td>Divis\u00f3ria vidro e a\u00e7o<\/td>\n<td>Moderna, permite luz e ventila\u00e7\u00e3o<\/td>\n<td>Quem busca design arrojado<\/td>\n<td>Alto<\/td>\n<\/tr>\n<tr>\n<td>Painel de madeira<\/td>\n<td>Aconchegante, natural, bloqueia cheiros<\/td>\n<td>Espa\u00e7os que n\u00e3o precisam muita luminosidade<\/td>\n<td>M\u00e9dio<\/td>\n<\/tr>\n<tr>\n<td>Box para lavanderia<\/td>\n<td>Isola totalmente, mant\u00e9m tudo organizado<\/td>\n<td>Quem quer m\u00e1ximo isolamento<\/td>\n<td>M\u00e9dio a alto<\/td>\n<\/tr>\n<\/tbody>\n<\/table>\n<img decoding=\"async\" src=\"https:\/\/www.aarquiteta.com.br\/blog\/wp-content\/uploads\/2026\/03\/Como-separar-a-cozinha-da-lavanderia-com-estilo-e-praticidade-04.jpg\" alt=\"Como separar a cozinha da lavanderia com estilo e praticidade\" width=\"1024\" height=\"1024\" title=\"\"> Como separar a cozinha da lavanderia com estilo e praticidade\/caption]\n","protected":false},"excerpt":{"rendered":"<p>Quer separar a cozinha da lavanderia com estilo e praticidade? Aqui voc\u00ea encontra solu\u00e7\u00f5es f\u00e1ceis e elegantes para transformar seu espa\u00e7o integrado! Por que separar a cozinha da lavanderia \u00e9 essencial? Voc\u00ea j\u00e1 reparou como a lavanderia exposta pode afetar a beleza da cozinha? Separar esses ambientes evita bagun\u00e7a visual e mant\u00e9m a casa organizada. [&hellip;]<\/p>\n","protected":false},"author":20,"featured_media":156901,"comment_status":"open","ping_status":"","sticky":false,"template":"","format":"standard","meta":{"footnotes":""},"categories":[],"tags":[],"class_list":["post-156902","post","type-post","status-publish","format-standard","has-post-thumbnail"],"_wp_attached_file":null,"_wp_attachment_metadata":null,"_wp_attachment_context":null,"_wp_attachment_is_custom_header":null,"geo_longitude":null,"geo_public":null,"geo_latitude":null,"_publicize_done_external":null,"_wpas_done_3897181":null,"publicize_twitter_user":null,"_wpas_done_3897175":null,"_wpas_skip_3897181":null,"_wpas_skip_3897175":null,"_wpas_skip_3924723":null,"_wpas_mess":null,"_wpas_done_3924723":null,"wps_subtitle":"","_links":{"self":[{"href":"https:\/\/www.aarquiteta.com.br\/blog\/wp-json\/wp\/v2\/posts\/156902","targetHints":{"allow":["GET"]}}],"collection":[{"href":"https:\/\/www.aarquiteta.com.br\/blog\/wp-json\/wp\/v2\/posts"}],"about":[{"href":"https:\/\/www.aarquiteta.com.br\/blog\/wp-json\/wp\/v2\/types\/post"}],"author":[{"embeddable":true,"href":"https:\/\/www.aarquiteta.com.br\/blog\/wp-json\/wp\/v2\/users\/20"}],"replies":[{"embeddable":true,"href":"https:\/\/www.aarquiteta.com.br\/blog\/wp-json\/wp\/v2\/comments?post=156902"}],"version-history":[{"count":0,"href":"https:\/\/www.aarquiteta.com.br\/blog\/wp-json\/wp\/v2\/posts\/156902\/revisions"}],"wp:featuredmedia":[{"embeddable":true,"href":"https:\/\/www.aarquiteta.com.br\/blog\/wp-json\/wp\/v2\/media\/156901"}],"wp:attachment":[{"href":"https:\/\/www.aarquiteta.com.br\/blog\/wp-json\/wp\/v2\/media?parent=156902"}],"wp:term":[{"taxonomy":"category","embeddable":true,"href":"https:\/\/www.aarquiteta.com.br\/blog\/wp-json\/wp\/v2\/categories?post=156902"},{"taxonomy":"post_tag","embeddable":true,"href":"https:\/\/www.aarquiteta.com.br\/blog\/wp-json\/wp\/v2\/tags?post=156902"}],"curies":[{"name":"wp","href":"https:\/\/api.w.org\/{rel}","templated":true}]}}