{"id":156897,"date":"2026-03-05T18:02:52","date_gmt":"2026-03-05T21:02:52","guid":{"rendered":"https:\/\/www.aarquiteta.com.br\/blog\/banheiro-amadeirado-5\/"},"modified":"2026-03-05T18:02:52","modified_gmt":"2026-03-05T21:02:52","slug":"banheiro-amadeirado-5","status":"publish","type":"post","link":"https:\/\/www.aarquiteta.com.br\/blog\/banheiro-amadeirado-5\/","title":{"rendered":"Banheiro Amadeirado: Como Transformar Seu Espa\u00e7o com Eleg\u00e2ncia e Conforto"},"content":{"rendered":"<p><b>Banheiro amadeirado<\/b> transforma seu espa\u00e7o com charme, praticidade e estilo, sem abrir m\u00e3o do conforto e da eleg\u00e2ncia que a madeira natural oferece.<\/p>\n<img decoding=\"async\" src=\"https:\/\/www.aarquiteta.com.br\/blog\/wp-content\/uploads\/2026\/03\/Banheiro-Amadeirado-Como-Transformar-Seu-Espayo-com-Elegyncia-e-Conforto-01.jpg\" alt=\"Banheiro Amadeirado: Como Transformar Seu Espa\u00e7o com Eleg\u00e2ncia e Conforto\" width=\"1024\" height=\"1024\" title=\"\"> Banheiro Amadeirado: Como Transformar Seu Espa\u00e7o com Eleg\u00e2ncia e Conforto\/caption]\n<h3>Por que escolher um banheiro amadeirado?<\/h3>\n<p>Voc\u00ea j\u00e1 pensou como a madeira pode deixar o banheiro <b>aconchegante e sofisticado<\/b>? O revestimento amadeirado \u00e9 perfeito para isso. <\/p>\n<p>Al\u00e9m de bonito, ele \u00e9 resistente \u00e0 umidade gra\u00e7as \u00e0s vers\u00f5es que imitam madeira. Assim, <b>voc\u00ea garante um visual moderno sem se preocupar com manuten\u00e7\u00e3o pesada<\/b>.<\/p>\n<h3>Como combinar os tons amadeirados com outras cores?<\/h3>\n<p>O segredo est\u00e1 na harmonia. Tons claros, como branco e bege, real\u00e7am a <b>sensa\u00e7\u00e3o de amplitude e luz<\/b>. J\u00e1 op\u00e7\u00f5es com cinza e marrom criam um ambiente <b>mais s\u00f3brio e elegante<\/b>.<\/p>\n<p>Para quem quer ousar, detalhes em preto, dourado, ou prata d\u00e3o um toque de <b>luxo e modernidade<\/b> sem pesar.<\/p>\n<img decoding=\"async\" src=\"https:\/\/www.aarquiteta.com.br\/blog\/wp-content\/uploads\/2026\/03\/Banheiro-Amadeirado-Como-Transformar-Seu-Espayo-com-Elegyncia-e-Conforto-02.jpg\" alt=\"Banheiro Amadeirado: Como Transformar Seu Espa\u00e7o com Eleg\u00e2ncia e Conforto\" width=\"1024\" height=\"1024\" title=\"\"> Banheiro Amadeirado: Como Transformar Seu Espa\u00e7o com Eleg\u00e2ncia e Conforto\/caption]\n<h3>Versatilidade do revestimento amadeirado: paredes e pisos<\/h3>\n<p>Uma das vantagens \u00e9 poder usar o revestimento no ch\u00e3o <b>e tamb\u00e9m nas paredes<\/b>. Isso favorece composi\u00e7\u00f5es uniformes ou contrates interessantes, conforme o seu estilo.<\/p>\n<p>Para destacar o espa\u00e7o do banho, usar o amadeirado nos nichos ou detalhes \u00e9 uma \u00f3tima ideia para trazer <b>calor e personalidade<\/b>.<\/p>\n<h3>Diversidade de texturas e formatos para inovar<\/h3>\n<p>Al\u00e9m dos tradicionais formatos retangulares, hoje existem revestimentos hexagonais, 3D e pastilhas que <b>tornam qualquer projeto \u00fanico<\/b>.<\/p>\n<p>Escolher essas op\u00e7\u00f5es ajuda a criar um banheiro cheio de movimento e delicadeza, saindo do comum com muito charme.<\/p>\n<h3>Inspira\u00e7\u00e3o r\u00fastica e industrial com toque amadeirado<\/h3>\n<p>Quer um banheiro com personalidade? A madeira combina muito bem com cimento queimado, cordas e objetos de cobre.<\/p>\n<p>Esses elementos juntos criam um ambiente <b>arrojado e cheio de estilo<\/b>, que mescla o r\u00fastico com o moderno de forma equilibrada.<\/p>\n<img decoding=\"async\" src=\"https:\/\/www.aarquiteta.com.br\/blog\/wp-content\/uploads\/2026\/03\/Banheiro-Amadeirado-Como-Transformar-Seu-Espayo-com-Elegyncia-e-Conforto-03.jpg\" alt=\"Banheiro Amadeirado: Como Transformar Seu Espa\u00e7o com Eleg\u00e2ncia e Conforto\" width=\"1024\" height=\"1024\" title=\"\"> Banheiro Amadeirado: Como Transformar Seu Espa\u00e7o com Eleg\u00e2ncia e Conforto\/caption]\n<h3>Tabela: Comparativo dos tipos de revestimento amadeirado<\/h3>\n<table border=\"1\" cellpadding=\"6\" cellspacing=\"0\" style=\"border-collapse:collapse; width:100%;\">\n<thead>\n<tr>\n<th>Tipo<\/th>\n<th>Aplica\u00e7\u00e3o<\/th>\n<th>Vantagens<\/th>\n<th>Poss\u00edveis Combina\u00e7\u00f5es<\/th>\n<\/tr>\n<\/thead>\n<tbody>\n<tr>\n<td>Porcelanato amadeirado<\/td>\n<td>Ch\u00e3o e parede<\/td>\n<td>Alta resist\u00eancia e f\u00e1cil limpeza<\/td>\n<td>Branco, cinza, bege<\/td>\n<\/tr>\n<tr>\n<td>Revestimento 3D<\/td>\n<td>Paredes destaque<\/td>\n<td>Textura marcante e moderna<\/td>\n<td>Preto, past\u00e9is e tons neutros<\/td>\n<\/tr>\n<tr>\n<td>Pastilhas amadeiradas<\/td>\n<td>Detalhes e nichos<\/td>\n<td>Charme sutil e possibilidade de cores variadas<\/td>\n<td>Dourado, cobre, cinza<\/td>\n<\/tr>\n<\/tbody>\n<\/table>\n<h3>Dicas pr\u00e1ticas para um banheiro amadeirado funcional<\/h3>\n<ul>\n<li><b>Capriche na ilumina\u00e7\u00e3o<\/b> para ressaltar as texturas da madeira.<\/li>\n<li><b>Escolha m\u00f3veis que harmonizem<\/b> com o tom do revestimento.<\/li>\n<li><b>Invista em nichos organizadores<\/b> que complementem o visual.<\/li>\n<li><b>Combine materiais naturais<\/b> para maior aconchego, como plantas e tecidos.<\/li>\n<\/ul>\n<h3>Incorpore o amadeirado sem medo: decora\u00e7\u00e3o e pr\u00e1tica andam juntas<\/h3>\n<p>Se voc\u00ea busca um banheiro que una beleza, conforto e praticidade, o amadeirado \u00e9 a resposta.<\/p>\n<p><b>N\u00e3o precisa ter medo de usar madeira na umidade<\/b>; escolha revestimentos que imitam o material naturalmente e aproveite o melhor dos dois mundos.<\/p>\n<h3>Banheiro amadeirado: fa\u00e7a voc\u00ea mesmo e inspire-se<\/h3>\n<p>Que tal come\u00e7ar transformando um pequeno canto?<\/p>\n<p><b>Adicione um revestimento amadeirado em nichos, paredes ou bancada<\/b> e veja a m\u00e1gica acontecer.<\/p>\n<p>Quer saber mais sobre como dar vida nova \u00e0 casa? Visite nossas outras mat\u00e9rias sobre decora\u00e7\u00e3o r\u00fastica, banheiros pequenos e organiza\u00e7\u00e3o pr\u00e1tica. <b>Voc\u00ea vai se surpreender!<\/b><\/p>\n<p><b>Conta pra mim nos coment\u00e1rios qual dessas ideias voc\u00ea quer testar no seu banheiro!<\/b> Vamos trocar dicas e inspirar mais pessoas juntos!<\/p>\n<img decoding=\"async\" src=\"https:\/\/www.aarquiteta.com.br\/blog\/wp-content\/uploads\/2026\/03\/Banheiro-Amadeirado-Como-Transformar-Seu-Espayo-com-Elegyncia-e-Conforto-04.jpg\" alt=\"Banheiro Amadeirado: Como Transformar Seu Espa\u00e7o com Eleg\u00e2ncia e Conforto\" width=\"1024\" height=\"1024\" title=\"\"> Banheiro Amadeirado: Como Transformar Seu Espa\u00e7o com Eleg\u00e2ncia e Conforto\/caption]\n","protected":false},"excerpt":{"rendered":"<p>Banheiro amadeirado transforma seu espa\u00e7o com charme, praticidade e estilo, sem abrir m\u00e3o do conforto e da eleg\u00e2ncia que a madeira natural oferece. Banheiro Amadeirado: Como Transformar Seu Espa\u00e7o com Eleg\u00e2ncia e Conforto\/caption] Por que escolher um banheiro amadeirado? Voc\u00ea j\u00e1 pensou como a madeira pode deixar o banheiro aconchegante e sofisticado? O revestimento amadeirado [&hellip;]<\/p>\n","protected":false},"author":20,"featured_media":156896,"comment_status":"open","ping_status":"","sticky":false,"template":"","format":"standard","meta":{"footnotes":""},"categories":[],"tags":[],"class_list":["post-156897","post","type-post","status-publish","format-standard","has-post-thumbnail"],"_wp_attached_file":null,"_wp_attachment_metadata":null,"_wp_attachment_context":null,"_wp_attachment_is_custom_header":null,"geo_longitude":null,"geo_public":null,"geo_latitude":null,"_publicize_done_external":null,"_wpas_done_3897181":null,"publicize_twitter_user":null,"_wpas_done_3897175":null,"_wpas_skip_3897181":null,"_wpas_skip_3897175":null,"_wpas_skip_3924723":null,"_wpas_mess":null,"_wpas_done_3924723":null,"wps_subtitle":"","_links":{"self":[{"href":"https:\/\/www.aarquiteta.com.br\/blog\/wp-json\/wp\/v2\/posts\/156897","targetHints":{"allow":["GET"]}}],"collection":[{"href":"https:\/\/www.aarquiteta.com.br\/blog\/wp-json\/wp\/v2\/posts"}],"about":[{"href":"https:\/\/www.aarquiteta.com.br\/blog\/wp-json\/wp\/v2\/types\/post"}],"author":[{"embeddable":true,"href":"https:\/\/www.aarquiteta.com.br\/blog\/wp-json\/wp\/v2\/users\/20"}],"replies":[{"embeddable":true,"href":"https:\/\/www.aarquiteta.com.br\/blog\/wp-json\/wp\/v2\/comments?post=156897"}],"version-history":[{"count":0,"href":"https:\/\/www.aarquiteta.com.br\/blog\/wp-json\/wp\/v2\/posts\/156897\/revisions"}],"wp:featuredmedia":[{"embeddable":true,"href":"https:\/\/www.aarquiteta.com.br\/blog\/wp-json\/wp\/v2\/media\/156896"}],"wp:attachment":[{"href":"https:\/\/www.aarquiteta.com.br\/blog\/wp-json\/wp\/v2\/media?parent=156897"}],"wp:term":[{"taxonomy":"category","embeddable":true,"href":"https:\/\/www.aarquiteta.com.br\/blog\/wp-json\/wp\/v2\/categories?post=156897"},{"taxonomy":"post_tag","embeddable":true,"href":"https:\/\/www.aarquiteta.com.br\/blog\/wp-json\/wp\/v2\/tags?post=156897"}],"curies":[{"name":"wp","href":"https:\/\/api.w.org\/{rel}","templated":true}]}}