{"id":156886,"date":"2026-03-03T08:01:51","date_gmt":"2026-03-03T11:01:51","guid":{"rendered":"https:\/\/www.aarquiteta.com.br\/blog\/carretel-de-madeira-2\/"},"modified":"2026-03-03T08:01:51","modified_gmt":"2026-03-03T11:01:51","slug":"carretel-de-madeira-2","status":"publish","type":"post","link":"https:\/\/www.aarquiteta.com.br\/blog\/carretel-de-madeira-2\/","title":{"rendered":"Carretel de madeira: ideias criativas para transformar em m\u00f3veis estilosos e sustent\u00e1veis"},"content":{"rendered":"<p><b>Carretel de madeira<\/b> \u00e9 um item incr\u00edvel para criar m\u00f3veis estilosos, econ\u00f4micos e super sustent\u00e1veis com muita criatividade e charme na decora\u00e7\u00e3o da sua casa.<\/p>\n<h3>Por que usar carretel de madeira na decora\u00e7\u00e3o?<\/h3>\n<p>Voc\u00ea j\u00e1 reparou como um carretel de madeira comum pode virar uma pe\u00e7a linda para a sua casa? <b>Al\u00e9m de sustent\u00e1vel, ele traz originalidade e estilo<\/b> em qualquer ambiente.<\/p>\n<p>Com um pouco de criatividade, d\u00e1 pra transformar esse objeto em m\u00f3veis vers\u00e1teis, perfeitos para salas, varandas e at\u00e9 jardins.<\/p>\n<img decoding=\"async\" src=\"https:\/\/www.aarquiteta.com.br\/blog\/wp-content\/uploads\/2026\/03\/Carretel-de-madeira-ideias-criativas-para-transformar-em-myveis-estilosos-e-sustentyveis-01.jpg\" alt=\"Carretel de madeira: ideias criativas para transformar em m\u00f3veis estilosos e sustent\u00e1veis\" width=\"1024\" height=\"1024\" title=\"\"> Carretel de madeira: ideias criativas para transformar em m\u00f3veis estilosos e sustent\u00e1veis\/caption]\n<h3>Transforme carretel em mesa de centro ou lateral<\/h3>\n<p>Uma ideia simples e charmosa \u00e9 fazer uma mesa de centro. <b>Basta lixar, pintar ou aplicar verniz para criar um m\u00f3vel r\u00fastico e elegante.<\/b><\/p>\n<p>Tamb\u00e9m d\u00e1 para criar mesas laterais com formas diferentes, inclusive usando suportes met\u00e1licos para um toque moderno.<\/p>\n<h3>Banco r\u00fastico: conforto e sustentabilidade<\/h3>\n<p>Quer um banco diferenciado para o seu jardim? O carretel de madeira \u00e9 perfeito para isso. <b>Com um pouco de pintura e almofadas, voc\u00ea ganha conforto e estilo.<\/b><\/p>\n<img decoding=\"async\" src=\"https:\/\/www.aarquiteta.com.br\/blog\/wp-content\/uploads\/2026\/03\/Carretel-de-madeira-ideias-criativas-para-transformar-em-myveis-estilosos-e-sustentyveis-02.jpg\" alt=\"Carretel de madeira: ideias criativas para transformar em m\u00f3veis estilosos e sustent\u00e1veis\" width=\"1024\" height=\"1024\" title=\"\"> Carretel de madeira: ideias criativas para transformar em m\u00f3veis estilosos e sustent\u00e1veis\/caption]\n<h3>Decora\u00e7\u00e3o criativa: cores, pintura e acabamento<\/h3>\n<p>O carretel \u00e9 uma tela em branco para soltar a imagina\u00e7\u00e3o. Voc\u00ea pode pintar com cores vibrantes, usar desenhos ou aplicar sisal para acabamento r\u00fastico. <b>O vidro, por sua vez, garante um toque sofisticado.<\/b><\/p>\n<h3>Pe\u00e7as para ambientes internos e externos<\/h3>\n<p>Do jardim \u00e0 sala de estar, o carretel repaginado leva charme e funcionalidade. <b>Suporte para plantas, mesa de jantar ou m\u00f3vel de apoio s\u00e3o s\u00f3 o come\u00e7o!<\/b><\/p>\n<img decoding=\"async\" src=\"https:\/\/www.aarquiteta.com.br\/blog\/wp-content\/uploads\/2026\/03\/Carretel-de-madeira-ideias-criativas-para-transformar-em-myveis-estilosos-e-sustentyveis-03.jpg\" alt=\"Carretel de madeira: ideias criativas para transformar em m\u00f3veis estilosos e sustent\u00e1veis\" width=\"1024\" height=\"1024\" title=\"\"> Carretel de madeira: ideias criativas para transformar em m\u00f3veis estilosos e sustent\u00e1veis\/caption]\n<h3>DIY: como fazer m\u00f3veis com carretel passo a passo<\/h3>\n<p>Com ferramentas simples e um pouquinho de esfor\u00e7o, voc\u00ea mesmo pode criar pe\u00e7as incr\u00edveis. <b>Existe tutorial para mesa de jantar, banco e mesa lateral, com dicas de acabamento para garantir estilo e durabilidade.<\/b><\/p>\n<h3>Vantagens do carretel de madeira para m\u00f3veis sustent\u00e1veis<\/h3>\n<p>Aproveitar carretel \u00e9 uma forma econ\u00f4mica e ecol\u00f3gica de mobiliar sua casa. <b>Al\u00e9m de reduzir o desperd\u00edcio, voc\u00ea personaliza do seu jeito e ainda economiza muito.<\/b><\/p>\n<img decoding=\"async\" src=\"https:\/\/www.aarquiteta.com.br\/blog\/wp-content\/uploads\/2026\/03\/Carretel-de-madeira-ideias-criativas-para-transformar-em-myveis-estilosos-e-sustentyveis-04.jpg\" alt=\"Carretel de madeira: ideias criativas para transformar em m\u00f3veis estilosos e sustent\u00e1veis\" width=\"1024\" height=\"1024\" title=\"\"> Carretel de madeira: ideias criativas para transformar em m\u00f3veis estilosos e sustent\u00e1veis\/caption]\n","protected":false},"excerpt":{"rendered":"<p>Carretel de madeira \u00e9 um item incr\u00edvel para criar m\u00f3veis estilosos, econ\u00f4micos e super sustent\u00e1veis com muita criatividade e charme na decora\u00e7\u00e3o da sua casa. Por que usar carretel de madeira na decora\u00e7\u00e3o? Voc\u00ea j\u00e1 reparou como um carretel de madeira comum pode virar uma pe\u00e7a linda para a sua casa? Al\u00e9m de sustent\u00e1vel, ele [&hellip;]<\/p>\n","protected":false},"author":20,"featured_media":156885,"comment_status":"open","ping_status":"","sticky":false,"template":"","format":"standard","meta":{"footnotes":""},"categories":[],"tags":[],"class_list":["post-156886","post","type-post","status-publish","format-standard","has-post-thumbnail"],"_wp_attached_file":null,"_wp_attachment_metadata":null,"_wp_attachment_context":null,"_wp_attachment_is_custom_header":null,"geo_longitude":null,"geo_public":null,"geo_latitude":null,"_publicize_done_external":null,"_wpas_done_3897181":null,"publicize_twitter_user":null,"_wpas_done_3897175":null,"_wpas_skip_3897181":null,"_wpas_skip_3897175":null,"_wpas_skip_3924723":null,"_wpas_mess":null,"_wpas_done_3924723":null,"wps_subtitle":"","_links":{"self":[{"href":"https:\/\/www.aarquiteta.com.br\/blog\/wp-json\/wp\/v2\/posts\/156886","targetHints":{"allow":["GET"]}}],"collection":[{"href":"https:\/\/www.aarquiteta.com.br\/blog\/wp-json\/wp\/v2\/posts"}],"about":[{"href":"https:\/\/www.aarquiteta.com.br\/blog\/wp-json\/wp\/v2\/types\/post"}],"author":[{"embeddable":true,"href":"https:\/\/www.aarquiteta.com.br\/blog\/wp-json\/wp\/v2\/users\/20"}],"replies":[{"embeddable":true,"href":"https:\/\/www.aarquiteta.com.br\/blog\/wp-json\/wp\/v2\/comments?post=156886"}],"version-history":[{"count":0,"href":"https:\/\/www.aarquiteta.com.br\/blog\/wp-json\/wp\/v2\/posts\/156886\/revisions"}],"wp:featuredmedia":[{"embeddable":true,"href":"https:\/\/www.aarquiteta.com.br\/blog\/wp-json\/wp\/v2\/media\/156885"}],"wp:attachment":[{"href":"https:\/\/www.aarquiteta.com.br\/blog\/wp-json\/wp\/v2\/media?parent=156886"}],"wp:term":[{"taxonomy":"category","embeddable":true,"href":"https:\/\/www.aarquiteta.com.br\/blog\/wp-json\/wp\/v2\/categories?post=156886"},{"taxonomy":"post_tag","embeddable":true,"href":"https:\/\/www.aarquiteta.com.br\/blog\/wp-json\/wp\/v2\/tags?post=156886"}],"curies":[{"name":"wp","href":"https:\/\/api.w.org\/{rel}","templated":true}]}}