{"id":156876,"date":"2026-03-02T16:02:17","date_gmt":"2026-03-02T19:02:17","guid":{"rendered":"https:\/\/www.aarquiteta.com.br\/blog\/pendente-para-quarto-2\/"},"modified":"2026-03-02T16:02:17","modified_gmt":"2026-03-02T19:02:17","slug":"pendente-para-quarto-2","status":"publish","type":"post","link":"https:\/\/www.aarquiteta.com.br\/blog\/pendente-para-quarto-2\/","title":{"rendered":"Como Escolher o Pendente Ideal para Transformar a Decora\u00e7\u00e3o do Seu Quarto"},"content":{"rendered":"<p><b>Escolher o pendente ideal para o quarto transforma a decora\u00e7\u00e3o e cria um ambiente aconchegante, sofisticado e com a sua cara.<\/b><\/p>\n<img decoding=\"async\" src=\"https:\/\/www.aarquiteta.com.br\/blog\/wp-content\/uploads\/2026\/03\/Como-Escolher-o-Pendente-Ideal-para-Transformar-a-Decorayyo-do-Seu-Quarto-01.jpg\" alt=\"Como Escolher o Pendente Ideal para Transformar a Decora\u00e7\u00e3o do Seu Quarto\" width=\"1024\" height=\"1024\" title=\"\"> Como Escolher o Pendente Ideal para Transformar a Decora\u00e7\u00e3o do Seu Quarto\/caption]\n<h3>Por que o pendente \u00e9 um detalhe essencial na decora\u00e7\u00e3o do quarto?<\/h3>\n<p>Voc\u00ea j\u00e1 percebeu como uma lumin\u00e1ria pode mudar completamente o clima do seu quarto? <b>O pendente \u00e9 mais que uma fonte de luz: ele \u00e9 uma pe\u00e7a decorativa que d\u00e1 personalidade ao ambiente.<\/b><\/p>\n<p>Al\u00e9m disso, ele pode deixar o espa\u00e7o mais elegante e acolhedor, dependendo do modelo e da luz escolhida.<\/p>\n<img decoding=\"async\" src=\"https:\/\/www.aarquiteta.com.br\/blog\/wp-content\/uploads\/2026\/03\/Como-Escolher-o-Pendente-Ideal-para-Transformar-a-Decorayyo-do-Seu-Quarto-02.jpg\" alt=\"Como Escolher o Pendente Ideal para Transformar a Decora\u00e7\u00e3o do Seu Quarto\" width=\"1024\" height=\"1024\" title=\"\"> Como Escolher o Pendente Ideal para Transformar a Decora\u00e7\u00e3o do Seu Quarto\/caption]\n<h3>Entendendo os estilos de pendentes para quarto<\/h3>\n<p>Dos cl\u00e1ssicos aos modernos, existem pendentes para todos os gostos. <b>Modelos em vidro d\u00e3o eleg\u00e2ncia, enquanto os aramados oferecem praticidade e design contempor\u00e2neo.<\/b><\/p>\n<p>Tamb\u00e9m h\u00e1 op\u00e7\u00f5es r\u00fasticas, minimalistas, coloridas e em ros\u00e9 gold para quem quer ousar.<\/p>\n<img decoding=\"async\" src=\"https:\/\/www.aarquiteta.com.br\/blog\/wp-content\/uploads\/2026\/03\/Como-Escolher-o-Pendente-Ideal-para-Transformar-a-Decorayyo-do-Seu-Quarto-03.jpg\" alt=\"Como Escolher o Pendente Ideal para Transformar a Decora\u00e7\u00e3o do Seu Quarto\" width=\"1024\" height=\"1024\" title=\"\"> Como Escolher o Pendente Ideal para Transformar a Decora\u00e7\u00e3o do Seu Quarto\/caption]\n<h3>Como escolher o formato que valoriza seu quarto<\/h3>\n<p>O formato do pendente faz toda a diferen\u00e7a. <b>Modelos alongados trazem sofistica\u00e7\u00e3o, enquanto os redondos criam delicadeza.<\/b><\/p>\n<p>Formas geom\u00e9tricas e aramadas s\u00e3o tend\u00eancia e deixam o decor moderno e leve.<\/p>\n<img decoding=\"async\" src=\"https:\/\/www.aarquiteta.com.br\/blog\/wp-content\/uploads\/2026\/03\/Como-Escolher-o-Pendente-Ideal-para-Transformar-a-Decorayyo-do-Seu-Quarto-04.jpg\" alt=\"Como Escolher o Pendente Ideal para Transformar a Decora\u00e7\u00e3o do Seu Quarto\" width=\"1024\" height=\"1024\" title=\"\"> Como Escolher o Pendente Ideal para Transformar a Decora\u00e7\u00e3o do Seu Quarto\/caption]\n","protected":false},"excerpt":{"rendered":"<p>Escolher o pendente ideal para o quarto transforma a decora\u00e7\u00e3o e cria um ambiente aconchegante, sofisticado e com a sua cara. Como Escolher o Pendente Ideal para Transformar a Decora\u00e7\u00e3o do Seu Quarto\/caption] Por que o pendente \u00e9 um detalhe essencial na decora\u00e7\u00e3o do quarto? Voc\u00ea j\u00e1 percebeu como uma lumin\u00e1ria pode mudar completamente o [&hellip;]<\/p>\n","protected":false},"author":20,"featured_media":156875,"comment_status":"open","ping_status":"","sticky":false,"template":"","format":"standard","meta":{"footnotes":""},"categories":[],"tags":[],"class_list":["post-156876","post","type-post","status-publish","format-standard","has-post-thumbnail"],"_wp_attached_file":null,"_wp_attachment_metadata":null,"_wp_attachment_context":null,"_wp_attachment_is_custom_header":null,"geo_longitude":null,"geo_public":null,"geo_latitude":null,"_publicize_done_external":null,"_wpas_done_3897181":null,"publicize_twitter_user":null,"_wpas_done_3897175":null,"_wpas_skip_3897181":null,"_wpas_skip_3897175":null,"_wpas_skip_3924723":null,"_wpas_mess":null,"_wpas_done_3924723":null,"wps_subtitle":"","_links":{"self":[{"href":"https:\/\/www.aarquiteta.com.br\/blog\/wp-json\/wp\/v2\/posts\/156876","targetHints":{"allow":["GET"]}}],"collection":[{"href":"https:\/\/www.aarquiteta.com.br\/blog\/wp-json\/wp\/v2\/posts"}],"about":[{"href":"https:\/\/www.aarquiteta.com.br\/blog\/wp-json\/wp\/v2\/types\/post"}],"author":[{"embeddable":true,"href":"https:\/\/www.aarquiteta.com.br\/blog\/wp-json\/wp\/v2\/users\/20"}],"replies":[{"embeddable":true,"href":"https:\/\/www.aarquiteta.com.br\/blog\/wp-json\/wp\/v2\/comments?post=156876"}],"version-history":[{"count":0,"href":"https:\/\/www.aarquiteta.com.br\/blog\/wp-json\/wp\/v2\/posts\/156876\/revisions"}],"wp:featuredmedia":[{"embeddable":true,"href":"https:\/\/www.aarquiteta.com.br\/blog\/wp-json\/wp\/v2\/media\/156875"}],"wp:attachment":[{"href":"https:\/\/www.aarquiteta.com.br\/blog\/wp-json\/wp\/v2\/media?parent=156876"}],"wp:term":[{"taxonomy":"category","embeddable":true,"href":"https:\/\/www.aarquiteta.com.br\/blog\/wp-json\/wp\/v2\/categories?post=156876"},{"taxonomy":"post_tag","embeddable":true,"href":"https:\/\/www.aarquiteta.com.br\/blog\/wp-json\/wp\/v2\/tags?post=156876"}],"curies":[{"name":"wp","href":"https:\/\/api.w.org\/{rel}","templated":true}]}}