{"id":156871,"date":"2026-03-02T08:02:15","date_gmt":"2026-03-02T11:02:15","guid":{"rendered":"https:\/\/www.aarquiteta.com.br\/blog\/aparador-de-vidro-4\/"},"modified":"2026-03-02T08:02:15","modified_gmt":"2026-03-02T11:02:15","slug":"aparador-de-vidro-4","status":"publish","type":"post","link":"https:\/\/www.aarquiteta.com.br\/blog\/aparador-de-vidro-4\/","title":{"rendered":"Como transformar sua decora\u00e7\u00e3o com aparadores de vidro vers\u00e1teis e elegantes"},"content":{"rendered":"<p><b>Quer dar um up na decora\u00e7\u00e3o da sua casa? Aparadores de vidro s\u00e3o vers\u00e1teis, elegantes e perfeitos para transformar qualquer ambiente!<\/b><\/p>\n<h3>Por que escolher aparadores de vidro para sua decora\u00e7\u00e3o?<\/h3>\n<p><b>Aparadores de vidro unem beleza e funcionalidade.<\/b> Eles iluminam o ambiente, criam sensa\u00e7\u00e3o de amplitude e combinam com diversos estilos. Al\u00e9m disso, d\u00e3o um toque sofisticado e leve na decora\u00e7\u00e3o.<\/p>\n<p>Se voc\u00ea curte um m\u00f3vel cl\u00e1ssico com um visual moderno, o aparador de vidro \u00e9 o m\u00f3vel ideal para voc\u00ea. N\u00e3o ocupa espa\u00e7o visual, deixando tudo mais clean e elegante.<\/p>\n<img decoding=\"async\" src=\"https:\/\/www.aarquiteta.com.br\/blog\/wp-content\/uploads\/2026\/03\/Como-transformar-sua-decorayyo-com-aparadores-de-vidro-versyteis-e-elegantes-01.jpg\" alt=\"Como transformar sua decora\u00e7\u00e3o com aparadores de vidro vers\u00e1teis e elegantes\" width=\"1024\" height=\"1024\" title=\"\"> Como transformar sua decora\u00e7\u00e3o com aparadores de vidro vers\u00e1teis e elegantes\/caption]\n<h3>Como usar aparadores de vidro em ambientes pequenos e grandes<\/h3>\n<p>Visualizou uma sala compacta? O aparador de vidro \u00e9 perfeito para ela. <b>Por serem transparantes, ampliam a percep\u00e7\u00e3o do espa\u00e7o.<\/b> Em ambientes maiores, s\u00e3o excelentes para destacar objetos e criar pontos de interesse.<\/p>\n<p>Pode ser usado como um cantinho do caf\u00e9 ou, ainda, para organizar ta\u00e7as e bebidas na sala de jantar, valorizando seu espa\u00e7o.<\/p>\n<h3>Compatibilidade do aparador de vidro com estilos variados<\/h3>\n<p><b>Seu estilo \u00e9 r\u00fastico, industrial ou cl\u00e1ssico? Aparadores de vidro se adaptam facilmente.<\/b> Combinam com madeira, metal e at\u00e9 pe\u00e7as espelhadas, tornando qualquer proposta decorativa harmoniosa e funcional.<\/p>\n<p>Modelos com detalhes em madeira deixam o m\u00f3vel mais aconchegante. J\u00e1 vers\u00f5es espelhadas s\u00e3o o auge da eleg\u00e2ncia.<\/p>\n<img decoding=\"async\" src=\"https:\/\/www.aarquiteta.com.br\/blog\/wp-content\/uploads\/2026\/03\/Como-transformar-sua-decorayyo-com-aparadores-de-vidro-versyteis-e-elegantes-02.jpg\" alt=\"Como transformar sua decora\u00e7\u00e3o com aparadores de vidro vers\u00e1teis e elegantes\" width=\"1024\" height=\"1024\" title=\"\"> Como transformar sua decora\u00e7\u00e3o com aparadores de vidro vers\u00e1teis e elegantes\/caption]\n<h3>Principais usos pr\u00e1ticos do aparador de vidro na decora\u00e7\u00e3o<\/h3>\n<ul>\n<li>Cantinho de caf\u00e9 charmoso e funcional.<\/li>\n<li>Organiza\u00e7\u00e3o de bebidas e ta\u00e7as para receber visitas.<\/li>\n<li>Bancada para colocar objetos decorativos sem pesar o ambiente.<\/li>\n<li>Hall de entrada que impressiona logo na chegada.<\/li>\n<li>Espa\u00e7o para armazenar revistas e livros com estilo.<\/li>\n<\/ul>\n<h3>Cuidados essenciais para manter seu aparador de vidro impec\u00e1vel<\/h3>\n<p>Vidro \u00e9 lindo, mas exige aten\u00e7\u00e3o especial. <b>Lave com produtos espec\u00edficos para vidro para evitar manchas e marcas de dedos.<\/b> Evite objetos que possam riscar a superf\u00edcie e fa\u00e7a limpeza regular para manter o brilho.<\/p>\n<p>Um aparador bem cuidado dura anos, mantendo seu charme e eleg\u00e2ncia.<\/p>\n<img decoding=\"async\" src=\"https:\/\/www.aarquiteta.com.br\/blog\/wp-content\/uploads\/2026\/03\/Como-transformar-sua-decorayyo-com-aparadores-de-vidro-versyteis-e-elegantes-03.jpg\" alt=\"Como transformar sua decora\u00e7\u00e3o com aparadores de vidro vers\u00e1teis e elegantes\" width=\"1024\" height=\"1024\" title=\"\"> Como transformar sua decora\u00e7\u00e3o com aparadores de vidro vers\u00e1teis e elegantes\/caption]\n<h3>Compara\u00e7\u00e3o r\u00e1pida: aparador de vidro versus outros materiais<\/h3>\n<table border=\"1\" cellpadding=\"5\" cellspacing=\"0\" style=\"border-collapse: collapse; width: 100%;\">\n<thead>\n<tr>\n<th>Caracter\u00edsticas<\/th>\n<th>Aparador de Vidro<\/th>\n<th>Madeira<\/th>\n<th>Metal<\/th>\n<\/tr>\n<\/thead>\n<tbody>\n<tr>\n<td>Estilo<\/td>\n<td>Elegante e moderno<\/td>\n<td>Aconchegante e cl\u00e1ssico<\/td>\n<td>Industrial e robusto<\/td>\n<\/tr>\n<tr>\n<td>Leveza visual<\/td>\n<td>Alta<\/td>\n<td>M\u00e9dia<\/td>\n<td>Baixa<\/td>\n<\/tr>\n<tr>\n<td>Manuten\u00e7\u00e3o<\/td>\n<td>Requer cuidados especiais<\/td>\n<td>F\u00e1cil<\/td>\n<td>Resistente<\/td>\n<\/tr>\n<tr>\n<td>Versatilidade<\/td>\n<td>Alta, adapta-se a diversos estilos<\/td>\n<td>M\u00e9dia<\/td>\n<td>M\u00e9dia<\/td>\n<\/tr>\n<\/tbody>\n<\/table>\n<h3>Sugest\u00f5es para combinar o aparador de vidro com a decora\u00e7\u00e3o da casa<\/h3>\n<p><b>Invista em objetos decorativos leves e coloridos para destacar seu aparador.<\/b> Vasos com flores, livros, bandejas e at\u00e9 quadros pequenos ao lado podem fazer toda a diferen\u00e7a.<\/p>\n<p>Tamb\u00e9m vale apostar em ilumina\u00e7\u00e3o estrat\u00e9gica para criar uma atmosfera elegante e acolhedora.<\/p>\n<h3>Op\u00e7\u00f5es criativas para aparadores de vidro em diferentes ambientes<\/h3>\n<p>J\u00e1 pensou em um aparador suspenso para economizar espa\u00e7o? <b>Ou um m\u00f3vel pequeno que cabe em qualquer cantinho da casa?<\/b> Eles deixam o ambiente mais sofisticado com um toque moderno.<\/p>\n<p>Voc\u00ea pode usar na \u00e1rea de servi\u00e7o para apoio, em corredores para valorizar o espa\u00e7o, ou at\u00e9 como apoio na sala de jantar.<\/p>\n<h3>Seu aparador de vidro pode transformar sua casa \u2013 invista sem medo!<\/h3>\n<p>Agora que voc\u00ea sabe como o aparador de vidro <b>\u00e9 multifuncional, elegante e ideal para qualquer estilo,** que tal escolher um para sua casa?<\/b> \u00c9 o tipo de m\u00f3vel que incrementa o d\u00e9cor e ainda organiza o ambiente.<\/p>\n<p>Curtiu as ideias? Conta aqui nos coment\u00e1rios onde voc\u00ea colocaria seu aparador de vidro e siga explorando outras dicas incr\u00edveis no blog!<\/p>\n<p><b>Para voc\u00ea se inspirar ainda mais:<\/b><\/p>\n<ul>\n<li>Mesas de centro espelhadas para salas modernas<\/li>\n<li>Dicas de decora\u00e7\u00e3o para ambientes pequenos<\/li>\n<li>Como combinar m\u00f3veis r\u00fasticos e modernos<\/li>\n<\/ul>\n<img decoding=\"async\" src=\"https:\/\/www.aarquiteta.com.br\/blog\/wp-content\/uploads\/2026\/03\/Como-transformar-sua-decorayyo-com-aparadores-de-vidro-versyteis-e-elegantes-04.jpg\" alt=\"Como transformar sua decora\u00e7\u00e3o com aparadores de vidro vers\u00e1teis e elegantes\" width=\"1024\" height=\"1024\" title=\"\"> Como transformar sua decora\u00e7\u00e3o com aparadores de vidro vers\u00e1teis e elegantes\/caption]\n","protected":false},"excerpt":{"rendered":"<p>Quer dar um up na decora\u00e7\u00e3o da sua casa? Aparadores de vidro s\u00e3o vers\u00e1teis, elegantes e perfeitos para transformar qualquer ambiente! Por que escolher aparadores de vidro para sua decora\u00e7\u00e3o? Aparadores de vidro unem beleza e funcionalidade. Eles iluminam o ambiente, criam sensa\u00e7\u00e3o de amplitude e combinam com diversos estilos. Al\u00e9m disso, d\u00e3o um toque [&hellip;]<\/p>\n","protected":false},"author":20,"featured_media":156870,"comment_status":"open","ping_status":"","sticky":false,"template":"","format":"standard","meta":{"footnotes":""},"categories":[],"tags":[],"class_list":["post-156871","post","type-post","status-publish","format-standard","has-post-thumbnail"],"_wp_attached_file":null,"_wp_attachment_metadata":null,"_wp_attachment_context":null,"_wp_attachment_is_custom_header":null,"geo_longitude":null,"geo_public":null,"geo_latitude":null,"_publicize_done_external":null,"_wpas_done_3897181":null,"publicize_twitter_user":null,"_wpas_done_3897175":null,"_wpas_skip_3897181":null,"_wpas_skip_3897175":null,"_wpas_skip_3924723":null,"_wpas_mess":null,"_wpas_done_3924723":null,"wps_subtitle":"","_links":{"self":[{"href":"https:\/\/www.aarquiteta.com.br\/blog\/wp-json\/wp\/v2\/posts\/156871","targetHints":{"allow":["GET"]}}],"collection":[{"href":"https:\/\/www.aarquiteta.com.br\/blog\/wp-json\/wp\/v2\/posts"}],"about":[{"href":"https:\/\/www.aarquiteta.com.br\/blog\/wp-json\/wp\/v2\/types\/post"}],"author":[{"embeddable":true,"href":"https:\/\/www.aarquiteta.com.br\/blog\/wp-json\/wp\/v2\/users\/20"}],"replies":[{"embeddable":true,"href":"https:\/\/www.aarquiteta.com.br\/blog\/wp-json\/wp\/v2\/comments?post=156871"}],"version-history":[{"count":0,"href":"https:\/\/www.aarquiteta.com.br\/blog\/wp-json\/wp\/v2\/posts\/156871\/revisions"}],"wp:featuredmedia":[{"embeddable":true,"href":"https:\/\/www.aarquiteta.com.br\/blog\/wp-json\/wp\/v2\/media\/156870"}],"wp:attachment":[{"href":"https:\/\/www.aarquiteta.com.br\/blog\/wp-json\/wp\/v2\/media?parent=156871"}],"wp:term":[{"taxonomy":"category","embeddable":true,"href":"https:\/\/www.aarquiteta.com.br\/blog\/wp-json\/wp\/v2\/categories?post=156871"},{"taxonomy":"post_tag","embeddable":true,"href":"https:\/\/www.aarquiteta.com.br\/blog\/wp-json\/wp\/v2\/tags?post=156871"}],"curies":[{"name":"wp","href":"https:\/\/api.w.org\/{rel}","templated":true}]}}