{"id":156866,"date":"2026-03-02T00:02:03","date_gmt":"2026-03-02T03:02:03","guid":{"rendered":"https:\/\/www.aarquiteta.com.br\/blog\/janela-para-banheiro-6\/"},"modified":"2026-03-02T00:02:03","modified_gmt":"2026-03-02T03:02:03","slug":"janela-para-banheiro-6","status":"publish","type":"post","link":"https:\/\/www.aarquiteta.com.br\/blog\/janela-para-banheiro-6\/","title":{"rendered":"Como escolher a janela ideal para o seu banheiro: dicas pr\u00e1ticas e inspira\u00e7\u00f5es"},"content":{"rendered":"<p><b>Quer escolher a janela ideal para o seu banheiro de forma pr\u00e1tica e sem erro? Aqui, vou te mostrar como fazer isso com dicas simples e inspiradoras.<\/b><\/p>\n<h3>Por que escolher a janela certa para banheiro faz toda a diferen\u00e7a<\/h3>\n<p>Voc\u00ea j\u00e1 percebeu que a janela do banheiro n\u00e3o serve s\u00f3 para deixar a luz entrar? <b>Ela faz toda a diferen\u00e7a na ventila\u00e7\u00e3o e na privacidade do ambiente.<\/b><\/p>\n<p>Sem uma janela adequada, o banheiro pode ficar \u00famido e com cheiro desagrad\u00e1vel, al\u00e9m de parecer mais apertado. <b>Por isso, escolher o modelo certo \u00e9 essencial para o conforto.<\/b><\/p>\n<p>Neste artigo, vou te contar os principais pontos para acertar na escolha e ainda te mostrar as op\u00e7\u00f5es mais usadas e estilosas para transformar seu banheiro.<\/p>\n<img decoding=\"async\" src=\"https:\/\/www.aarquiteta.com.br\/blog\/wp-content\/uploads\/2026\/03\/Como-escolher-a-janela-ideal-para-o-seu-banheiro-dicas-pryticas-e-inspirayyes-01.jpg\" alt=\"Como escolher a janela ideal para o seu banheiro: dicas pr\u00e1ticas e inspira\u00e7\u00f5es\" width=\"1024\" height=\"1024\" title=\"\"> Como escolher a janela ideal para o seu banheiro: dicas pr\u00e1ticas e inspira\u00e7\u00f5es\/caption]\n<h3>Principais tipos de janela para banheiro: qual combina mais com seu estilo<\/h3>\n<p>Entre as op\u00e7\u00f5es mais populares, destaco tr\u00eas materiais que v\u00e3o muito al\u00e9m da est\u00e9tica. S\u00e3o eles:<\/p>\n<ul>\n<li><b>Alum\u00ednio ou PVC:<\/b> Resistentes e pr\u00e1ticos, com modelos como maxim ar, correr e pivotante.<\/li>\n<li><b>Madeira:<\/b> Elegantes e personaliz\u00e1veis, mas precisam de manuten\u00e7\u00e3o cuidadosa.<\/li>\n<li><b>Vidro:<\/b> Modernos e sofisticados, indicados para banheiros com privacidade garantida.<\/li>\n<\/ul>\n<p><b>Escolher entre esses tipos vai depender do seu projeto, espa\u00e7o e claro, or\u00e7amento dispon\u00edvel.<\/b><\/p>\n<img decoding=\"async\" src=\"https:\/\/www.aarquiteta.com.br\/blog\/wp-content\/uploads\/2026\/03\/Como-escolher-a-janela-ideal-para-o-seu-banheiro-dicas-pryticas-e-inspirayyes-02.jpg\" alt=\"Como escolher a janela ideal para o seu banheiro: dicas pr\u00e1ticas e inspira\u00e7\u00f5es\" width=\"1024\" height=\"1024\" title=\"\"> Como escolher a janela ideal para o seu banheiro: dicas pr\u00e1ticas e inspira\u00e7\u00f5es\/caption]\n<h3>Import\u00e2ncia da ilumina\u00e7\u00e3o natural e ventila\u00e7\u00e3o no banheiro<\/h3>\n<p>Jamais subestime a for\u00e7a da luz natural no banheiro. <b>Ela traz vida, amplia o espa\u00e7o e ajuda a manter o ambiente seco.<\/b><\/p>\n<p>Al\u00e9m disso, a ventila\u00e7\u00e3o \u00e9 fundamental para evitar mofo e proteger revestimentos. <b>Uma janela bem posicionada ajuda a expulsar o vapor do banho r\u00e1pido e f\u00e1cil.<\/b><\/p>\n<h3>Privacidade: como garantir sem perder a luminosidade<\/h3>\n<p>A preocupa\u00e7\u00e3o com a privacidade \u00e9 uma das maiores na hora de escolher a janela. <b>Vidros foscos, pel\u00edculas e janelas instaladas em altura s\u00e3o solu\u00e7\u00f5es cl\u00e1ssicas e eficientes.<\/b><\/p>\n<p>A janela maxim ar, por exemplo, permite entrada de ar sem mostrar o interior, ideal para quem quer sossego visual.<\/p>\n<h3>Tamanhos e formatos: adapte a janela ao espa\u00e7o dispon\u00edvel<\/h3>\n<p>O tamanho da janela deve ser proporcional ao banheiro e seu layout. <b>Banheiros grandes pedem janelas amplas, enquanto espa\u00e7os pequenos se beneficiam de janelas compactas e posicionadas no alto.<\/b><\/p>\n<p>Modelos geom\u00e9tricos diferentes, como arredondados ou alongados, podem ainda valorizar a decora\u00e7\u00e3o e criar um toque personalizado no seu banheiro.<\/p>\n<img decoding=\"async\" src=\"https:\/\/www.aarquiteta.com.br\/blog\/wp-content\/uploads\/2026\/03\/Como-escolher-a-janela-ideal-para-o-seu-banheiro-dicas-pryticas-e-inspirayyes-03.jpg\" alt=\"Como escolher a janela ideal para o seu banheiro: dicas pr\u00e1ticas e inspira\u00e7\u00f5es\" width=\"1024\" height=\"1024\" title=\"\"> Como escolher a janela ideal para o seu banheiro: dicas pr\u00e1ticas e inspira\u00e7\u00f5es\/caption]\n<h3>Tabela comparativa: vantagens e cuidados dos principais materiais de janela<\/h3>\n<table border=\"1\" cellpadding=\"8\" cellspacing=\"0\">\n<tr>\n<th>Material<\/th>\n<th>Vantagens<\/th>\n<th>Cuidados<\/th>\n<\/tr>\n<tr>\n<td>Alum\u00ednio\/PVC<\/td>\n<td>Alta durabilidade, resistente \u00e0 umidade, f\u00e1cil limpeza<\/td>\n<td>Verificar qualidade da pintura e lubrifica\u00e7\u00e3o das ferragens<\/td>\n<\/tr>\n<tr>\n<td>Madeira<\/td>\n<td>Est\u00e9tica elegante, personaliza\u00e7\u00e3o sob medida<\/td>\n<td>Manuten\u00e7\u00e3o constante para evitar fungos e cupins<\/td>\n<\/tr>\n<tr>\n<td>Vidro<\/td>\n<td>Visual moderno, permite ilumina\u00e7\u00e3o natural<\/td>\n<td>Necessita pel\u00edcula para privacidade, limpeza frequente<\/td>\n<\/tr>\n<\/table>\n<h3>Dicas pr\u00e1ticas para escolher a janela perfeita para o seu banheiro<\/h3>\n<ul>\n<li><b>Analise a localiza\u00e7\u00e3o do banheiro na planta da casa<\/b> para aproveitar melhor a luz e o vento natural.<\/li>\n<li><b>Prefira modelos com boa veda\u00e7\u00e3o para evitar infiltra\u00e7\u00f5es e entrada de poeira.<\/b><\/li>\n<li><b>Considere instalar pel\u00edculas ou vidro fosco para conservar a intimidade.<\/b><\/li>\n<li><b>Aproveite as medidas m\u00ednimas recomendadas para garantir ventila\u00e7\u00e3o e ilumina\u00e7\u00e3o.<\/b><\/li>\n<li><b>Observe o estilo do banheiro para escolher um modelo que combine e valorize o espa\u00e7o.<\/b><\/li>\n<\/ul>\n<h3>Inspira\u00e7\u00f5es para combinar est\u00e9tica e funcionalidade<\/h3>\n<p>Quer dar um toque especial no seu banheiro? <b>Modelos com esquadrias escuras d\u00e3o um ar moderno e sofisticado<\/b>, enquanto janelas de madeira tendem ao cl\u00e1ssico e aconchegante.<\/p>\n<p>Tamb\u00e9m vale apostar em formatos diferentes, como janelas circulares para banheiros menores, que criam charme sem roubar espa\u00e7o.<\/p>\n<p><b>Pronto para escolher sua janela ideal? Acesse as op\u00e7\u00f5es, avalie seu ambiente e transforme esse cantinho!<\/b><\/p>\n<h3>Gostou das dicas? Compartilhe sua opini\u00e3o e continue navegando para encontrar mais ideias incr\u00edveis para sua casa!<\/h3>\n<img decoding=\"async\" src=\"https:\/\/www.aarquiteta.com.br\/blog\/wp-content\/uploads\/2026\/03\/Como-escolher-a-janela-ideal-para-o-seu-banheiro-dicas-pryticas-e-inspirayyes-04.jpg\" alt=\"Como escolher a janela ideal para o seu banheiro: dicas pr\u00e1ticas e inspira\u00e7\u00f5es\" width=\"1024\" height=\"1024\" title=\"\"> Como escolher a janela ideal para o seu banheiro: dicas pr\u00e1ticas e inspira\u00e7\u00f5es\/caption]\n","protected":false},"excerpt":{"rendered":"<p>Quer escolher a janela ideal para o seu banheiro de forma pr\u00e1tica e sem erro? Aqui, vou te mostrar como fazer isso com dicas simples e inspiradoras. Por que escolher a janela certa para banheiro faz toda a diferen\u00e7a Voc\u00ea j\u00e1 percebeu que a janela do banheiro n\u00e3o serve s\u00f3 para deixar a luz entrar? [&hellip;]<\/p>\n","protected":false},"author":20,"featured_media":156865,"comment_status":"open","ping_status":"","sticky":false,"template":"","format":"standard","meta":{"footnotes":""},"categories":[],"tags":[],"class_list":["post-156866","post","type-post","status-publish","format-standard","has-post-thumbnail"],"_wp_attached_file":null,"_wp_attachment_metadata":null,"_wp_attachment_context":null,"_wp_attachment_is_custom_header":null,"geo_longitude":null,"geo_public":null,"geo_latitude":null,"_publicize_done_external":null,"_wpas_done_3897181":null,"publicize_twitter_user":null,"_wpas_done_3897175":null,"_wpas_skip_3897181":null,"_wpas_skip_3897175":null,"_wpas_skip_3924723":null,"_wpas_mess":null,"_wpas_done_3924723":null,"wps_subtitle":"","_links":{"self":[{"href":"https:\/\/www.aarquiteta.com.br\/blog\/wp-json\/wp\/v2\/posts\/156866","targetHints":{"allow":["GET"]}}],"collection":[{"href":"https:\/\/www.aarquiteta.com.br\/blog\/wp-json\/wp\/v2\/posts"}],"about":[{"href":"https:\/\/www.aarquiteta.com.br\/blog\/wp-json\/wp\/v2\/types\/post"}],"author":[{"embeddable":true,"href":"https:\/\/www.aarquiteta.com.br\/blog\/wp-json\/wp\/v2\/users\/20"}],"replies":[{"embeddable":true,"href":"https:\/\/www.aarquiteta.com.br\/blog\/wp-json\/wp\/v2\/comments?post=156866"}],"version-history":[{"count":0,"href":"https:\/\/www.aarquiteta.com.br\/blog\/wp-json\/wp\/v2\/posts\/156866\/revisions"}],"wp:featuredmedia":[{"embeddable":true,"href":"https:\/\/www.aarquiteta.com.br\/blog\/wp-json\/wp\/v2\/media\/156865"}],"wp:attachment":[{"href":"https:\/\/www.aarquiteta.com.br\/blog\/wp-json\/wp\/v2\/media?parent=156866"}],"wp:term":[{"taxonomy":"category","embeddable":true,"href":"https:\/\/www.aarquiteta.com.br\/blog\/wp-json\/wp\/v2\/categories?post=156866"},{"taxonomy":"post_tag","embeddable":true,"href":"https:\/\/www.aarquiteta.com.br\/blog\/wp-json\/wp\/v2\/tags?post=156866"}],"curies":[{"name":"wp","href":"https:\/\/api.w.org\/{rel}","templated":true}]}}