{"id":156856,"date":"2026-03-01T08:01:56","date_gmt":"2026-03-01T11:01:56","guid":{"rendered":"https:\/\/www.aarquiteta.com.br\/blog\/sofa-verde-2\/"},"modified":"2026-03-01T08:01:56","modified_gmt":"2026-03-01T11:01:56","slug":"sofa-verde-2","status":"publish","type":"post","link":"https:\/\/www.aarquiteta.com.br\/blog\/sofa-verde-2\/","title":{"rendered":"Sof\u00e1 verde: como transformar sua sala com estilo, conforto e versatilidade"},"content":{"rendered":"<p><b>Um sof\u00e1 verde pode transformar sua sala com muito estilo, conforto e muita versatilidade!<\/b> Descubra como essa cor pode renovar seu ambiente sem complica\u00e7\u00e3o.<\/p>\n<h3>Por que escolher um sof\u00e1 verde para sua sala?<\/h3>\n<p>Voc\u00ea j\u00e1 reparou que o verde est\u00e1 dominando a decora\u00e7\u00e3o? <b>Ele traz um ar fresco e natural, perfeito para qualquer estilo.<\/b> Al\u00e9m disso, essa tonalidade \u00e9 super f\u00e1cil de combinar.<\/p>\n<p>Se voc\u00ea quer renovar sem medo, o sof\u00e1 verde \u00e9 o caminho. <b>Ele cria um ponto de destaque no espa\u00e7o, mas tamb\u00e9m abre portas para v\u00e1rias combina\u00e7\u00f5es.<\/b><\/p>\n<img decoding=\"async\" src=\"https:\/\/www.aarquiteta.com.br\/blog\/wp-content\/uploads\/2026\/03\/Sofy-verde-como-transformar-sua-sala-com-estilo-conforto-e-versatilidade-01.jpg\" alt=\"Sof\u00e1 verde: como transformar sua sala com estilo, conforto e versatilidade\" width=\"1024\" height=\"1024\" title=\"\"> Sof\u00e1 verde: como transformar sua sala com estilo, conforto e versatilidade\/caption]\n<h3>Varia\u00e7\u00f5es de verde que v\u00e3o te encantar<\/h3>\n<p>Existem tons para todos os gostos: do <b>verde-musgo ao verde-esmeralda e at\u00e9 o verde militar.<\/b> Cada um transmite uma sensa\u00e7\u00e3o diferente, seja modernidade, aconchego ou eleg\u00e2ncia.<\/p>\n<p>N\u00e3o importa se sua sala \u00e9 pequena ou grande, <b>tem uma cor verde ideal para o seu espa\u00e7o!<\/b><\/p>\n<h3>Como combinar sof\u00e1 verde com outras cores?<\/h3>\n<ul>\n<li><b>Cores neutras:<\/b> Bege, branco e cinza deixam o verde brilhar sem pesar.<\/li>\n<li><b>Toques vibrantes:<\/b> Amarelo, rosa ou laranja criam contrastes modernos e alegres.<\/li>\n<li><b>Madeiras e plantas naturais:<\/b> Ajudam a refor\u00e7ar o clima acolhedor e org\u00e2nico.<\/li>\n<\/ul>\n<img decoding=\"async\" src=\"https:\/\/www.aarquiteta.com.br\/blog\/wp-content\/uploads\/2026\/03\/Sofy-verde-como-transformar-sua-sala-com-estilo-conforto-e-versatilidade-02.jpg\" alt=\"Sof\u00e1 verde: como transformar sua sala com estilo, conforto e versatilidade\" width=\"1024\" height=\"1024\" title=\"\"> Sof\u00e1 verde: como transformar sua sala com estilo, conforto e versatilidade\/caption]\n<h3>Modelos de sof\u00e1 verde para diferentes estilos<\/h3>\n<p>Do retr\u00f4 ao minimalista, o sof\u00e1 verde se adapta f\u00e1cil. <b>Voc\u00ea pode escolher entre couro, veludo ou tecidos resistentes.<\/b><\/p>\n<p>Al\u00e9m disso, formatos tradicionais ou modulares d\u00e3o versatilidade para seu espa\u00e7o funcionar melhor.<\/p>\n<h3>Dicas para deixar o sof\u00e1 verde ainda mais confort\u00e1vel e estiloso<\/h3>\n<ul>\n<li>Use mantas e almofadas em texturas diferentes para criar camadas de conforto.<\/li>\n<li>Invista em tapetes que conversem com o tom do sof\u00e1 para unificar o ambiente.<\/li>\n<li>Ilumina\u00e7\u00e3o natural valoriza as nuances do sof\u00e1 e destaca suas cores.<\/li>\n<\/ul>\n<img decoding=\"async\" src=\"https:\/\/www.aarquiteta.com.br\/blog\/wp-content\/uploads\/2026\/03\/Sofy-verde-como-transformar-sua-sala-com-estilo-conforto-e-versatilidade-03.jpg\" alt=\"Sof\u00e1 verde: como transformar sua sala com estilo, conforto e versatilidade\" width=\"1024\" height=\"1024\" title=\"\"> Sof\u00e1 verde: como transformar sua sala com estilo, conforto e versatilidade\/caption]\n<h3>Tabela comparativa: tons de verde para sof\u00e1 e suas caracter\u00edsticas<\/h3>\n<table border=\"1\" cellpadding=\"6\" cellspacing=\"0\" style=\"border-collapse:collapse; width:100%;\">\n<tr style=\"background-color:#d0e8d0;\">\n<th>Tonalidade<\/th>\n<th>Estilo<\/th>\n<th>Ambientes indicados<\/th>\n<th>Combina\u00e7\u00f5es recomendadas<\/th>\n<\/tr>\n<tr>\n<td>Verde-musgo<\/td>\n<td>Cl\u00e1ssico e acolhedor<\/td>\n<td>Salas amplas, ambientes r\u00fasticos<\/td>\n<td>Madeira, bege, tons terrosos<\/td>\n<\/tr>\n<tr style=\"background-color:#f0f9f0;\">\n<td>Verde-esmeralda<\/td>\n<td>Moderno e vibrante<\/td>\n<td>Salas pequenas, lofts contempor\u00e2neos<\/td>\n<td>Branco, dourado, rosa<\/td>\n<\/tr>\n<tr>\n<td>Verde-oliva<\/td>\n<td>Sofisticado e natural<\/td>\n<td>Ambientes minimalistas e naturais<\/td>\n<td>Cinza, madeira clara, plantas verdes<\/td>\n<\/tr>\n<tr style=\"background-color:#f0f9f0;\">\n<td>Verde-militar<\/td>\n<td>Urbano e casual<\/td>\n<td>Lofts, salas descontra\u00eddas<\/td>\n<td>Preto, cinza, cobre<\/td>\n<\/tr>\n<\/table>\n<h3>Como escolher o sof\u00e1 verde ideal para seu espa\u00e7o<\/h3>\n<ul>\n<li>Me\u00e7a o espa\u00e7o dispon\u00edvel antes de comprar para evitar transtornos.<\/li>\n<li>Escolha tecidos resistentes se tem pets ou crian\u00e7as em casa.<\/li>\n<li>Prefira cores que harmonizam com sua decora\u00e7\u00e3o atual para garantir um visual coeso.<\/li>\n<\/ul>\n<h3>Transforme sua sala com o sof\u00e1 verde sem medo de errar<\/h3>\n<p>O poder do sof\u00e1 verde est\u00e1 no equil\u00edbrio perfeito entre praticidade, beleza e aconchego. <b>Ele acolhe e deixa o ambiente vibrante ao mesmo tempo.<\/b><\/p>\n<p>Com ideias simples de combina\u00e7\u00e3o e acess\u00f3rios, voc\u00ea pode criar uma sala com a sua cara. <b>Est\u00e1 pronta para esse toque de vida e cor?<\/b><\/p>\n<p><b>Quer transformar sua sala? Escolha seu sof\u00e1 verde favorito e conte nos coment\u00e1rios como foi sua experi\u00eancia! E para mais inspira\u00e7\u00f5es, n\u00e3o perca nossas dicas sobre almofadas e ilumina\u00e7\u00e3o para salas.<\/b><\/p>\n<img decoding=\"async\" src=\"https:\/\/www.aarquiteta.com.br\/blog\/wp-content\/uploads\/2026\/03\/Sofy-verde-como-transformar-sua-sala-com-estilo-conforto-e-versatilidade-04.jpg\" alt=\"Sof\u00e1 verde: como transformar sua sala com estilo, conforto e versatilidade\" width=\"1024\" height=\"1024\" title=\"\"> Sof\u00e1 verde: como transformar sua sala com estilo, conforto e versatilidade\/caption]\n","protected":false},"excerpt":{"rendered":"<p>Um sof\u00e1 verde pode transformar sua sala com muito estilo, conforto e muita versatilidade! Descubra como essa cor pode renovar seu ambiente sem complica\u00e7\u00e3o. Por que escolher um sof\u00e1 verde para sua sala? Voc\u00ea j\u00e1 reparou que o verde est\u00e1 dominando a decora\u00e7\u00e3o? Ele traz um ar fresco e natural, perfeito para qualquer estilo. Al\u00e9m [&hellip;]<\/p>\n","protected":false},"author":20,"featured_media":156855,"comment_status":"open","ping_status":"","sticky":false,"template":"","format":"standard","meta":{"footnotes":""},"categories":[],"tags":[],"class_list":["post-156856","post","type-post","status-publish","format-standard","has-post-thumbnail"],"_wp_attached_file":null,"_wp_attachment_metadata":null,"_wp_attachment_context":null,"_wp_attachment_is_custom_header":null,"geo_longitude":null,"geo_public":null,"geo_latitude":null,"_publicize_done_external":null,"_wpas_done_3897181":null,"publicize_twitter_user":null,"_wpas_done_3897175":null,"_wpas_skip_3897181":null,"_wpas_skip_3897175":null,"_wpas_skip_3924723":null,"_wpas_mess":null,"_wpas_done_3924723":null,"wps_subtitle":"","_links":{"self":[{"href":"https:\/\/www.aarquiteta.com.br\/blog\/wp-json\/wp\/v2\/posts\/156856","targetHints":{"allow":["GET"]}}],"collection":[{"href":"https:\/\/www.aarquiteta.com.br\/blog\/wp-json\/wp\/v2\/posts"}],"about":[{"href":"https:\/\/www.aarquiteta.com.br\/blog\/wp-json\/wp\/v2\/types\/post"}],"author":[{"embeddable":true,"href":"https:\/\/www.aarquiteta.com.br\/blog\/wp-json\/wp\/v2\/users\/20"}],"replies":[{"embeddable":true,"href":"https:\/\/www.aarquiteta.com.br\/blog\/wp-json\/wp\/v2\/comments?post=156856"}],"version-history":[{"count":0,"href":"https:\/\/www.aarquiteta.com.br\/blog\/wp-json\/wp\/v2\/posts\/156856\/revisions"}],"wp:featuredmedia":[{"embeddable":true,"href":"https:\/\/www.aarquiteta.com.br\/blog\/wp-json\/wp\/v2\/media\/156855"}],"wp:attachment":[{"href":"https:\/\/www.aarquiteta.com.br\/blog\/wp-json\/wp\/v2\/media?parent=156856"}],"wp:term":[{"taxonomy":"category","embeddable":true,"href":"https:\/\/www.aarquiteta.com.br\/blog\/wp-json\/wp\/v2\/categories?post=156856"},{"taxonomy":"post_tag","embeddable":true,"href":"https:\/\/www.aarquiteta.com.br\/blog\/wp-json\/wp\/v2\/tags?post=156856"}],"curies":[{"name":"wp","href":"https:\/\/api.w.org\/{rel}","templated":true}]}}