{"id":156851,"date":"2026-03-01T00:01:52","date_gmt":"2026-03-01T03:01:52","guid":{"rendered":"https:\/\/www.aarquiteta.com.br\/blog\/prateleira-de-madeira-4\/"},"modified":"2026-03-01T00:01:52","modified_gmt":"2026-03-01T03:01:52","slug":"prateleira-de-madeira-4","status":"publish","type":"post","link":"https:\/\/www.aarquiteta.com.br\/blog\/prateleira-de-madeira-4\/","title":{"rendered":"Inspire-se com ideias criativas de prateleiras de madeira para transformar sua decora\u00e7\u00e3o"},"content":{"rendered":"<p><b>Prateleiras de madeira:<\/b> ideias criativas para transformar sua decora\u00e7\u00e3o com charme, organiza\u00e7\u00e3o e praticidade em todos os ambientes da casa.<\/p>\n<h3>Por que a prateleira de madeira \u00e9 a escolha perfeita para sua decora\u00e7\u00e3o<\/h3>\n<p>Voc\u00ea j\u00e1 sentiu que falta algo na parede para deixar seu espa\u00e7o mais aconchegante e funcional? <b>Prateleiras de madeira trazem essa solu\u00e7\u00e3o.<\/b> Al\u00e9m de super \u00fateis, elas se adaptam a diversos estilos.<\/p>\n<p>A versatilidade das prateleiras de madeira agrada quem busca <b>beleza natural e organiza\u00e7\u00e3o pr\u00e1tica<\/b>, seja na sala, cozinha, quarto ou banheiro.<\/p>\n<p>Neste artigo, vou mostrar como ideias simples e criativas podem transformar seu lar, dando um toque de personalidade \u00fanica.<\/p>\n<img decoding=\"async\" src=\"https:\/\/www.aarquiteta.com.br\/blog\/wp-content\/uploads\/2026\/03\/Inspire-se-com-ideias-criativas-de-prateleiras-de-madeira-para-transformar-sua-decorayyo-01.jpg\" alt=\"Inspire-se com ideias criativas de prateleiras de madeira para transformar sua decora\u00e7\u00e3o\" width=\"1024\" height=\"1024\" title=\"\"> Inspire-se com ideias criativas de prateleiras de madeira para transformar sua decora\u00e7\u00e3o\/caption]\n<h3>Modelos de prateleiras de madeira para diferentes ambientes<\/h3>\n<p>Cada espa\u00e7o pede um estilo e tamanho espec\u00edfico de prateleira. <b>Na cozinha, opte por modelos para temperos e utens\u00edlios;<\/b> no quarto infantil, escolha prateleiras coloridas para livros e brinquedos.<\/p>\n<p>J\u00e1 no banheiro, as prateleiras estreitas ajudam a organizar produtos sem perder charme. <b>Na sala, podem valorizar quadros, vasos e at\u00e9 a TV.<\/b><\/p>\n<img decoding=\"async\" src=\"https:\/\/www.aarquiteta.com.br\/blog\/wp-content\/uploads\/2026\/03\/Inspire-se-com-ideias-criativas-de-prateleiras-de-madeira-para-transformar-sua-decorayyo-02.jpg\" alt=\"Inspire-se com ideias criativas de prateleiras de madeira para transformar sua decora\u00e7\u00e3o\" width=\"1024\" height=\"1024\" title=\"\"> Inspire-se com ideias criativas de prateleiras de madeira para transformar sua decora\u00e7\u00e3o\/caption]\n<h3>Tipos de madeira indicados para prateleiras<\/h3>\n<p>O segredo est\u00e1 na escolha da madeira. <b>Pinus e MDF s\u00e3o pr\u00e1ticos, leves e f\u00e1ceis de trabalhar.<\/b> Madeira maci\u00e7a traz resist\u00eancia e beleza r\u00fastica, enquanto pallets garantem um visual mais descolado e sustent\u00e1vel.<\/p>\n<h3>5 ideias criativas para prateleiras de madeira personalizadas<\/h3>\n<ul>\n<li><b>Prateleira suspensa com corda:<\/b> charme r\u00fastico e estilo artesanal.<\/li>\n<li><b>Prateleira tipo calha:<\/b> ideal para apoiar quadros com facilidade.<\/li>\n<li><b>Prateleira com tiras de couro:<\/b> um toque moderno e elegante.<\/li>\n<li><b>Prateleira de canto:<\/b> aproveita espa\u00e7os muitas vezes esquecidos.<\/li>\n<li><b>Prateleiras com fitas de LED:<\/b> ilumina\u00e7\u00e3o perfeita para destacar objetos.<\/li>\n<\/ul>\n<img decoding=\"async\" src=\"https:\/\/www.aarquiteta.com.br\/blog\/wp-content\/uploads\/2026\/03\/Inspire-se-com-ideias-criativas-de-prateleiras-de-madeira-para-transformar-sua-decorayyo-03.jpg\" alt=\"Inspire-se com ideias criativas de prateleiras de madeira para transformar sua decora\u00e7\u00e3o\" width=\"1024\" height=\"1024\" title=\"\"> Inspire-se com ideias criativas de prateleiras de madeira para transformar sua decora\u00e7\u00e3o\/caption]\n<h3>Como escolher a melhor prateleira para seu espa\u00e7o<\/h3>\n<p>Analise o tamanho dispon\u00edvel e o peso dos objetos que ela vai suportar. <b>Prateleiras maiores para livros ou eletrodom\u00e9sticos, e menores para decora\u00e7\u00e3o leve.<\/b><\/p>\n<p>Pense tamb\u00e9m na altura ideal para facilitar o acesso e harmonizar com os m\u00f3veis j\u00e1 existentes.<\/p>\n<h3>Vantagens das prateleiras de madeira na organiza\u00e7\u00e3o<\/h3>\n<p>Al\u00e9m de decorar, ajudam a manter tudo no lugar. <b>O uso em home office reduz a bagun\u00e7a e otimiza o espa\u00e7o.<\/b> Na cozinha e \u00e1rea de servi\u00e7o, facilita o dia a dia com tudo \u00e0 m\u00e3o.<\/p>\n<h3>Comparativo: Tipos de suporte para prateleiras de madeira<\/h3>\n<table border=\"1\" cellpadding=\"6\" cellspacing=\"0\" style=\"width:100%; border-collapse: collapse;\">\n<thead>\n<tr style=\"background-color: #f0f0f0;\">\n<th>Tipo de Suporte<\/th>\n<th>Estilo Visual<\/th>\n<th>Facilidade de Instala\u00e7\u00e3o<\/th>\n<th>Capacidade de Peso<\/th>\n<\/tr>\n<\/thead>\n<tbody>\n<tr>\n<td>Suporte Invis\u00edvel<\/td>\n<td>Minimalista e moderno<\/td>\n<td>M\u00e9dia<\/td>\n<td>M\u00e9dia<\/td>\n<\/tr>\n<tr>\n<td>M\u00e3o Francesa<\/td>\n<td>Cl\u00e1ssico e robusto<\/td>\n<td>F\u00e1cil<\/td>\n<td>Alta<\/td>\n<\/tr>\n<tr>\n<td>Suspensa com corda<\/td>\n<td>R\u00fastico e artesanal<\/td>\n<td>F\u00e1cil<\/td>\n<td>Baixa a m\u00e9dia<\/td>\n<\/tr>\n<\/tbody>\n<\/table>\n<h3>Dicas finais para um resultado impec\u00e1vel<\/h3>\n<p>Combine materiais, cuide da fixa\u00e7\u00e3o e respeite o peso indicado para sua prateleira. <b>Fa\u00e7a composi\u00e7\u00f5es com mais de um modelo para trazer harmonia e estilo.<\/b><\/p>\n<p>Experimente pintar ou decorar para criar um visual \u00fanico que seja a cara da sua casa!<\/p>\n<p>Gostou das ideias? <b>Deixe seu coment\u00e1rio e compartilhe suas experi\u00eancias com prateleiras de madeira.<\/b> Quer mais dicas? Explore nosso blog e inspire-se para transformar seu lar com criatividade!<\/p>\n<img decoding=\"async\" src=\"https:\/\/www.aarquiteta.com.br\/blog\/wp-content\/uploads\/2026\/03\/Inspire-se-com-ideias-criativas-de-prateleiras-de-madeira-para-transformar-sua-decorayyo-04.jpg\" alt=\"Inspire-se com ideias criativas de prateleiras de madeira para transformar sua decora\u00e7\u00e3o\" width=\"1024\" height=\"1024\" title=\"\"> Inspire-se com ideias criativas de prateleiras de madeira para transformar sua decora\u00e7\u00e3o\/caption]\n","protected":false},"excerpt":{"rendered":"<p>Prateleiras de madeira: ideias criativas para transformar sua decora\u00e7\u00e3o com charme, organiza\u00e7\u00e3o e praticidade em todos os ambientes da casa. Por que a prateleira de madeira \u00e9 a escolha perfeita para sua decora\u00e7\u00e3o Voc\u00ea j\u00e1 sentiu que falta algo na parede para deixar seu espa\u00e7o mais aconchegante e funcional? Prateleiras de madeira trazem essa solu\u00e7\u00e3o. [&hellip;]<\/p>\n","protected":false},"author":20,"featured_media":156850,"comment_status":"open","ping_status":"","sticky":false,"template":"","format":"standard","meta":{"footnotes":""},"categories":[],"tags":[],"class_list":["post-156851","post","type-post","status-publish","format-standard","has-post-thumbnail"],"_wp_attached_file":null,"_wp_attachment_metadata":null,"_wp_attachment_context":null,"_wp_attachment_is_custom_header":null,"geo_longitude":null,"geo_public":null,"geo_latitude":null,"_publicize_done_external":null,"_wpas_done_3897181":null,"publicize_twitter_user":null,"_wpas_done_3897175":null,"_wpas_skip_3897181":null,"_wpas_skip_3897175":null,"_wpas_skip_3924723":null,"_wpas_mess":null,"_wpas_done_3924723":null,"wps_subtitle":"","_links":{"self":[{"href":"https:\/\/www.aarquiteta.com.br\/blog\/wp-json\/wp\/v2\/posts\/156851","targetHints":{"allow":["GET"]}}],"collection":[{"href":"https:\/\/www.aarquiteta.com.br\/blog\/wp-json\/wp\/v2\/posts"}],"about":[{"href":"https:\/\/www.aarquiteta.com.br\/blog\/wp-json\/wp\/v2\/types\/post"}],"author":[{"embeddable":true,"href":"https:\/\/www.aarquiteta.com.br\/blog\/wp-json\/wp\/v2\/users\/20"}],"replies":[{"embeddable":true,"href":"https:\/\/www.aarquiteta.com.br\/blog\/wp-json\/wp\/v2\/comments?post=156851"}],"version-history":[{"count":0,"href":"https:\/\/www.aarquiteta.com.br\/blog\/wp-json\/wp\/v2\/posts\/156851\/revisions"}],"wp:featuredmedia":[{"embeddable":true,"href":"https:\/\/www.aarquiteta.com.br\/blog\/wp-json\/wp\/v2\/media\/156850"}],"wp:attachment":[{"href":"https:\/\/www.aarquiteta.com.br\/blog\/wp-json\/wp\/v2\/media?parent=156851"}],"wp:term":[{"taxonomy":"category","embeddable":true,"href":"https:\/\/www.aarquiteta.com.br\/blog\/wp-json\/wp\/v2\/categories?post=156851"},{"taxonomy":"post_tag","embeddable":true,"href":"https:\/\/www.aarquiteta.com.br\/blog\/wp-json\/wp\/v2\/tags?post=156851"}],"curies":[{"name":"wp","href":"https:\/\/api.w.org\/{rel}","templated":true}]}}