{"id":156841,"date":"2026-02-28T08:02:07","date_gmt":"2026-02-28T11:02:07","guid":{"rendered":"https:\/\/www.aarquiteta.com.br\/blog\/sofa-curvo-2\/"},"modified":"2026-02-28T08:02:07","modified_gmt":"2026-02-28T11:02:07","slug":"sofa-curvo-2","status":"publish","type":"post","link":"https:\/\/www.aarquiteta.com.br\/blog\/sofa-curvo-2\/","title":{"rendered":"Sof\u00e1 Curvo: Como Transformar Seu Ambiente com Eleg\u00e2ncia e Conforto"},"content":{"rendered":"<p><b>O sof\u00e1 curvo \u00e9 o toque perfeito para trazer eleg\u00e2ncia e conforto ao seu ambiente, transformando qualquer espa\u00e7o com design e charme \u00fanicos.<\/b><\/p>\n<h3>Por que escolher um sof\u00e1 curvo para sua decora\u00e7\u00e3o?<\/h3>\n<p><b>Voc\u00ea j\u00e1 percebeu como um m\u00f3vel pode mudar completamente o clima de um c\u00f4modo?<\/b> O sof\u00e1 curvo tem esse poder. Ele traz um ar <b>moderno e descontra\u00eddo<\/b>, quebrando a rigidez dos ambientes tradicionais.<\/p>\n<p>Al\u00e9m disso, \u00e9 uma pe\u00e7a que se adapta a diversos espa\u00e7os \u2014 desde salas amplas at\u00e9 varandas gourmet compactas. <b>Versatilidade e estilo andam juntos.<\/b><\/p>\n<img decoding=\"async\" src=\"https:\/\/www.aarquiteta.com.br\/blog\/wp-content\/uploads\/2026\/02\/Sofy-Curvo-Como-Transformar-Seu-Ambiente-com-Elegyncia-e-Conforto-01.jpg\" alt=\"Sof\u00e1 Curvo: Como Transformar Seu Ambiente com Eleg\u00e2ncia e Conforto\" width=\"1024\" height=\"1024\" title=\"\"> Sof\u00e1 Curvo: Como Transformar Seu Ambiente com Eleg\u00e2ncia e Conforto\/caption]\n<h3>Design arredondado e conforto: a combina\u00e7\u00e3o perfeita<\/h3>\n<p>As linhas suaves do sof\u00e1 curvo <b>se harmonizam com qualquer decora\u00e7\u00e3o<\/b>. Elas convidam ao aconchego e criam um ambiente acolhedor, perfeito para reunir amigos e fam\u00edlia.<\/p>\n<p>A ergonomia dessa pe\u00e7a acredita no conforto visual e f\u00edsico, tornando o estar muito mais prazeroso.<\/p>\n<img decoding=\"async\" src=\"https:\/\/www.aarquiteta.com.br\/blog\/wp-content\/uploads\/2026\/02\/Sofy-Curvo-Como-Transformar-Seu-Ambiente-com-Elegyncia-e-Conforto-02.jpg\" alt=\"Sof\u00e1 Curvo: Como Transformar Seu Ambiente com Eleg\u00e2ncia e Conforto\" width=\"1024\" height=\"1024\" title=\"\"> Sof\u00e1 Curvo: Como Transformar Seu Ambiente com Eleg\u00e2ncia e Conforto\/caption]\n<h3>Variedade de modelos para todos os gostos e espa\u00e7os<\/h3>\n<p>Do estilo retr\u00f4 ao minimalista, os sof\u00e1s curvos v\u00eam em muitas vers\u00f5es:<\/p>\n<ul>\n<li>Modelos grandes para quem adora receber;<\/li>\n<li>Op\u00e7\u00f5es compactas, ideais para salas pequenas;<\/li>\n<li>Pe\u00e7as com tecidos variados: veludo, linho e couro;<\/li>\n<li>Vers\u00f5es para \u00e1rea externa, resistentes e estilosas.<\/li>\n<\/ul>\n<p>Tudo para voc\u00ea escolher o sof\u00e1 que se encaixa perfeitamente no seu estilo de vida.<\/p>\n<h3>Como combinar sof\u00e1 curvo com elementos da decora\u00e7\u00e3o<\/h3>\n<p>Uma forma de deixar o ambiente ainda mais sofisticado \u00e9 usar <b>almofadas<\/b>, <b>mantas<\/b> e <b>tapetes<\/b> que valorizem o design do sof\u00e1. <\/p>\n<p>Tamb\u00e9m d\u00e1 para criar efeitos incr\u00edveis com a ilumina\u00e7\u00e3o: lumin\u00e1rias pendentes, por exemplo, <b>destacam as curvas<\/b> e d\u00e3o profundidade ao espa\u00e7o.<\/p>\n<img decoding=\"async\" src=\"https:\/\/www.aarquiteta.com.br\/blog\/wp-content\/uploads\/2026\/02\/Sofy-Curvo-Como-Transformar-Seu-Ambiente-com-Elegyncia-e-Conforto-03.jpg\" alt=\"Sof\u00e1 Curvo: Como Transformar Seu Ambiente com Eleg\u00e2ncia e Conforto\" width=\"1024\" height=\"1024\" title=\"\"> Sof\u00e1 Curvo: Como Transformar Seu Ambiente com Eleg\u00e2ncia e Conforto\/caption]\n<h3>Cores que valorizam o sof\u00e1 curvo e o ambiente<\/h3>\n<table border=\"1\" cellpadding=\"8\" cellspacing=\"0\">\n<thead>\n<tr>\n<th>Cor do Sof\u00e1<\/th>\n<th>Ambiente Ideal<\/th>\n<th>Combina\u00e7\u00e3o de Cores<\/th>\n<\/tr>\n<\/thead>\n<tbody>\n<tr>\n<td>Rosado<\/td>\n<td>Salas contempor\u00e2neas e varandas<\/td>\n<td>Tons neutros e past\u00e9is<\/td>\n<\/tr>\n<tr>\n<td>Verde<\/td>\n<td>Espa\u00e7os com plantas e natureza<\/td>\n<td>Cores terrosas e madeira clara<\/td>\n<\/tr>\n<tr>\n<td>Cinza<\/td>\n<td>Ambientes vers\u00e1teis e sofisticados<\/td>\n<td>Preto, branco e metalizados<\/td>\n<\/tr>\n<tr>\n<td>Colorido (azul, amarelo)<\/td>\n<td>Salas jovens e despojadas<\/td>\n<td>Cores neutras e acessos vibrantes<\/td>\n<\/tr>\n<\/tbody>\n<\/table>\n<h3>Otimizando espa\u00e7os com o sof\u00e1 curvo<\/h3>\n<p>O sof\u00e1 curvo n\u00e3o apenas valoriza a est\u00e9tica do ambiente, mas <b>ajuda na fluidez<\/b> do espa\u00e7o. Ele permite que os m\u00f3veis fiquem mais soltos, facilitando a circula\u00e7\u00e3o e integra\u00e7\u00e3o entre \u00e1reas.<\/p>\n<p>\u00c9 perfeito para ambientes integrados, onde a curvatura convida \u00e0 conversa e intera\u00e7\u00e3o.<\/p>\n<h3>Dicas para escolher o sof\u00e1 curvo ideal<\/h3>\n<ol>\n<li>Considere o tamanho do ambiente para escolher o modelo;<\/li>\n<li>Pense no tecido: f\u00e1cil limpeza e conforto s\u00e3o essenciais;<\/li>\n<li>Aposte em almofadas e mantas para personalizar;<\/li>\n<li>Combine com m\u00f3veis curvos para uma decora\u00e7\u00e3o coesa;<\/li>\n<li>Invista em ilumina\u00e7\u00e3o que realce as formas arredondadas.<\/li>\n<\/ol>\n<h3>Onde encontrar sof\u00e1 curvo com qualidade e estilo<\/h3>\n<p>Muitas lojas especializadas e fabricantes oferecem op\u00e7\u00f5es incr\u00edveis. Busque por pe\u00e7as que unam conforto e design para garantir sua satisfa\u00e7\u00e3o.<\/p>\n<p>Al\u00e9m disso, vale sempre pesquisar avalia\u00e7\u00f5es e certificar-se da proced\u00eancia para fazer um bom investimento.<\/p>\n<p>Agora que voc\u00ea conhece o charme e a funcionalidade do sof\u00e1 curvo, que tal dar esse upgrade na sua sala ou varanda? <b>Conte nos coment\u00e1rios qual modelo voc\u00ea mais gostou!<\/b> E n\u00e3o deixe de explorar outras dicas de decora\u00e7\u00e3o para deixar sua casa ainda mais aconchegante.<\/p>\n<p><b>Quer mais inspira\u00e7\u00f5es? Confira tamb\u00e9m artigos sobre tapetes que valorizam ambientes e dicas de ilumina\u00e7\u00e3o para sala de estar.<\/b><\/p>\n<img decoding=\"async\" src=\"https:\/\/www.aarquiteta.com.br\/blog\/wp-content\/uploads\/2026\/02\/Sofy-Curvo-Como-Transformar-Seu-Ambiente-com-Elegyncia-e-Conforto-04.jpg\" alt=\"Sof\u00e1 Curvo: Como Transformar Seu Ambiente com Eleg\u00e2ncia e Conforto\" width=\"1024\" height=\"1024\" title=\"\"> Sof\u00e1 Curvo: Como Transformar Seu Ambiente com Eleg\u00e2ncia e Conforto\/caption]\n","protected":false},"excerpt":{"rendered":"<p>O sof\u00e1 curvo \u00e9 o toque perfeito para trazer eleg\u00e2ncia e conforto ao seu ambiente, transformando qualquer espa\u00e7o com design e charme \u00fanicos. Por que escolher um sof\u00e1 curvo para sua decora\u00e7\u00e3o? Voc\u00ea j\u00e1 percebeu como um m\u00f3vel pode mudar completamente o clima de um c\u00f4modo? O sof\u00e1 curvo tem esse poder. Ele traz um [&hellip;]<\/p>\n","protected":false},"author":20,"featured_media":156840,"comment_status":"open","ping_status":"","sticky":false,"template":"","format":"standard","meta":{"footnotes":""},"categories":[],"tags":[],"class_list":["post-156841","post","type-post","status-publish","format-standard","has-post-thumbnail"],"_wp_attached_file":null,"_wp_attachment_metadata":null,"_wp_attachment_context":null,"_wp_attachment_is_custom_header":null,"geo_longitude":null,"geo_public":null,"geo_latitude":null,"_publicize_done_external":null,"_wpas_done_3897181":null,"publicize_twitter_user":null,"_wpas_done_3897175":null,"_wpas_skip_3897181":null,"_wpas_skip_3897175":null,"_wpas_skip_3924723":null,"_wpas_mess":null,"_wpas_done_3924723":null,"wps_subtitle":"","_links":{"self":[{"href":"https:\/\/www.aarquiteta.com.br\/blog\/wp-json\/wp\/v2\/posts\/156841","targetHints":{"allow":["GET"]}}],"collection":[{"href":"https:\/\/www.aarquiteta.com.br\/blog\/wp-json\/wp\/v2\/posts"}],"about":[{"href":"https:\/\/www.aarquiteta.com.br\/blog\/wp-json\/wp\/v2\/types\/post"}],"author":[{"embeddable":true,"href":"https:\/\/www.aarquiteta.com.br\/blog\/wp-json\/wp\/v2\/users\/20"}],"replies":[{"embeddable":true,"href":"https:\/\/www.aarquiteta.com.br\/blog\/wp-json\/wp\/v2\/comments?post=156841"}],"version-history":[{"count":0,"href":"https:\/\/www.aarquiteta.com.br\/blog\/wp-json\/wp\/v2\/posts\/156841\/revisions"}],"wp:featuredmedia":[{"embeddable":true,"href":"https:\/\/www.aarquiteta.com.br\/blog\/wp-json\/wp\/v2\/media\/156840"}],"wp:attachment":[{"href":"https:\/\/www.aarquiteta.com.br\/blog\/wp-json\/wp\/v2\/media?parent=156841"}],"wp:term":[{"taxonomy":"category","embeddable":true,"href":"https:\/\/www.aarquiteta.com.br\/blog\/wp-json\/wp\/v2\/categories?post=156841"},{"taxonomy":"post_tag","embeddable":true,"href":"https:\/\/www.aarquiteta.com.br\/blog\/wp-json\/wp\/v2\/tags?post=156841"}],"curies":[{"name":"wp","href":"https:\/\/api.w.org\/{rel}","templated":true}]}}