{"id":156831,"date":"2026-02-27T16:02:12","date_gmt":"2026-02-27T19:02:12","guid":{"rendered":"https:\/\/www.aarquiteta.com.br\/blog\/cadeira-de-balanco-suspensa-2\/"},"modified":"2026-02-27T16:02:12","modified_gmt":"2026-02-27T19:02:12","slug":"cadeira-de-balanco-suspensa-2","status":"publish","type":"post","link":"https:\/\/www.aarquiteta.com.br\/blog\/cadeira-de-balanco-suspensa-2\/","title":{"rendered":"Cadeira de balan\u00e7o suspensa: charme e conforto para transformar sua casa"},"content":{"rendered":"<p><b>Cadeira de balan\u00e7o suspensa<\/b> combina charme e conforto, transformando qualquer ambiente em um espa\u00e7o acolhedor e cheio de personalidade.<\/p>\n<h3>O que \u00e9 a cadeira de balan\u00e7o suspensa e por que voc\u00ea vai amar<\/h3>\n<p>Voc\u00ea j\u00e1 reparou como um m\u00f3vel simples pode revolucionar a sua casa? <b>A cadeira de balan\u00e7o suspensa<\/b> \u00e9 assim: charmosa, confort\u00e1vel e perfeita para relaxar. <\/p>\n<p>Ela cria um cantinho especial na sala, varanda, quarto ou jardim, <b>com aquele balan\u00e7o gostoso que convida ao descanso.<\/b> <\/p>\n<p>Se voc\u00ea est\u00e1 buscando algo que una beleza com funcionalidade, essa pe\u00e7a vai ser seu novo item favorito.<\/p>\n<img decoding=\"async\" src=\"https:\/\/www.aarquiteta.com.br\/blog\/wp-content\/uploads\/2026\/02\/Cadeira-de-balanyo-suspensa-charme-e-conforto-para-transformar-sua-casa-01.jpg\" alt=\"Cadeira de balan\u00e7o suspensa: charme e conforto para transformar sua casa\" width=\"1024\" height=\"1024\" title=\"\"> Cadeira de balan\u00e7o suspensa: charme e conforto para transformar sua casa\/caption]\n<h3>Variedade de estilos para combinar com sua decora\u00e7\u00e3o<\/h3>\n<p>O mais bacana \u00e9 que <b>existem v\u00e1rias op\u00e7\u00f5es de materiais, cores e designs.<\/b> Voc\u00ea pode escolher uma cadeira de fibra sint\u00e9tica para \u00e1rea externa, ou um modelo delicado feito em macram\u00ea para o quarto.<\/p>\n<p>Tem cadeira em vime, com um toque r\u00fastico, e at\u00e9 vers\u00f5es modernas em acr\u00edlico, que deixam a decora\u00e7\u00e3o mais contempor\u00e2nea. <\/p>\n<p>Seja qual for o seu estilo, d\u00e1 para encontrar uma pe\u00e7a que vai trazer mais vida ao ambiente.<\/p>\n<img decoding=\"async\" src=\"https:\/\/www.aarquiteta.com.br\/blog\/wp-content\/uploads\/2026\/02\/Cadeira-de-balanyo-suspensa-charme-e-conforto-para-transformar-sua-casa-02.jpg\" alt=\"Cadeira de balan\u00e7o suspensa: charme e conforto para transformar sua casa\" width=\"1024\" height=\"1024\" title=\"\"> Cadeira de balan\u00e7o suspensa: charme e conforto para transformar sua casa\/caption]\n<h3>Benef\u00edcios da cadeira de balan\u00e7o suspensa no seu dia a dia<\/h3>\n<ul>\n<li><b>Relaxamento perfeito:<\/b> o movimento do balan\u00e7o ajuda a aliviar o estresse;<\/li>\n<li><b>Economia de espa\u00e7o:<\/b> ela fica suspensa, ideal para ambientes pequenos;<\/li>\n<li><b>Versatilidade de uso:<\/b> funciona bem na varanda, sala, quarto e at\u00e9 no jardim;<\/li>\n<li><b>Est\u00edmulo \u00e0 decora\u00e7\u00e3o:<\/b> agrega charme e cria um ponto focal no ambiente.<\/li>\n<\/ul>\n<img decoding=\"async\" src=\"https:\/\/www.aarquiteta.com.br\/blog\/wp-content\/uploads\/2026\/02\/Cadeira-de-balanyo-suspensa-charme-e-conforto-para-transformar-sua-casa-03.jpg\" alt=\"Cadeira de balan\u00e7o suspensa: charme e conforto para transformar sua casa\" width=\"1024\" height=\"1024\" title=\"\"> Cadeira de balan\u00e7o suspensa: charme e conforto para transformar sua casa\/caption]\n<h3>Como escolher a cadeira de balan\u00e7o suspensa ideal<\/h3>\n<p>Fique atento \u00e0 <b>resist\u00eancia do material e \u00e0 estrutura que vai suportar o peso da cadeira.<\/b> Um suporte forte garante seguran\u00e7a para voc\u00ea e sua fam\u00edlia.<\/p>\n<p>Tamb\u00e9m pense em onde voc\u00ea vai instalar a pe\u00e7a: em casa, varanda coberta ou jardim, assim escolhe materiais adequados, como fibras sint\u00e9ticas para \u00e1reas externas.<\/p>\n<p>Conforto \u00e9 essencial! Invista em almofadas macias para deixar o balan\u00e7o ainda mais aconchegante.<\/p>\n<img decoding=\"async\" src=\"https:\/\/www.aarquiteta.com.br\/blog\/wp-content\/uploads\/2026\/02\/Cadeira-de-balanyo-suspensa-charme-e-conforto-para-transformar-sua-casa-04.jpg\" alt=\"Cadeira de balan\u00e7o suspensa: charme e conforto para transformar sua casa\" width=\"1024\" height=\"1024\" title=\"\"> Cadeira de balan\u00e7o suspensa: charme e conforto para transformar sua casa\/caption]\n","protected":false},"excerpt":{"rendered":"<p>Cadeira de balan\u00e7o suspensa combina charme e conforto, transformando qualquer ambiente em um espa\u00e7o acolhedor e cheio de personalidade. O que \u00e9 a cadeira de balan\u00e7o suspensa e por que voc\u00ea vai amar Voc\u00ea j\u00e1 reparou como um m\u00f3vel simples pode revolucionar a sua casa? A cadeira de balan\u00e7o suspensa \u00e9 assim: charmosa, confort\u00e1vel e [&hellip;]<\/p>\n","protected":false},"author":20,"featured_media":156830,"comment_status":"open","ping_status":"","sticky":false,"template":"","format":"standard","meta":{"footnotes":""},"categories":[],"tags":[],"class_list":["post-156831","post","type-post","status-publish","format-standard","has-post-thumbnail"],"_wp_attached_file":null,"_wp_attachment_metadata":null,"_wp_attachment_context":null,"_wp_attachment_is_custom_header":null,"geo_longitude":null,"geo_public":null,"geo_latitude":null,"_publicize_done_external":null,"_wpas_done_3897181":null,"publicize_twitter_user":null,"_wpas_done_3897175":null,"_wpas_skip_3897181":null,"_wpas_skip_3897175":null,"_wpas_skip_3924723":null,"_wpas_mess":null,"_wpas_done_3924723":null,"wps_subtitle":"","_links":{"self":[{"href":"https:\/\/www.aarquiteta.com.br\/blog\/wp-json\/wp\/v2\/posts\/156831","targetHints":{"allow":["GET"]}}],"collection":[{"href":"https:\/\/www.aarquiteta.com.br\/blog\/wp-json\/wp\/v2\/posts"}],"about":[{"href":"https:\/\/www.aarquiteta.com.br\/blog\/wp-json\/wp\/v2\/types\/post"}],"author":[{"embeddable":true,"href":"https:\/\/www.aarquiteta.com.br\/blog\/wp-json\/wp\/v2\/users\/20"}],"replies":[{"embeddable":true,"href":"https:\/\/www.aarquiteta.com.br\/blog\/wp-json\/wp\/v2\/comments?post=156831"}],"version-history":[{"count":0,"href":"https:\/\/www.aarquiteta.com.br\/blog\/wp-json\/wp\/v2\/posts\/156831\/revisions"}],"wp:featuredmedia":[{"embeddable":true,"href":"https:\/\/www.aarquiteta.com.br\/blog\/wp-json\/wp\/v2\/media\/156830"}],"wp:attachment":[{"href":"https:\/\/www.aarquiteta.com.br\/blog\/wp-json\/wp\/v2\/media?parent=156831"}],"wp:term":[{"taxonomy":"category","embeddable":true,"href":"https:\/\/www.aarquiteta.com.br\/blog\/wp-json\/wp\/v2\/categories?post=156831"},{"taxonomy":"post_tag","embeddable":true,"href":"https:\/\/www.aarquiteta.com.br\/blog\/wp-json\/wp\/v2\/tags?post=156831"}],"curies":[{"name":"wp","href":"https:\/\/api.w.org\/{rel}","templated":true}]}}