{"id":156826,"date":"2026-02-27T08:02:33","date_gmt":"2026-02-27T11:02:33","guid":{"rendered":"https:\/\/www.aarquiteta.com.br\/blog\/sofa-marrom-2\/"},"modified":"2026-02-27T08:02:33","modified_gmt":"2026-02-27T11:02:33","slug":"sofa-marrom-2","status":"publish","type":"post","link":"https:\/\/www.aarquiteta.com.br\/blog\/sofa-marrom-2\/","title":{"rendered":"Sof\u00e1 marrom: ideias vers\u00e1teis para transformar a decora\u00e7\u00e3o da sua sala"},"content":{"rendered":"<p><b>Sof\u00e1 marrom \u00e9 sin\u00f4nimo de versatilidade e conforto para transformar sua sala com charme e personalidade.<\/b><\/p>\n<h3>Por que escolher um sof\u00e1 marrom para sua sala?<\/h3>\n<p>Voc\u00ea j\u00e1 notou como um m\u00f3vel pode mudar o astral de um espa\u00e7o? <b>O sof\u00e1 marrom \u00e9 uma escolha cl\u00e1ssica que traz aconchego e eleg\u00e2ncia.<\/b> Essa cor neutra combina com diversos estilos, do r\u00fastico ao moderno, facilitando a decora\u00e7\u00e3o.<\/p>\n<p>Al\u00e9m disso, o marrom disfar\u00e7a sujeiras e desgastes, sendo perfeito para quem busca beleza com praticidade.<\/p>\n<img decoding=\"async\" src=\"https:\/\/www.aarquiteta.com.br\/blog\/wp-content\/uploads\/2026\/02\/Sofy-marrom-ideias-versyteis-para-transformar-a-decorayyo-da-sua-sala-01.jpg\" alt=\"Sof\u00e1 marrom: ideias vers\u00e1teis para transformar a decora\u00e7\u00e3o da sua sala\" width=\"1024\" height=\"1024\" title=\"\"> Sof\u00e1 marrom: ideias vers\u00e1teis para transformar a decora\u00e7\u00e3o da sua sala\/caption]\n<h3>Tipos de tecidos ideais para o sof\u00e1 marrom<\/h3>\n<p>Algumas op\u00e7\u00f5es valorizam ainda mais essa pe\u00e7a t\u00e3o importante. <b>Couro, veludo e microfibra s\u00e3o tecidos que aliam conforto e sofistica\u00e7\u00e3o.<\/b><\/p>\n<p>O couro \u00e9 dur\u00e1vel e possui um charme natural, enquanto o veludo traz um toque de requinte. A microfibra \u00e9 \u00f3tima para fam\u00edlias, pela facilidade na limpeza.<\/p>\n<h3>Combina\u00e7\u00e3o do sof\u00e1 marrom com cores neutras<\/h3>\n<p>Um ambiente harm\u00f4nico e acolhedor fica f\u00e1cil com o sof\u00e1 marrom. <b>Almofadas bege e tapetes claros criam um visual leve e elegante.<\/b> Essas nuances equilibram a sobriedade do marrom e ampliam o espa\u00e7o visualmente.<\/p>\n<img decoding=\"async\" src=\"https:\/\/www.aarquiteta.com.br\/blog\/wp-content\/uploads\/2026\/02\/Sofy-marrom-ideias-versyteis-para-transformar-a-decorayyo-da-sua-sala-02.jpg\" alt=\"Sof\u00e1 marrom: ideias vers\u00e1teis para transformar a decora\u00e7\u00e3o da sua sala\" width=\"1024\" height=\"1024\" title=\"\"> Sof\u00e1 marrom: ideias vers\u00e1teis para transformar a decora\u00e7\u00e3o da sua sala\/caption]\n<h3>Como apostar em cores vibrantes com o sof\u00e1 marrom<\/h3>\n<p>Quer ousar? <b>Invista em almofadas e acess\u00f3rios em tons de azul, laranja ou vermelho.<\/b> A mistura traz vida e energia para a sala, sem perder o conforto visual.<\/p>\n<h3>Ideias para destacar o sof\u00e1 marrom na decora\u00e7\u00e3o<\/h3>\n<p>Voc\u00ea pode usar pap\u00e9is de parede com texturas, paredes em cimento queimado ou uma ilumina\u00e7\u00e3o estrat\u00e9gica. <b>Esses detalhes real\u00e7am a presen\u00e7a do sof\u00e1, tornando-o protagonista no ambiente.<\/b><\/p>\n<h3>Modelos de sof\u00e1 marrom que mais agradam<\/h3>\n<p>O sof\u00e1 Chesterfield \u00e9 uma escolha cl\u00e1ssica e sofisticada, enquanto os modelos modulares ganham pontos pelo conforto e funcionalidade. <b>Estilos contempor\u00e2neos com linhas simples conversam bem com decora\u00e7\u00f5es urbanas e modernas.<\/b><\/p>\n<h3>Sof\u00e1 marrom em ambientes pequenos: dicas pr\u00e1ticas<\/h3>\n<p>Em salas compactas, priorize sof\u00e1s menores ou em formato de L para otimizar o espa\u00e7o. <b>O marrom em tons mais claros ajuda a ampliar o ambiente visualmente.<\/b> Aposte em m\u00f3veis com p\u00e9s para dar sensa\u00e7\u00e3o de leveza.<\/p>\n<h3>Cuidados e manuten\u00e7\u00e3o para o sof\u00e1 marrom<\/h3>\n<p>Para manter a beleza, invista em produtos pr\u00f3prios para o tecido escolhido. <b>Limpeza regular e prote\u00e7\u00e3o contra luz solar direta ajudam a preservar a cor e o conforto.<\/b><\/p>\n<img decoding=\"async\" src=\"https:\/\/www.aarquiteta.com.br\/blog\/wp-content\/uploads\/2026\/02\/Sofy-marrom-ideias-versyteis-para-transformar-a-decorayyo-da-sua-sala-03.jpg\" alt=\"Sof\u00e1 marrom: ideias vers\u00e1teis para transformar a decora\u00e7\u00e3o da sua sala\" width=\"1024\" height=\"1024\" title=\"\"> Sof\u00e1 marrom: ideias vers\u00e1teis para transformar a decora\u00e7\u00e3o da sua sala\/caption]\n<table border=\"1\" cellpadding=\"8\" cellspacing=\"0\" style=\"border-collapse: collapse; margin-top: 20px; width: 100%;\">\n<thead>\n<tr style=\"background-color:#8B5E3C; color:#fff;\">\n<th>Aspecto<\/th>\n<th>Vantagens<\/th>\n<th>Dicas<\/th>\n<\/tr>\n<\/thead>\n<tbody>\n<tr>\n<td><b>Cor Marrom<\/b><\/td>\n<td>Vers\u00e1til, atemporal e combina com variados estilos<\/td>\n<td>Use com almofadas neutras ou coloridas para versatilidade<\/td>\n<\/tr>\n<tr>\n<td><b>Tecidos<\/b><\/td>\n<td>Couro: resistente; Veludo: elegante; Microfibra: pr\u00e1tica<\/td>\n<td>Escolha conforme uso e facilidade de limpeza<\/td>\n<\/tr>\n<tr>\n<td><b>Decora\u00e7\u00e3o<\/b><\/td>\n<td>Complementa tons neutros e destaca cores vibrantes<\/td>\n<td>Combine com papel de parede ou ilumina\u00e7\u00e3o para destaque<\/td>\n<\/tr>\n<tr>\n<td><b>Espa\u00e7o<\/b><\/td>\n<td>Modelos modulares otimizam ambientes pequenos<\/td>\n<td>Prefira tons claros para ampliar visualmente o espa\u00e7o<\/td>\n<\/tr>\n<tr>\n<td><b>Manuten\u00e7\u00e3o<\/b><\/td>\n<td>Limpeza f\u00e1cil e prote\u00e7\u00e3o contra luz preservam o m\u00f3vel<\/td>\n<td>Use produtos espec\u00edficos para cada tipo de tecido<\/td>\n<\/tr>\n<\/tbody>\n<\/table>\n<h3>Por que o sof\u00e1 marrom \u00e9 sin\u00f4nimo de aconchego?<\/h3>\n<p>Essa tonalidade quente traz uma sensa\u00e7\u00e3o acolhedora, perfeita para criar ambientes convidativos. <b>\u00c9 f\u00e1cil sentir-se em casa com um sof\u00e1 assim.<\/b> O toque visual \u00e9 reconfortante e deixa a sala mais receptiva para visitas.<\/p>\n<h3>Como personalizar seu sof\u00e1 marrom para refletir sua personalidade<\/h3>\n<p>Nada melhor do que misturar almofadas, mantas e objetos que contem sua hist\u00f3ria. <b>Elementos coloridos, estampas e texturas trazem um toque \u00fanico e divertido.<\/b> Assim, seu sof\u00e1 vira o cora\u00e7\u00e3o da sala.<\/p>\n<p>Agora que voc\u00ea j\u00e1 conhece tantas formas de usar o <b>sof\u00e1 marrom como pe\u00e7a-chave na decora\u00e7\u00e3o da sala<\/b>, que tal experimentar essa transforma\u00e7\u00e3o? <b>Comente suas ideias e d\u00favidas!<\/b> Continue navegando no nosso blog para mais dicas para deixar seu lar lindo e confort\u00e1vel.<\/p>\n<h3>Sugest\u00f5es relacionadas para voc\u00ea explorar:<\/h3>\n<ul>\n<li>Como decorar a parede atr\u00e1s do sof\u00e1: 5 dicas infal\u00edveis<\/li>\n<li>Dicas para escolher as cadeiras da sala de jantar<\/li>\n<li>Sala r\u00fastica: combine o bruto com o aconchegante<\/li>\n<li>Plantas para sala: esp\u00e9cies que trazem vida ao seu espa\u00e7o<\/li>\n<\/ul>\n<img decoding=\"async\" src=\"https:\/\/www.aarquiteta.com.br\/blog\/wp-content\/uploads\/2026\/02\/Sofy-marrom-ideias-versyteis-para-transformar-a-decorayyo-da-sua-sala-04.jpg\" alt=\"Sof\u00e1 marrom: ideias vers\u00e1teis para transformar a decora\u00e7\u00e3o da sua sala\" width=\"1024\" height=\"1024\" title=\"\"> Sof\u00e1 marrom: ideias vers\u00e1teis para transformar a decora\u00e7\u00e3o da sua sala\/caption]\n","protected":false},"excerpt":{"rendered":"<p>Sof\u00e1 marrom \u00e9 sin\u00f4nimo de versatilidade e conforto para transformar sua sala com charme e personalidade. Por que escolher um sof\u00e1 marrom para sua sala? Voc\u00ea j\u00e1 notou como um m\u00f3vel pode mudar o astral de um espa\u00e7o? O sof\u00e1 marrom \u00e9 uma escolha cl\u00e1ssica que traz aconchego e eleg\u00e2ncia. Essa cor neutra combina com [&hellip;]<\/p>\n","protected":false},"author":20,"featured_media":156825,"comment_status":"open","ping_status":"","sticky":false,"template":"","format":"standard","meta":{"footnotes":""},"categories":[],"tags":[],"class_list":["post-156826","post","type-post","status-publish","format-standard","has-post-thumbnail"],"_wp_attached_file":null,"_wp_attachment_metadata":null,"_wp_attachment_context":null,"_wp_attachment_is_custom_header":null,"geo_longitude":null,"geo_public":null,"geo_latitude":null,"_publicize_done_external":null,"_wpas_done_3897181":null,"publicize_twitter_user":null,"_wpas_done_3897175":null,"_wpas_skip_3897181":null,"_wpas_skip_3897175":null,"_wpas_skip_3924723":null,"_wpas_mess":null,"_wpas_done_3924723":null,"wps_subtitle":"","_links":{"self":[{"href":"https:\/\/www.aarquiteta.com.br\/blog\/wp-json\/wp\/v2\/posts\/156826","targetHints":{"allow":["GET"]}}],"collection":[{"href":"https:\/\/www.aarquiteta.com.br\/blog\/wp-json\/wp\/v2\/posts"}],"about":[{"href":"https:\/\/www.aarquiteta.com.br\/blog\/wp-json\/wp\/v2\/types\/post"}],"author":[{"embeddable":true,"href":"https:\/\/www.aarquiteta.com.br\/blog\/wp-json\/wp\/v2\/users\/20"}],"replies":[{"embeddable":true,"href":"https:\/\/www.aarquiteta.com.br\/blog\/wp-json\/wp\/v2\/comments?post=156826"}],"version-history":[{"count":0,"href":"https:\/\/www.aarquiteta.com.br\/blog\/wp-json\/wp\/v2\/posts\/156826\/revisions"}],"wp:featuredmedia":[{"embeddable":true,"href":"https:\/\/www.aarquiteta.com.br\/blog\/wp-json\/wp\/v2\/media\/156825"}],"wp:attachment":[{"href":"https:\/\/www.aarquiteta.com.br\/blog\/wp-json\/wp\/v2\/media?parent=156826"}],"wp:term":[{"taxonomy":"category","embeddable":true,"href":"https:\/\/www.aarquiteta.com.br\/blog\/wp-json\/wp\/v2\/categories?post=156826"},{"taxonomy":"post_tag","embeddable":true,"href":"https:\/\/www.aarquiteta.com.br\/blog\/wp-json\/wp\/v2\/tags?post=156826"}],"curies":[{"name":"wp","href":"https:\/\/api.w.org\/{rel}","templated":true}]}}