{"id":156811,"date":"2026-02-26T08:02:09","date_gmt":"2026-02-26T11:02:09","guid":{"rendered":"https:\/\/www.aarquiteta.com.br\/blog\/cuba-de-vidro-modelos-2\/"},"modified":"2026-02-26T08:02:09","modified_gmt":"2026-02-26T11:02:09","slug":"cuba-de-vidro-modelos-2","status":"publish","type":"post","link":"https:\/\/www.aarquiteta.com.br\/blog\/cuba-de-vidro-modelos-2\/","title":{"rendered":"Cuba de vidro: ideias elegantes para transformar o banheiro com transpar\u00eancia"},"content":{"rendered":"<p><b>Cuba de vidro \u00e9 a escolha perfeita para transformar seu banheiro com charme, modernidade e transpar\u00eancia que encanta \u00e0 primeira vista.<\/b><\/p>\n<h3>Por que escolher a cuba de vidro para seu banheiro<\/h3>\n<p>Voc\u00ea j\u00e1 reparou como um banheiro pode ganhar vida com um toque de transpar\u00eancia? A <b>cuba de vidro<\/b> traz essa leveza e um design impressionante que real\u00e7a qualquer decora\u00e7\u00e3o.<\/p>\n<p>Al\u00e9m disso, \u00e9 ideal para quem busca um ambiente moderno, com estilo e personaliza\u00e7\u00e3o, mesmo em espa\u00e7os pequenos. <\/p>\n<img decoding=\"async\" src=\"https:\/\/www.aarquiteta.com.br\/blog\/wp-content\/uploads\/2026\/02\/Cuba-de-vidro-ideias-elegantes-para-transformar-o-banheiro-com-transparyncia-01.jpg\" alt=\"Cuba de vidro: ideias elegantes para transformar o banheiro com transpar\u00eancia\" width=\"1024\" height=\"1024\" title=\"\"> Cuba de vidro: ideias elegantes para transformar o banheiro com transpar\u00eancia\/caption]\n<h3>Diversidade de formatos para todos os gostos<\/h3>\n<p>A <b>cuba de vidro<\/b> n\u00e3o tem limite: oval, quadrada, redonda ou com curvas ousadas. Cada forma cria um efeito visual \u00fanico e pode se encaixar perfeitamente no seu espa\u00e7o.<\/p>\n<p>Modelos finos e rebuscados tamb\u00e9m s\u00e3o op\u00e7\u00f5es para quem quer impressionar.<\/p>\n<h3>Combina\u00e7\u00f5es que fazem a diferen\u00e7a na decora\u00e7\u00e3o<\/h3>\n<p>O vidro \u00e9 muito vers\u00e1til e harmoniza com madeira, m\u00e1rmore, concreto, pastilhas e azulejos. <b>Essa variedade permite criar ambientes aconchegantes ou sofisticados com facilidade.<\/b><\/p>\n<p>A transpar\u00eancia da cuba valoriza ainda mais texturas e cores distintas.<\/p>\n<img decoding=\"async\" src=\"https:\/\/www.aarquiteta.com.br\/blog\/wp-content\/uploads\/2026\/02\/Cuba-de-vidro-ideias-elegantes-para-transformar-o-banheiro-com-transparyncia-02.jpg\" alt=\"Cuba de vidro: ideias elegantes para transformar o banheiro com transpar\u00eancia\" width=\"1024\" height=\"1024\" title=\"\"> Cuba de vidro: ideias elegantes para transformar o banheiro com transpar\u00eancia\/caption]\n<h3>Cores que trazem personalidade<\/h3>\n<p>Se voc\u00ea acha que cuba de vidro \u00e9 s\u00f3 transparente, pense de novo! Existem tons suaves de verde, azul, rosa, vermelho e muitas outras cores.<\/p>\n<p><b>Essas op\u00e7\u00f5es d\u00e3o vida e originalidade para sua decora\u00e7\u00e3o, sem perder a eleg\u00e2ncia.<\/b><\/p>\n<h3>Vantagens para banheiros pequenos e lavabos<\/h3>\n<p>Uma das grandes vantagens da cuba de vidro \u00e9 ocupar pouco espa\u00e7o visual, ajudando a ampliar ambientes pequenos. <\/p>\n<p><b>Ideal para lavabos e banheiros compactos, ela cria um efeito clean e moderno.<\/b><\/p>\n<h3>Modelos apoiados ou embutidos: qual o melhor para voc\u00ea?<\/h3>\n<p>Voc\u00ea pode escolher entre cubas de vidro apoiadas, que ficam sobre a bancada, ou as embutidas, com instala\u00e7\u00e3o mais discreta.<\/p>\n<p><b>A escolha depende do seu estilo e da sua necessidade de aproveitamento do espa\u00e7o.<\/b><\/p>\n<img decoding=\"async\" src=\"https:\/\/www.aarquiteta.com.br\/blog\/wp-content\/uploads\/2026\/02\/Cuba-de-vidro-ideias-elegantes-para-transformar-o-banheiro-com-transparyncia-03.jpg\" alt=\"Cuba de vidro: ideias elegantes para transformar o banheiro com transpar\u00eancia\" width=\"1024\" height=\"1024\" title=\"\"> Cuba de vidro: ideias elegantes para transformar o banheiro com transpar\u00eancia\/caption]\n<h3>Como manter a eleg\u00e2ncia com a torneira certa<\/h3>\n<p>N\u00e3o adianta uma cuba linda se a torneira n\u00e3o estiver \u00e0 altura! <b>Os modelos altos e modernos complementam perfeitamente a transpar\u00eancia do vidro, criando harmonia.<\/b><\/p>\n<p>Vale apostar em designs ousados para um toque diferenciador.<\/p>\n<h3>Inspire-se: cuidados e dicas para sua cuba de vidro<\/h3>\n<p>Para que a beleza do vidro brilhe sempre, \u00e9 importante escolher modelos resistentes e investir em limpeza cuidadosa. <\/p>\n<p><b>Com textura suave ou colorida, a cuba deve ser f\u00e1cil de higienizar para durar e manter o charme.<\/b><\/p>\n<table border=\"1\" cellpadding=\"6\" cellspacing=\"0\" style=\"border-collapse: collapse; margin: 20px 0; width: 100%;\">\n<thead>\n<tr style=\"background-color:#f2f2f2;\">\n<th>Aspecto<\/th>\n<th>Vantagens<\/th>\n<th>Dicas<\/th>\n<\/tr>\n<\/thead>\n<tbody>\n<tr>\n<td>Formatos<\/td>\n<td>Variedade: oval, quadrado, redondo, curvas ousadas<\/td>\n<td>Escolher conforme estilo do banheiro e espa\u00e7o dispon\u00edvel<\/td>\n<\/tr>\n<tr>\n<td>Cores<\/td>\n<td>Transparentes s\u00e3o vers\u00e1teis; coloridas d\u00e3o personalidade<\/td>\n<td>Combinar cores com revestimentos e ilumina\u00e7\u00e3o<\/td>\n<\/tr>\n<tr>\n<td>Materiais para bancada<\/td>\n<td>Combina com madeira, m\u00e1rmore, concreto e pastilhas<\/td>\n<td>Texturas diferentes valorizam o vidro<\/td>\n<\/tr>\n<tr>\n<td>Modelos<\/td>\n<td>Apoiada ou embutida, com estilos para todos os gostos<\/td>\n<td>Escolha conforme praticidade e design desejado<\/td>\n<\/tr>\n<tr>\n<td>Manuten\u00e7\u00e3o<\/td>\n<td>F\u00e1cil limpeza com produtos n\u00e3o abrasivos<\/td>\n<td>Manter longe de impacto para evitar danos<\/td>\n<\/tr>\n<\/tbody>\n<\/table>\n<p>A transpar\u00eancia da cuba de vidro \u00e9 uma poesia silenciosa que transforma seu banheiro em um espa\u00e7o leve, moderno e cheio de personalidade.<\/p>\n<p><b>Ela n\u00e3o s\u00f3 amplia o ambiente visualmente como cria uma atmosfera sofisticada e convidativa.<\/b><\/p>\n<p>Quer dar um up no seu banheiro com estilo? Aposte nas cubas de vidro, explore os formatos, cores e combina\u00e7\u00f5es que mais combinam com voc\u00ea! <\/p>\n<p><b>Se gostou, deixe seu coment\u00e1rio e compartilhe suas ideias \u2014 aqui a inspira\u00e7\u00e3o circula livre!<\/b><\/p>\n<p><b>Explore tamb\u00e9m:<\/b> banheiros pequenos decorados, banheiros modernos com pastilhas, ideias para lavabos elegantes, decora\u00e7\u00e3o minimalista para espa\u00e7os compactos.<\/p>\n<img decoding=\"async\" src=\"https:\/\/www.aarquiteta.com.br\/blog\/wp-content\/uploads\/2026\/02\/Cuba-de-vidro-ideias-elegantes-para-transformar-o-banheiro-com-transparyncia-04.jpg\" alt=\"Cuba de vidro: ideias elegantes para transformar o banheiro com transpar\u00eancia\" width=\"1024\" height=\"1024\" title=\"\"> Cuba de vidro: ideias elegantes para transformar o banheiro com transpar\u00eancia\/caption]\n","protected":false},"excerpt":{"rendered":"<p>Cuba de vidro \u00e9 a escolha perfeita para transformar seu banheiro com charme, modernidade e transpar\u00eancia que encanta \u00e0 primeira vista. Por que escolher a cuba de vidro para seu banheiro Voc\u00ea j\u00e1 reparou como um banheiro pode ganhar vida com um toque de transpar\u00eancia? A cuba de vidro traz essa leveza e um design [&hellip;]<\/p>\n","protected":false},"author":20,"featured_media":156810,"comment_status":"open","ping_status":"","sticky":false,"template":"","format":"standard","meta":{"footnotes":""},"categories":[],"tags":[],"class_list":["post-156811","post","type-post","status-publish","format-standard","has-post-thumbnail"],"_wp_attached_file":null,"_wp_attachment_metadata":null,"_wp_attachment_context":null,"_wp_attachment_is_custom_header":null,"geo_longitude":null,"geo_public":null,"geo_latitude":null,"_publicize_done_external":null,"_wpas_done_3897181":null,"publicize_twitter_user":null,"_wpas_done_3897175":null,"_wpas_skip_3897181":null,"_wpas_skip_3897175":null,"_wpas_skip_3924723":null,"_wpas_mess":null,"_wpas_done_3924723":null,"wps_subtitle":"","_links":{"self":[{"href":"https:\/\/www.aarquiteta.com.br\/blog\/wp-json\/wp\/v2\/posts\/156811","targetHints":{"allow":["GET"]}}],"collection":[{"href":"https:\/\/www.aarquiteta.com.br\/blog\/wp-json\/wp\/v2\/posts"}],"about":[{"href":"https:\/\/www.aarquiteta.com.br\/blog\/wp-json\/wp\/v2\/types\/post"}],"author":[{"embeddable":true,"href":"https:\/\/www.aarquiteta.com.br\/blog\/wp-json\/wp\/v2\/users\/20"}],"replies":[{"embeddable":true,"href":"https:\/\/www.aarquiteta.com.br\/blog\/wp-json\/wp\/v2\/comments?post=156811"}],"version-history":[{"count":0,"href":"https:\/\/www.aarquiteta.com.br\/blog\/wp-json\/wp\/v2\/posts\/156811\/revisions"}],"wp:featuredmedia":[{"embeddable":true,"href":"https:\/\/www.aarquiteta.com.br\/blog\/wp-json\/wp\/v2\/media\/156810"}],"wp:attachment":[{"href":"https:\/\/www.aarquiteta.com.br\/blog\/wp-json\/wp\/v2\/media?parent=156811"}],"wp:term":[{"taxonomy":"category","embeddable":true,"href":"https:\/\/www.aarquiteta.com.br\/blog\/wp-json\/wp\/v2\/categories?post=156811"},{"taxonomy":"post_tag","embeddable":true,"href":"https:\/\/www.aarquiteta.com.br\/blog\/wp-json\/wp\/v2\/tags?post=156811"}],"curies":[{"name":"wp","href":"https:\/\/api.w.org\/{rel}","templated":true}]}}