{"id":156796,"date":"2026-02-25T08:01:49","date_gmt":"2026-02-25T11:01:49","guid":{"rendered":"https:\/\/www.aarquiteta.com.br\/blog\/verde-menta-2\/"},"modified":"2026-02-25T08:01:49","modified_gmt":"2026-02-25T11:01:49","slug":"verde-menta-2","status":"publish","type":"post","link":"https:\/\/www.aarquiteta.com.br\/blog\/verde-menta-2\/","title":{"rendered":"Verde menta na decora\u00e7\u00e3o: como usar essa cor para transformar seu ambiente"},"content":{"rendered":"<p><b>Verde menta \u00e9 a cor perfeita para renovar seu ambiente com frescor, eleg\u00e2ncia e um toque de originalidade.<\/b><\/p>\n<h3>O que \u00e9 o verde menta e por que ele est\u00e1 na moda<\/h3>\n<p>Voc\u00ea j\u00e1 reparou que o verde menta est\u00e1 por toda parte? <b>Essa cor suave e fresca transmite calma e aconchego<\/b>, al\u00e9m de ser moderna e cheia de personalidade. Ela ganhou destaque em 2020 como cor do ano pela WGSN, tornando-se queridinha na decora\u00e7\u00e3o.<\/p>\n<p>O verde menta tem uma vibe vintage, remetendo aos anos 1920 a 1950, \u00e9poca em que tons past\u00e9is dominaram os interiores. <b>Essa combina\u00e7\u00e3o entre passado e contemporaneidade torna o tom \u00fanico e vers\u00e1til.<\/b><\/p>\n<img decoding=\"async\" src=\"https:\/\/www.aarquiteta.com.br\/blog\/wp-content\/uploads\/2026\/02\/Verde-menta-na-decorayyo-como-usar-essa-cor-para-transformar-seu-ambiente-01.jpg\" alt=\"Verde menta na decora\u00e7\u00e3o: como usar essa cor para transformar seu ambiente\" width=\"1024\" height=\"1024\" title=\"\"> Verde menta na decora\u00e7\u00e3o: como usar essa cor para transformar seu ambiente\/caption]\n<h3>Como usar verde menta para transformar seu ambiente<\/h3>\n<p>Quer uma dica f\u00e1cil e impactante? <b>Pintar uma parede em verde menta j\u00e1 muda totalmente o astral do c\u00f4modo.<\/b> Ele traz sensa\u00e7\u00e3o de leveza e faz o espa\u00e7o parecer maior e mais iluminado. Para inovar, vale apostar em m\u00f3veis ou objetos decorativos nesse tom.<\/p>\n<p>Combine com cores neutras como branco, bege e cinza para equilibrar o visual. <b>Tamb\u00e9m \u00e9 super v\u00e1lido apostar em contrastes, como rosa ou coral, para detalhes que chamam aten\u00e7\u00e3o.<\/b><\/p>\n<img decoding=\"async\" src=\"https:\/\/www.aarquiteta.com.br\/blog\/wp-content\/uploads\/2026\/02\/Verde-menta-na-decorayyo-como-usar-essa-cor-para-transformar-seu-ambiente-02.jpg\" alt=\"Verde menta na decora\u00e7\u00e3o: como usar essa cor para transformar seu ambiente\" width=\"1024\" height=\"1024\" title=\"\"> Verde menta na decora\u00e7\u00e3o: como usar essa cor para transformar seu ambiente\/caption]\n<h3>Verde menta: quando usar como cor principal ou secund\u00e1ria<\/h3>\n<ul>\n<li><b>Cor principal:<\/b> paredes, m\u00f3veis grandes, estofados, cria clima fresco e vibrante.<\/li>\n<li><b>Cor secund\u00e1ria:<\/b> almofadas, vasos, quadros, cria pontos de destaque sem pesar.<\/li>\n<\/ul>\n<p>O segredo est\u00e1 no equil\u00edbrio. <b>Quer ousar? Experimente combinar tons de verde menta com outras cores da paleta pastel.<\/b> O resultado \u00e9 suave e cheio de estilo.<\/p>\n<img decoding=\"async\" src=\"https:\/\/www.aarquiteta.com.br\/blog\/wp-content\/uploads\/2026\/02\/Verde-menta-na-decorayyo-como-usar-essa-cor-para-transformar-seu-ambiente-03.jpg\" alt=\"Verde menta na decora\u00e7\u00e3o: como usar essa cor para transformar seu ambiente\" width=\"1024\" height=\"1024\" title=\"\"> Verde menta na decora\u00e7\u00e3o: como usar essa cor para transformar seu ambiente\/caption]\n<h3>Principais ambientes para apostar no verde menta<\/h3>\n<ol>\n<li><b>Sala de estar:<\/b> sof\u00e1 ou poltronas verde menta, para conforto e charme.<\/li>\n<li><b>Quarto:<\/b> cabeceira, roupa de cama e acess\u00f3rios deixam o espa\u00e7o relaxante.<\/li>\n<li><b>Cozinha:<\/b> azulejos, arm\u00e1rios ou pequenos eletrodom\u00e9sticos em verde menta trazem frescor.<\/li>\n<li><b>Banheiro:<\/b> paredes ou detalhes na decora\u00e7\u00e3o criam ambiente leve e moderno.<\/li>\n<\/ol>\n<img decoding=\"async\" src=\"https:\/\/www.aarquiteta.com.br\/blog\/wp-content\/uploads\/2026\/02\/Verde-menta-na-decorayyo-como-usar-essa-cor-para-transformar-seu-ambiente-04.jpg\" alt=\"Verde menta na decora\u00e7\u00e3o: como usar essa cor para transformar seu ambiente\" width=\"1024\" height=\"1024\" title=\"\"> Verde menta na decora\u00e7\u00e3o: como usar essa cor para transformar seu ambiente\/caption]\n","protected":false},"excerpt":{"rendered":"<p>Verde menta \u00e9 a cor perfeita para renovar seu ambiente com frescor, eleg\u00e2ncia e um toque de originalidade. O que \u00e9 o verde menta e por que ele est\u00e1 na moda Voc\u00ea j\u00e1 reparou que o verde menta est\u00e1 por toda parte? Essa cor suave e fresca transmite calma e aconchego, al\u00e9m de ser moderna [&hellip;]<\/p>\n","protected":false},"author":20,"featured_media":156795,"comment_status":"open","ping_status":"","sticky":false,"template":"","format":"standard","meta":{"footnotes":""},"categories":[],"tags":[],"class_list":["post-156796","post","type-post","status-publish","format-standard","has-post-thumbnail"],"_wp_attached_file":null,"_wp_attachment_metadata":null,"_wp_attachment_context":null,"_wp_attachment_is_custom_header":null,"geo_longitude":null,"geo_public":null,"geo_latitude":null,"_publicize_done_external":null,"_wpas_done_3897181":null,"publicize_twitter_user":null,"_wpas_done_3897175":null,"_wpas_skip_3897181":null,"_wpas_skip_3897175":null,"_wpas_skip_3924723":null,"_wpas_mess":null,"_wpas_done_3924723":null,"wps_subtitle":"","_links":{"self":[{"href":"https:\/\/www.aarquiteta.com.br\/blog\/wp-json\/wp\/v2\/posts\/156796","targetHints":{"allow":["GET"]}}],"collection":[{"href":"https:\/\/www.aarquiteta.com.br\/blog\/wp-json\/wp\/v2\/posts"}],"about":[{"href":"https:\/\/www.aarquiteta.com.br\/blog\/wp-json\/wp\/v2\/types\/post"}],"author":[{"embeddable":true,"href":"https:\/\/www.aarquiteta.com.br\/blog\/wp-json\/wp\/v2\/users\/20"}],"replies":[{"embeddable":true,"href":"https:\/\/www.aarquiteta.com.br\/blog\/wp-json\/wp\/v2\/comments?post=156796"}],"version-history":[{"count":0,"href":"https:\/\/www.aarquiteta.com.br\/blog\/wp-json\/wp\/v2\/posts\/156796\/revisions"}],"wp:featuredmedia":[{"embeddable":true,"href":"https:\/\/www.aarquiteta.com.br\/blog\/wp-json\/wp\/v2\/media\/156795"}],"wp:attachment":[{"href":"https:\/\/www.aarquiteta.com.br\/blog\/wp-json\/wp\/v2\/media?parent=156796"}],"wp:term":[{"taxonomy":"category","embeddable":true,"href":"https:\/\/www.aarquiteta.com.br\/blog\/wp-json\/wp\/v2\/categories?post=156796"},{"taxonomy":"post_tag","embeddable":true,"href":"https:\/\/www.aarquiteta.com.br\/blog\/wp-json\/wp\/v2\/tags?post=156796"}],"curies":[{"name":"wp","href":"https:\/\/api.w.org\/{rel}","templated":true}]}}