{"id":156781,"date":"2026-02-24T08:02:00","date_gmt":"2026-02-24T11:02:00","guid":{"rendered":"https:\/\/www.aarquiteta.com.br\/blog\/balanco-para-jardim-2\/"},"modified":"2026-02-24T08:02:00","modified_gmt":"2026-02-24T11:02:00","slug":"balanco-para-jardim-2","status":"publish","type":"post","link":"https:\/\/www.aarquiteta.com.br\/blog\/balanco-para-jardim-2\/","title":{"rendered":"Balan\u00e7o para Jardim: Apaixone-se por Ideias que Transformam seu Espa\u00e7o Externo"},"content":{"rendered":"<p><b>Um balan\u00e7o para jardim<\/b> transforma seu espa\u00e7o externo, trazendo charme, conforto e momentos inesquec\u00edveis ao ar livre.<\/p>\n<h3>Por que escolher um balan\u00e7o para jardim?<\/h3>\n<p>Voc\u00ea j\u00e1 reparou como um <b>balan\u00e7o no jardim<\/b> pode ser o cora\u00e7\u00e3o do seu espa\u00e7o externo? Al\u00e9m de decorar, ele convida ao relaxamento e lazer.<\/p>\n<p>\u00c9 uma pe\u00e7a vers\u00e1til que combina com qualquer estilo, do r\u00fastico ao moderno, e agrada crian\u00e7as e adultos.<\/p>\n<img decoding=\"async\" src=\"https:\/\/www.aarquiteta.com.br\/blog\/wp-content\/uploads\/2026\/02\/Balanyo-para-Jardim-Apaixone-se-por-Ideias-que-Transformam-seu-Espayo-Externo-01.jpg\" alt=\"Balan\u00e7o para Jardim: Apaixone-se por Ideias que Transformam seu Espa\u00e7o Externo\" width=\"1024\" height=\"1024\" title=\"\"> Balan\u00e7o para Jardim: Apaixone-se por Ideias que Transformam seu Espa\u00e7o Externo\/caption]\n<h3>Modelos que combinam com seu estilo e espa\u00e7o<\/h3>\n<p>Existem v\u00e1rios tipos de balan\u00e7os: de madeira, ferro, vime e at\u00e9 com estrutura port\u00e1til. Cada um tem seu charme \u00fanico.<\/p>\n<p>Escolha aquele que se encaixa melhor no seu espa\u00e7o e gosto, criando um cantinho especial para a fam\u00edlia.<\/p>\n<h3>Como posicionar seu balan\u00e7o no jardim<\/h3>\n<p>Para potencializar o conforto, pendure o balan\u00e7o pr\u00f3ximo de \u00e1rvores ou na sombra de pergolados.<\/p>\n<p>Modelos com suporte pr\u00f3prio s\u00e3o f\u00e1ceis de mover e se adaptam a pequenos jardins, varandas ou piscinas.<\/p>\n<img decoding=\"async\" src=\"https:\/\/www.aarquiteta.com.br\/blog\/wp-content\/uploads\/2026\/02\/Balanyo-para-Jardim-Apaixone-se-por-Ideias-que-Transformam-seu-Espayo-Externo-02.jpg\" alt=\"Balan\u00e7o para Jardim: Apaixone-se por Ideias que Transformam seu Espa\u00e7o Externo\" width=\"1024\" height=\"1024\" title=\"\"> Balan\u00e7o para Jardim: Apaixone-se por Ideias que Transformam seu Espa\u00e7o Externo\/caption]\n<h3>Combina\u00e7\u00f5es que deixam o ambiente ainda mais bonito<\/h3>\n<p>Use almofadas coloridas para dar vida ao balan\u00e7o e combine-o com m\u00f3veis externos e plantas.<\/p>\n<p>Pe\u00e7as coloridas ou neutras harmonizam com o tom da pintura da casa e ajudam a criar um espa\u00e7o aconchegante.<\/p>\n<h3>Benef\u00edcios de ter um balan\u00e7o para relaxar e se divertir<\/h3>\n<ul>\n<li><b>Relaxamento<\/b> garantido ap\u00f3s um dia longo.<\/li>\n<li>Mais tempo ao ar livre, aproveitando o contato com a natureza.<\/li>\n<li>Espa\u00e7o perfeito para ler, conversar e curtir momentos especiais.<\/li>\n<li>Divers\u00e3o para todas as idades.<\/li>\n<\/ul>\n<img decoding=\"async\" src=\"https:\/\/www.aarquiteta.com.br\/blog\/wp-content\/uploads\/2026\/02\/Balanyo-para-Jardim-Apaixone-se-por-Ideias-que-Transformam-seu-Espayo-Externo-03.jpg\" alt=\"Balan\u00e7o para Jardim: Apaixone-se por Ideias que Transformam seu Espa\u00e7o Externo\" width=\"1024\" height=\"1024\" title=\"\"> Balan\u00e7o para Jardim: Apaixone-se por Ideias que Transformam seu Espa\u00e7o Externo\/caption]\n<h3>Principais tipos de balan\u00e7o para jardim: caracter\u00edsticas e usos<\/h3>\n<table border=\"1\" cellpadding=\"8\" cellspacing=\"0\" style=\"border-collapse: collapse;\">\n<thead>\n<tr>\n<th>Tipo<\/th>\n<th>Material<\/th>\n<th>Vantagens<\/th>\n<th>Indica\u00e7\u00e3o<\/th>\n<\/tr>\n<\/thead>\n<tbody>\n<tr>\n<td>Madeira<\/td>\n<td>Madeira natural<\/td>\n<td>Vers\u00e1til, r\u00fastico e elegante<\/td>\n<td>Jardins amplos e tradicionais<\/td>\n<\/tr>\n<tr>\n<td>Ferro<\/td>\n<td>Metal<\/td>\n<td>Dur\u00e1vel, sofisticado e rom\u00e2ntico<\/td>\n<td>Estilos cl\u00e1ssicos e espa\u00e7os pequenos<\/td>\n<\/tr>\n<tr>\n<td>Vime<\/td>\n<td>Fibra natural<\/td>\n<td>Leve, confort\u00e1vel e est\u00e9tico<\/td>\n<td>Varandas e jardins modernos<\/td>\n<\/tr>\n<tr>\n<td>Suporte m\u00f3vel<\/td>\n<td>Estrutura de metal<\/td>\n<td>Pr\u00e1tico, port\u00e1til e f\u00e1cil de instalar<\/td>\n<td>Quem prefere flexibilidade no espa\u00e7o<\/td>\n<\/tr>\n<\/tbody>\n<\/table>\n<h3>Cuidados essenciais para manter seu balan\u00e7o sempre lindo<\/h3>\n<p>Mantenha o balan\u00e7o protegido da chuva e do sol excessivo para evitar desgaste.<\/p>\n<p>Fa\u00e7a manuten\u00e7\u00e3o peri\u00f3dica nas cordas e ganchos se for modelo suspenso.<\/p>\n<h3>Inspire-se e crie seu espa\u00e7o encantador com balan\u00e7o<\/h3>\n<p>Combine criatividade e bom gosto para transformar seu jardim com uma pe\u00e7a que une charme e funcionalidade.<\/p>\n<p>Assim, voc\u00ea aproveita ao m\u00e1ximo seu espa\u00e7o, criando um cantinho de paz e divers\u00e3o. Que tal come\u00e7ar hoje mesmo?<\/p>\n<p><b>Quer transformar seu jardim?<\/b> Conte nos coment\u00e1rios qual modelo de balan\u00e7o voc\u00ea prefere e compartilhe suas ideias! Continue navegando no blog para mais dicas incr\u00edveis sobre decora\u00e7\u00e3o externa.<\/p>\n<img decoding=\"async\" src=\"https:\/\/www.aarquiteta.com.br\/blog\/wp-content\/uploads\/2026\/02\/Balanyo-para-Jardim-Apaixone-se-por-Ideias-que-Transformam-seu-Espayo-Externo-04.jpg\" alt=\"Balan\u00e7o para Jardim: Apaixone-se por Ideias que Transformam seu Espa\u00e7o Externo\" width=\"1024\" height=\"1024\" title=\"\"> Balan\u00e7o para Jardim: Apaixone-se por Ideias que Transformam seu Espa\u00e7o Externo\/caption]\n","protected":false},"excerpt":{"rendered":"<p>Um balan\u00e7o para jardim transforma seu espa\u00e7o externo, trazendo charme, conforto e momentos inesquec\u00edveis ao ar livre. Por que escolher um balan\u00e7o para jardim? Voc\u00ea j\u00e1 reparou como um balan\u00e7o no jardim pode ser o cora\u00e7\u00e3o do seu espa\u00e7o externo? Al\u00e9m de decorar, ele convida ao relaxamento e lazer. \u00c9 uma pe\u00e7a vers\u00e1til que combina [&hellip;]<\/p>\n","protected":false},"author":20,"featured_media":156780,"comment_status":"open","ping_status":"","sticky":false,"template":"","format":"standard","meta":{"footnotes":""},"categories":[],"tags":[],"class_list":["post-156781","post","type-post","status-publish","format-standard","has-post-thumbnail"],"_wp_attached_file":null,"_wp_attachment_metadata":null,"_wp_attachment_context":null,"_wp_attachment_is_custom_header":null,"geo_longitude":null,"geo_public":null,"geo_latitude":null,"_publicize_done_external":null,"_wpas_done_3897181":null,"publicize_twitter_user":null,"_wpas_done_3897175":null,"_wpas_skip_3897181":null,"_wpas_skip_3897175":null,"_wpas_skip_3924723":null,"_wpas_mess":null,"_wpas_done_3924723":null,"wps_subtitle":"","_links":{"self":[{"href":"https:\/\/www.aarquiteta.com.br\/blog\/wp-json\/wp\/v2\/posts\/156781","targetHints":{"allow":["GET"]}}],"collection":[{"href":"https:\/\/www.aarquiteta.com.br\/blog\/wp-json\/wp\/v2\/posts"}],"about":[{"href":"https:\/\/www.aarquiteta.com.br\/blog\/wp-json\/wp\/v2\/types\/post"}],"author":[{"embeddable":true,"href":"https:\/\/www.aarquiteta.com.br\/blog\/wp-json\/wp\/v2\/users\/20"}],"replies":[{"embeddable":true,"href":"https:\/\/www.aarquiteta.com.br\/blog\/wp-json\/wp\/v2\/comments?post=156781"}],"version-history":[{"count":0,"href":"https:\/\/www.aarquiteta.com.br\/blog\/wp-json\/wp\/v2\/posts\/156781\/revisions"}],"wp:featuredmedia":[{"embeddable":true,"href":"https:\/\/www.aarquiteta.com.br\/blog\/wp-json\/wp\/v2\/media\/156780"}],"wp:attachment":[{"href":"https:\/\/www.aarquiteta.com.br\/blog\/wp-json\/wp\/v2\/media?parent=156781"}],"wp:term":[{"taxonomy":"category","embeddable":true,"href":"https:\/\/www.aarquiteta.com.br\/blog\/wp-json\/wp\/v2\/categories?post=156781"},{"taxonomy":"post_tag","embeddable":true,"href":"https:\/\/www.aarquiteta.com.br\/blog\/wp-json\/wp\/v2\/tags?post=156781"}],"curies":[{"name":"wp","href":"https:\/\/api.w.org\/{rel}","templated":true}]}}