{"id":156766,"date":"2026-02-23T13:26:38","date_gmt":"2026-02-23T16:26:38","guid":{"rendered":"https:\/\/www.aarquiteta.com.br\/blog\/aparador-de-sofa-2\/"},"modified":"2026-02-23T13:26:38","modified_gmt":"2026-02-23T16:26:38","slug":"aparador-de-sofa-2","status":"publish","type":"post","link":"https:\/\/www.aarquiteta.com.br\/blog\/aparador-de-sofa-2\/","title":{"rendered":"Aparador de Sof\u00e1: Dicas Criativas para Transformar a Decora\u00e7\u00e3o da Sua Sala"},"content":{"rendered":"<p><b>Aparador de sof\u00e1 \u00e9 a pe\u00e7a-chave para transformar sua sala, unindo funcionalidade e estilo com eleg\u00e2ncia e praticidade.<\/b><\/p>\n<h3>O que \u00e9 aparador de sof\u00e1 e sua utilidade na decora\u00e7\u00e3o<\/h3>\n<p><b>Voc\u00ea j\u00e1 pensou como um m\u00f3vel pode mudar o visual e a organiza\u00e7\u00e3o da sua sala?<\/b> O aparador de sof\u00e1 \u00e9 essa solu\u00e7\u00e3o. Ele \u00e9 um m\u00f3vel estreito que fica atr\u00e1s ou ao lado do sof\u00e1, perfeito para guardar objetos, bebidas e decorar o ambiente.<\/p>\n<p>Al\u00e9m disso, \u00e9 super vers\u00e1til e cabe em qualquer espa\u00e7o, seja grande ou pequeno. Ele pode inclusive ser feito sob medida, para encaixar exatamente onde voc\u00ea desejar.<\/p>\n<img decoding=\"async\" src=\"https:\/\/www.aarquiteta.com.br\/blog\/wp-content\/uploads\/2026\/02\/Aparador-de-Sofy-Dicas-Criativas-para-Transformar-a-Decorayyo-da-Sua-Sala-01.jpg\" alt=\"Aparador de Sof\u00e1: Dicas Criativas para Transformar a Decora\u00e7\u00e3o da Sua Sala\" width=\"1024\" height=\"1024\" title=\"\"> Aparador de Sof\u00e1: Dicas Criativas para Transformar a Decora\u00e7\u00e3o da Sua Sala\/caption]\n<h3>Modelos e materiais para escolher o aparador ideal<\/h3>\n<p><b>Existem v\u00e1rios modelos que se adaptam a todos os estilos e gostos.<\/b> Voc\u00ea encontra aparadores em madeira, vidro, metal ou MDF, com designs que v\u00e3o do r\u00fastico ao moderno.<\/p>\n<p>Se gosta de um ambiente clean, as cores claras trazem frescor, j\u00e1 tons amadeirados real\u00e7am o aconchego.<\/p>\n<h3>Como usar o aparador de sof\u00e1 para organizar e decorar<\/h3>\n<p><b>O aparador ajuda a deixar tudo \u00e0 m\u00e3o e o espa\u00e7o mais bonito.<\/b> D\u00e1 para apoiar livros, vasos decorativos, ta\u00e7as e garrafas, criando um ponto de interesse visual atr\u00e1s do sof\u00e1.<\/p>\n<p>Ele tamb\u00e9m serve para separar ambientes, criando a sensa\u00e7\u00e3o de amplitude sem precisar de paredes.<\/p>\n<img decoding=\"async\" src=\"https:\/\/www.aarquiteta.com.br\/blog\/wp-content\/uploads\/2026\/02\/Aparador-de-Sofy-Dicas-Criativas-para-Transformar-a-Decorayyo-da-Sua-Sala-02.jpg\" alt=\"Aparador de Sof\u00e1: Dicas Criativas para Transformar a Decora\u00e7\u00e3o da Sua Sala\" width=\"1024\" height=\"1024\" title=\"\"> Aparador de Sof\u00e1: Dicas Criativas para Transformar a Decora\u00e7\u00e3o da Sua Sala\/caption]\n<h3>Dicas criativas para ambientes pequenos com aparador de sof\u00e1<\/h3>\n<p><b>Em espa\u00e7os compactos, escolha modelos refinados e proporcionais.<\/b> Aparadores estreitos que n\u00e3o roubam espa\u00e7o s\u00e3o ideais. Al\u00e9m disso, cores neutras ajudam a ampliar visualmente o ambiente.<\/p>\n<p>Outra ideia \u00e9 usar aparadores com m\u00faltiplas divis\u00f3rias para manter a organiza\u00e7\u00e3o pr\u00e1tica e funcional.<\/p>\n<h3>Aparadores com fun\u00e7\u00f5es extras: assentos e mesas de apoio<\/h3>\n<p><b>J\u00e1 ouviu falar em aparadores que viram bancos ou mesas laterais?<\/b> Eles s\u00e3o uma excelente op\u00e7\u00e3o para quem quer ganhar versatilidade e funcionalidade sem abrir m\u00e3o do estilo.<\/p>\n<p>Assim, voc\u00ea pode ter assentos extras para visitas ou uma mesa para apoiar o caf\u00e9, sem ocupar mais espa\u00e7o na sala.<\/p>\n<img decoding=\"async\" src=\"https:\/\/www.aarquiteta.com.br\/blog\/wp-content\/uploads\/2026\/02\/Aparador-de-Sofy-Dicas-Criativas-para-Transformar-a-Decorayyo-da-Sua-Sala-03.jpg\" alt=\"Aparador de Sof\u00e1: Dicas Criativas para Transformar a Decora\u00e7\u00e3o da Sua Sala\" width=\"1024\" height=\"1024\" title=\"\"> Aparador de Sof\u00e1: Dicas Criativas para Transformar a Decora\u00e7\u00e3o da Sua Sala\/caption]\n<h3>Combina\u00e7\u00e3o perfeita: aparador integrado ao sof\u00e1<\/h3>\n<p><b>Para quem curte um visual integrado, o aparador planejado \u00e9 uma maravilha.<\/b> Ele \u201cabra\u00e7a\u201d o sof\u00e1, parecendo parte dele, e traz harmonia total \u00e0 decora\u00e7\u00e3o.<\/p>\n<p>Voc\u00ea pode escolher cores e materiais iguais, criando um efeito clean e contempor\u00e2neo que impressiona.<\/p>\n<h3>Plantas e objetos decorativos no aparador de sof\u00e1<\/h3>\n<p><b>Quer deixar sua sala mais acolhedora e cheia de vida?<\/b> Colocar plantas, especialmente as pendentes como samambaias, traz um toque natural lindo e refrescante.<\/p>\n<p>Combine com livros, quadros pequenos e objetos que carreguem hist\u00f3ria. O resultado \u00e9 um aparador que fala com a sua personalidade.<\/p>\n<h3>Onde comprar aparador de sof\u00e1 para sua sala<\/h3>\n<p><b>Ficou inspirado e quer um aparador para chamar de seu?<\/b> Lojas de m\u00f3veis planejados e grandes varejistas online oferecem diversas op\u00e7\u00f5es, com entrega r\u00e1pida e garantia.<\/p>\n<p>Busque por modelos que se encaixem no seu espa\u00e7o e estilo. Invista nessa pe\u00e7a e veja sua sala ganhar outro status.<\/p>\n<table border=\"1\" cellpadding=\"5\" cellspacing=\"0\" style=\"border-collapse: collapse; margin-top: 20px; width: 100%;\">\n<thead>\n<tr style=\"background-color: #f2f2f2; text-align: left;\">\n<th>Aspecto<\/th>\n<th>Dicas<\/th>\n<th>Benef\u00edcios<\/th>\n<\/tr>\n<\/thead>\n<tbody>\n<tr>\n<td>Modelos<\/td>\n<td>Madeira, vidro, metal, MDF<\/td>\n<td>Combina com qualquer estilo de decora\u00e7\u00e3o<\/td>\n<\/tr>\n<tr>\n<td>Fun\u00e7\u00f5es Extras<\/td>\n<td>Assento, mesa de apoio<\/td>\n<td>Aumenta a funcionalidade do ambiente<\/td>\n<\/tr>\n<tr>\n<td>Espa\u00e7os Pequenos<\/td>\n<td>Modelos estreitos e cores neutras<\/td>\n<td>Optimiza espa\u00e7o sem perder eleg\u00e2ncia<\/td>\n<\/tr>\n<tr>\n<td>Decora\u00e7\u00e3o<\/td>\n<td>Plantas, livros, objetos personalizados<\/td>\n<td>Deixa o ambiente aconchegante e com personalidade<\/td>\n<\/tr>\n<tr>\n<td>Localiza\u00e7\u00e3o<\/td>\n<td>Traseira do sof\u00e1, lateral ou integrado<\/td>\n<td>Facilita o acesso e d\u00e1 charme ao espa\u00e7o<\/td>\n<\/tr>\n<\/tbody>\n<\/table>\n<p>Agora que voc\u00ea conhece o potencial do aparador de sof\u00e1, que tal dar uma repaginada na sua sala?<\/p>\n<p><b>Compartilhe nos coment\u00e1rios qual estilo combina mais com voc\u00ea ou envie suas d\u00favidas!<\/b> Aproveite e explore tamb\u00e9m outras ideias para renovar seu espa\u00e7o, como cortinas elegantes ou ilumina\u00e7\u00e3o criativa.<\/p>\n<img decoding=\"async\" src=\"https:\/\/www.aarquiteta.com.br\/blog\/wp-content\/uploads\/2026\/02\/Aparador-de-Sofy-Dicas-Criativas-para-Transformar-a-Decorayyo-da-Sua-Sala-04.jpg\" alt=\"Aparador de Sof\u00e1: Dicas Criativas para Transformar a Decora\u00e7\u00e3o da Sua Sala\" width=\"1024\" height=\"1024\" title=\"\"> Aparador de Sof\u00e1: Dicas Criativas para Transformar a Decora\u00e7\u00e3o da Sua Sala\/caption]\n","protected":false},"excerpt":{"rendered":"<p>Aparador de sof\u00e1 \u00e9 a pe\u00e7a-chave para transformar sua sala, unindo funcionalidade e estilo com eleg\u00e2ncia e praticidade. O que \u00e9 aparador de sof\u00e1 e sua utilidade na decora\u00e7\u00e3o Voc\u00ea j\u00e1 pensou como um m\u00f3vel pode mudar o visual e a organiza\u00e7\u00e3o da sua sala? O aparador de sof\u00e1 \u00e9 essa solu\u00e7\u00e3o. Ele \u00e9 um [&hellip;]<\/p>\n","protected":false},"author":20,"featured_media":156765,"comment_status":"open","ping_status":"","sticky":false,"template":"","format":"standard","meta":{"footnotes":""},"categories":[],"tags":[],"class_list":["post-156766","post","type-post","status-publish","format-standard","has-post-thumbnail"],"_wp_attached_file":null,"_wp_attachment_metadata":null,"_wp_attachment_context":null,"_wp_attachment_is_custom_header":null,"geo_longitude":null,"geo_public":null,"geo_latitude":null,"_publicize_done_external":null,"_wpas_done_3897181":null,"publicize_twitter_user":null,"_wpas_done_3897175":null,"_wpas_skip_3897181":null,"_wpas_skip_3897175":null,"_wpas_skip_3924723":null,"_wpas_mess":null,"_wpas_done_3924723":null,"wps_subtitle":"","_links":{"self":[{"href":"https:\/\/www.aarquiteta.com.br\/blog\/wp-json\/wp\/v2\/posts\/156766","targetHints":{"allow":["GET"]}}],"collection":[{"href":"https:\/\/www.aarquiteta.com.br\/blog\/wp-json\/wp\/v2\/posts"}],"about":[{"href":"https:\/\/www.aarquiteta.com.br\/blog\/wp-json\/wp\/v2\/types\/post"}],"author":[{"embeddable":true,"href":"https:\/\/www.aarquiteta.com.br\/blog\/wp-json\/wp\/v2\/users\/20"}],"replies":[{"embeddable":true,"href":"https:\/\/www.aarquiteta.com.br\/blog\/wp-json\/wp\/v2\/comments?post=156766"}],"version-history":[{"count":0,"href":"https:\/\/www.aarquiteta.com.br\/blog\/wp-json\/wp\/v2\/posts\/156766\/revisions"}],"wp:featuredmedia":[{"embeddable":true,"href":"https:\/\/www.aarquiteta.com.br\/blog\/wp-json\/wp\/v2\/media\/156765"}],"wp:attachment":[{"href":"https:\/\/www.aarquiteta.com.br\/blog\/wp-json\/wp\/v2\/media?parent=156766"}],"wp:term":[{"taxonomy":"category","embeddable":true,"href":"https:\/\/www.aarquiteta.com.br\/blog\/wp-json\/wp\/v2\/categories?post=156766"},{"taxonomy":"post_tag","embeddable":true,"href":"https:\/\/www.aarquiteta.com.br\/blog\/wp-json\/wp\/v2\/tags?post=156766"}],"curies":[{"name":"wp","href":"https:\/\/api.w.org\/{rel}","templated":true}]}}