{"id":156751,"date":"2026-02-19T08:02:30","date_gmt":"2026-02-19T11:02:30","guid":{"rendered":"https:\/\/www.aarquiteta.com.br\/blog\/moveis-para-jardim-6\/"},"modified":"2026-02-19T08:02:30","modified_gmt":"2026-02-19T11:02:30","slug":"moveis-para-jardim-6","status":"publish","type":"post","link":"https:\/\/www.aarquiteta.com.br\/blog\/moveis-para-jardim-6\/","title":{"rendered":"Inspira\u00e7\u00f5es e dicas essenciais para escolher m\u00f3veis que transformam seu jardim em um espa\u00e7o acolhedor e dur\u00e1vel"},"content":{"rendered":"<p><b>Quer transformar seu jardim em um espa\u00e7o acolhedor e bonito? A escolha dos m\u00f3veis certos faz toda a diferen\u00e7a.<\/b><\/p>\n<h3>Como escolher m\u00f3veis para jardim que aliam beleza e durabilidade<\/h3>\n<p>Antes de tudo, \u00e9 essencial pensar em m\u00f3veis que <b>suportem chuva, sol e vento<\/b>. Afinal, seu jardim merece pe\u00e7as que durem e valorizem o espa\u00e7o.<\/p>\n<p>Al\u00e9m da resist\u00eancia, a est\u00e9tica tamb\u00e9m \u00e9 fundamental para deixar o ambiente <b>convidativo e confort\u00e1vel<\/b>.<\/p>\n<p>Eu sempre recomendo investir em <b>materiais de qualidade<\/b> e acabamentos que n\u00e3o exigem muita manuten\u00e7\u00e3o.<\/p>\n<img decoding=\"async\" src=\"https:\/\/www.aarquiteta.com.br\/blog\/wp-content\/uploads\/2026\/02\/Inspirayyes-e-dicas-essenciais-para-escolher-myveis-que-transformam-seu-jardim-em-um-espayo-acolhedor-e-duryvel-01.jpg\" alt=\"Inspira\u00e7\u00f5es e dicas essenciais para escolher m\u00f3veis que transformam seu jardim em um espa\u00e7o acolhedor e dur\u00e1vel\" width=\"1024\" height=\"1024\" title=\"\"> Inspira\u00e7\u00f5es e dicas essenciais para escolher m\u00f3veis que transformam seu jardim em um espa\u00e7o acolhedor e dur\u00e1vel\/caption]\n<h3>Principais tipos de m\u00f3veis ideais para jardins<\/h3>\n<ul>\n<li><b>M\u00f3veis de ferro:<\/b> trazem um charme vintage e s\u00e3o dur\u00e1veis.<\/li>\n<li><b>Fibra sint\u00e9tica:<\/b> perfeita para quem busca resist\u00eancia \u00e0 \u00e1gua.<\/li>\n<li><b>Madeira tratada:<\/b> cl\u00e1ssica, entrega aconchego e naturalidade, mas precisa de cuidados.<\/li>\n<li><b>Vime para \u00e1reas cobertas:<\/b> sofisticado e leve, ideal para varandas ou pergolados.<\/li>\n<\/ul>\n<h3>A import\u00e2ncia do conforto na escolha dos m\u00f3veis de jardim<\/h3>\n<p>N\u00e3o adianta ser s\u00f3 bonito. O <b>conforto \u00e9 um dos pilares<\/b> para relaxar e curtir momentos ao ar livre.<\/p>\n<p>Almofadas imperme\u00e1veis, poltronas aconchegantes e espregui\u00e7adeiras s\u00e3o apostas certeiras para um espa\u00e7o acolhedor.<\/p>\n<img decoding=\"async\" src=\"https:\/\/www.aarquiteta.com.br\/blog\/wp-content\/uploads\/2026\/02\/Inspirayyes-e-dicas-essenciais-para-escolher-myveis-que-transformam-seu-jardim-em-um-espayo-acolhedor-e-duryvel-02.jpg\" alt=\"Inspira\u00e7\u00f5es e dicas essenciais para escolher m\u00f3veis que transformam seu jardim em um espa\u00e7o acolhedor e dur\u00e1vel\" width=\"1024\" height=\"1024\" title=\"\"> Inspira\u00e7\u00f5es e dicas essenciais para escolher m\u00f3veis que transformam seu jardim em um espa\u00e7o acolhedor e dur\u00e1vel\/caption]\n<h3>Dicas para otimizar espa\u00e7os pequenos com m\u00f3veis funcionais<\/h3>\n<p>Jardins compactos pedem solu\u00e7\u00f5es pr\u00e1ticas. Eu gosto das cadeiras dobr\u00e1veis, puffs vers\u00e1teis e mesas pequenas.<\/p>\n<p>Assim, \u00e9 poss\u00edvel criar uma \u00e1rea agrad\u00e1vel sem aperto, maximizando cada cantinho.<\/p>\n<h3>Como harmonizar m\u00f3veis com o estilo do seu jardim<\/h3>\n<p>Pense em pe\u00e7as que <b>combinem com as plantas e o estilo da decora\u00e7\u00e3o<\/b>. Cores vivas nos estofados podem dar vida, enquanto tons neutros deixam o espa\u00e7o elegante.<\/p>\n<p>\u00c0s vezes, um m\u00f3vel simples ganha destaque e torna o ambiente mais charmoso.<\/p>\n<img decoding=\"async\" src=\"https:\/\/www.aarquiteta.com.br\/blog\/wp-content\/uploads\/2026\/02\/Inspirayyes-e-dicas-essenciais-para-escolher-myveis-que-transformam-seu-jardim-em-um-espayo-acolhedor-e-duryvel-03.jpg\" alt=\"Inspira\u00e7\u00f5es e dicas essenciais para escolher m\u00f3veis que transformam seu jardim em um espa\u00e7o acolhedor e dur\u00e1vel\" width=\"1024\" height=\"1024\" title=\"\"> Inspira\u00e7\u00f5es e dicas essenciais para escolher m\u00f3veis que transformam seu jardim em um espa\u00e7o acolhedor e dur\u00e1vel\/caption]\n<h3>Tabela comparativa dos principais materiais para m\u00f3veis de jardim<\/h3>\n<table border=\"1\" cellpadding=\"8\" cellspacing=\"0\" style=\"border-collapse: collapse; width: 100%;\">\n<thead>\n<tr>\n<th>Material<\/th>\n<th>Durabilidade<\/th>\n<th>Manuten\u00e7\u00e3o<\/th>\n<th>Conforto<\/th>\n<th>Estilo<\/th>\n<\/tr>\n<\/thead>\n<tbody>\n<tr>\n<td>Ferro<\/td>\n<td>Alta<\/td>\n<td>M\u00e9dia (pode enferrujar)<\/td>\n<td>M\u00e9dio<\/td>\n<td>Vintage, elegante<\/td>\n<\/tr>\n<tr>\n<td>Fibra sint\u00e9tica<\/td>\n<td>Alta<\/td>\n<td>Baixa<\/td>\n<td>Alto (com almofadas)<\/td>\n<td>Moderno, vers\u00e1til<\/td>\n<\/tr>\n<tr>\n<td>Madeira tratada<\/td>\n<td>M\u00e9dia<\/td>\n<td>Alta (precisa prote\u00e7\u00e3o)<\/td>\n<td>Alto<\/td>\n<td>Cl\u00e1ssico, natural<\/td>\n<\/tr>\n<tr>\n<td>Vime<\/td>\n<td>M\u00e9dia<\/td>\n<td>M\u00e9dia<\/td>\n<td>M\u00e9dio<\/td>\n<td>Leve, r\u00fastico<\/td>\n<\/tr>\n<\/tbody>\n<\/table>\n<h3>Erros comuns que voc\u00ea deve evitar na escolha dos m\u00f3veis para jardim<\/h3>\n<ul>\n<li>Comprar m\u00f3veis sem prote\u00e7\u00e3o contra chuva ou sol.<\/li>\n<li>Priorizar s\u00f3 a est\u00e9tica, esquecendo conforto e durabilidade.<\/li>\n<li>Ignorar o espa\u00e7o dispon\u00edvel, comprando pe\u00e7as grandes demais.<\/li>\n<li>N\u00e3o considerar manuten\u00e7\u00e3o e limpeza futuras.<\/li>\n<\/ul>\n<h3>Ideias para deixar seu jardim com a sua cara<\/h3>\n<p>O segredo \u00e9 escolher m\u00f3veis que <b>refletem sua personalidade e estilo de vida<\/b>. Seja um cantinho para leitura, um espa\u00e7o para receber amigos ou simplesmente relaxar.<\/p>\n<p>Invista em acess\u00f3rios como almofadas coloridas, um ba\u00fa funcional e at\u00e9 uma rede para dar um toque especial.<\/p>\n<p>Agora que voc\u00ea sabe o essencial, que tal come\u00e7ar a planejar o jardim dos seus sonhos? Compartilhe sua experi\u00eancia ou d\u00favida aqui nos coment\u00e1rios. Vou adorar ajudar voc\u00ea a transformar seu espa\u00e7o!<\/p>\n<p><b>Confira tamb\u00e9m:<\/b><\/p>\n<ul>\n<li><a href=\"#\">10 ideias criativas para aproveitar espa\u00e7os pequenos no quintal<\/a><\/li>\n<li><a href=\"#\">Como proteger seus m\u00f3veis de jardim no inverno e ver\u00e3o<\/a><\/li>\n<li><a href=\"#\">Dicas para decorar sua varanda com m\u00f3veis resistentes e estilosos<\/a><\/li>\n<\/ul>\n<img decoding=\"async\" src=\"https:\/\/www.aarquiteta.com.br\/blog\/wp-content\/uploads\/2026\/02\/Inspirayyes-e-dicas-essenciais-para-escolher-myveis-que-transformam-seu-jardim-em-um-espayo-acolhedor-e-duryvel-04.jpg\" alt=\"Inspira\u00e7\u00f5es e dicas essenciais para escolher m\u00f3veis que transformam seu jardim em um espa\u00e7o acolhedor e dur\u00e1vel\" width=\"1024\" height=\"1024\" title=\"\"> Inspira\u00e7\u00f5es e dicas essenciais para escolher m\u00f3veis que transformam seu jardim em um espa\u00e7o acolhedor e dur\u00e1vel\/caption]\n","protected":false},"excerpt":{"rendered":"<p>Quer transformar seu jardim em um espa\u00e7o acolhedor e bonito? A escolha dos m\u00f3veis certos faz toda a diferen\u00e7a. Como escolher m\u00f3veis para jardim que aliam beleza e durabilidade Antes de tudo, \u00e9 essencial pensar em m\u00f3veis que suportem chuva, sol e vento. Afinal, seu jardim merece pe\u00e7as que durem e valorizem o espa\u00e7o. Al\u00e9m [&hellip;]<\/p>\n","protected":false},"author":20,"featured_media":156750,"comment_status":"open","ping_status":"","sticky":false,"template":"","format":"standard","meta":{"footnotes":""},"categories":[],"tags":[],"class_list":["post-156751","post","type-post","status-publish","format-standard","has-post-thumbnail"],"_wp_attached_file":null,"_wp_attachment_metadata":null,"_wp_attachment_context":null,"_wp_attachment_is_custom_header":null,"geo_longitude":null,"geo_public":null,"geo_latitude":null,"_publicize_done_external":null,"_wpas_done_3897181":null,"publicize_twitter_user":null,"_wpas_done_3897175":null,"_wpas_skip_3897181":null,"_wpas_skip_3897175":null,"_wpas_skip_3924723":null,"_wpas_mess":null,"_wpas_done_3924723":null,"wps_subtitle":"","_links":{"self":[{"href":"https:\/\/www.aarquiteta.com.br\/blog\/wp-json\/wp\/v2\/posts\/156751","targetHints":{"allow":["GET"]}}],"collection":[{"href":"https:\/\/www.aarquiteta.com.br\/blog\/wp-json\/wp\/v2\/posts"}],"about":[{"href":"https:\/\/www.aarquiteta.com.br\/blog\/wp-json\/wp\/v2\/types\/post"}],"author":[{"embeddable":true,"href":"https:\/\/www.aarquiteta.com.br\/blog\/wp-json\/wp\/v2\/users\/20"}],"replies":[{"embeddable":true,"href":"https:\/\/www.aarquiteta.com.br\/blog\/wp-json\/wp\/v2\/comments?post=156751"}],"version-history":[{"count":0,"href":"https:\/\/www.aarquiteta.com.br\/blog\/wp-json\/wp\/v2\/posts\/156751\/revisions"}],"wp:featuredmedia":[{"embeddable":true,"href":"https:\/\/www.aarquiteta.com.br\/blog\/wp-json\/wp\/v2\/media\/156750"}],"wp:attachment":[{"href":"https:\/\/www.aarquiteta.com.br\/blog\/wp-json\/wp\/v2\/media?parent=156751"}],"wp:term":[{"taxonomy":"category","embeddable":true,"href":"https:\/\/www.aarquiteta.com.br\/blog\/wp-json\/wp\/v2\/categories?post=156751"},{"taxonomy":"post_tag","embeddable":true,"href":"https:\/\/www.aarquiteta.com.br\/blog\/wp-json\/wp\/v2\/tags?post=156751"}],"curies":[{"name":"wp","href":"https:\/\/api.w.org\/{rel}","templated":true}]}}