{"id":156746,"date":"2026-02-19T00:02:24","date_gmt":"2026-02-19T03:02:24","guid":{"rendered":"https:\/\/www.aarquiteta.com.br\/blog\/casa-com-varanda-2\/"},"modified":"2026-02-19T00:02:24","modified_gmt":"2026-02-19T03:02:24","slug":"casa-com-varanda-2","status":"publish","type":"post","link":"https:\/\/www.aarquiteta.com.br\/blog\/casa-com-varanda-2\/","title":{"rendered":"Como transformar a varanda da sua casa em um espa\u00e7o acolhedor e cheio de frescor"},"content":{"rendered":"<p><b>Quer transformar sua varanda em um ref\u00fagio cheio de aconchego e frescor? Vou te mostrar como deixar esse cantinho incr\u00edvel para seu dia a dia!<\/b><\/p>\n<h3>Varanda: o ponto de encontro perfeito para relaxar<\/h3>\n<p>Sabe aquele espa\u00e7o entre sua casa e o mundo l\u00e1 fora? <b>A varanda \u00e9 exatamente isso: um convite para aproveitar a natureza sem sair de casa.<\/b> \u00c9 onde voc\u00ea pode relaxar, tomar um caf\u00e9, ler ou at\u00e9 receber os amigos.<\/p>\n<p>Mas nem sempre sabemos como deixar esse ambiente acolhedor e fresco, n\u00e9? <b>Com algumas dicas simples de decora\u00e7\u00e3o e organiza\u00e7\u00e3o, d\u00e1 para transformar sua varanda num espa\u00e7o dos sonhos.<\/b><\/p>\n<p>Quer ver como? Ent\u00e3o, bora descobrir os segredos para decorar sua varanda com conforto e frescor!<\/p>\n<img decoding=\"async\" src=\"https:\/\/www.aarquiteta.com.br\/blog\/wp-content\/uploads\/2026\/02\/Como-transformar-a-varanda-da-sua-casa-em-um-espayo-acolhedor-e-cheio-de-frescor-01.jpg\" alt=\"Como transformar a varanda da sua casa em um espa\u00e7o acolhedor e cheio de frescor\" width=\"1024\" height=\"1024\" title=\"\"> Como transformar a varanda da sua casa em um espa\u00e7o acolhedor e cheio de frescor\/caption]\n<h3>M\u00f3veis confort\u00e1veis: o aliado do acolhimento na varanda<\/h3>\n<p>Sentar com conforto faz toda a diferen\u00e7a. <b>Invista em poltronas, sof\u00e1s e bancos acolchoados que resistam ao tempo.<\/b> Prefira materiais como fibra sint\u00e9tica, madeira tratada ou alum\u00ednio, que unem beleza e durabilidade.<\/p>\n<p>Para varandas menores, <b>escolha m\u00f3veis compactos que maximize o espa\u00e7o sem perder o conforto.<\/b><\/p>\n<h3>Plantas para refrescar e decorar<\/h3>\n<p>Plantas v\u00eam como um sopro de vida e frescor para a varanda. <b>Um jardim vertical ou vasos variados trazem cor e suavidade, al\u00e9m de melhorar a qualidade do ar.<\/b> Capriche na sele\u00e7\u00e3o de esp\u00e9cies que se adaptam ao sol e sombra do seu espa\u00e7o.<\/p>\n<img decoding=\"async\" src=\"https:\/\/www.aarquiteta.com.br\/blog\/wp-content\/uploads\/2026\/02\/Como-transformar-a-varanda-da-sua-casa-em-um-espayo-acolhedor-e-cheio-de-frescor-02.jpg\" alt=\"Como transformar a varanda da sua casa em um espa\u00e7o acolhedor e cheio de frescor\" width=\"1024\" height=\"1024\" title=\"\"> Como transformar a varanda da sua casa em um espa\u00e7o acolhedor e cheio de frescor\/caption]\n<h3>Acabamentos naturais: madeira e fibras para um clima acolhedor<\/h3>\n<p><b>Madeira, palha e fibras naturais criam uma atmosfera gostosa e aconchegante, perfeita para varandas.<\/b> Pisos de madeira ou decks, m\u00f3veis de demoli\u00e7\u00e3o ou paletes s\u00e3o tend\u00eancias que nunca saem de moda.<\/p>\n<h3>Ilumina\u00e7\u00e3o certa para estender os momentos ao ar livre<\/h3>\n<p>Quer aproveitar a varanda at\u00e9 a noite? <b>Use luzes quentinhas, como pequenas lanternas, pisca-piscas ou lumin\u00e1rias de led.<\/b> A ilumina\u00e7\u00e3o certa cria uma atmosfera convidativa e relaxante.<\/p>\n<h3>Como combinar cores para um ambiente leve e harmonioso<\/h3>\n<p><b>Cores claras como branco, bege e azul ajudam a ampliar o espa\u00e7o e transmitem tranquilidade,<\/b> enquanto acess\u00f3rios coloridos d\u00e3o um toque de alegria. Almofadas e tapetes s\u00e3o \u00f3timas para esse efeito.<\/p>\n<h3>Integra\u00e7\u00e3o com a natureza: leve sua varanda para o jardim<\/h3>\n<p><b>Se poss\u00edvel, conecte sua varanda com o jardim ou \u00e1rea verde da casa.<\/b> Coloque trepadeiras nas paredes ou pergolados para pendurar plantas, criando uma moldura natural para seu espa\u00e7o.<\/p>\n<img decoding=\"async\" src=\"https:\/\/www.aarquiteta.com.br\/blog\/wp-content\/uploads\/2026\/02\/Como-transformar-a-varanda-da-sua-casa-em-um-espayo-acolhedor-e-cheio-de-frescor-03.jpg\" alt=\"Como transformar a varanda da sua casa em um espa\u00e7o acolhedor e cheio de frescor\" width=\"1024\" height=\"1024\" title=\"\"> Como transformar a varanda da sua casa em um espa\u00e7o acolhedor e cheio de frescor\/caption]\n<h3>Organiza\u00e7\u00e3o pr\u00e1tica: decorando sem perder espa\u00e7o<\/h3>\n<p>Manter a varanda organizada \u00e9 fundamental para o conforto. <b>Use prateleiras, nichos e m\u00f3veis multifuncionais.<\/b> Assim, o ambiente fica bonito, funcional e fresco!<\/p>\n<table border=\"1\" cellpadding=\"8\" cellspacing=\"0\" style=\"border-collapse:collapse; margin-top:20px; width:100%;\">\n<thead>\n<tr>\n<th>Elementos para Varanda Aconchegante<\/th>\n<th>Benef\u00edcios<\/th>\n<th>Dicas<\/th>\n<\/tr>\n<\/thead>\n<tbody>\n<tr>\n<td><b>M\u00f3veis de madeira e fibra<\/b><\/td>\n<td>Durabilidade e aspecto natural<\/td>\n<td>Prefira materiais tratados para ambientes externos<\/td>\n<\/tr>\n<tr>\n<td><b>Plantas e jardim vertical<\/b><\/td>\n<td>Frescor e renova\u00e7\u00e3o do ar<\/td>\n<td>Escolha plantas adaptadas \u00e0 luz da varanda<\/td>\n<\/tr>\n<tr>\n<td><b>Ilumina\u00e7\u00e3o aconchegante<\/b><\/td>\n<td>Amplia o uso do espa\u00e7o \u00e0 noite<\/td>\n<td>Use LED e lumin\u00e1rias com luz quente<\/td>\n<\/tr>\n<tr>\n<td><b>Cores claras e acess\u00f3rios<\/b><\/td>\n<td>Ambiente leve e agrad\u00e1vel<\/td>\n<td>Invista em almofadas, tapetes e vasos coloridos<\/td>\n<\/tr>\n<tr>\n<td><b>Organiza\u00e7\u00e3o pr\u00e1tica<\/b><\/td>\n<td>Facilidade na manuten\u00e7\u00e3o e conforto<\/td>\n<td>M\u00f3veis multifuncionais e prateleiras<\/td>\n<\/tr>\n<\/tbody>\n<\/table>\n<p>Viu s\u00f3 como \u00e9 simples? <b>Com m\u00f3veis certos, plantas bem escolhidas e ilumina\u00e7\u00e3o adequada, sua varanda vai virar aquele cantinho que todo mundo quer estar.<\/b><\/p>\n<p>Agora quero saber de voc\u00ea: j\u00e1 tem alguma ideia para transformar sua varanda? <b>Conta aqui nos coment\u00e1rios e compartilhe suas inspira\u00e7\u00f5es!<\/b> E se quiser mais dicas, continue navegando pelo nosso blog que tem muita coisa boa para voc\u00ea.<\/p>\n<h3>Conte\u00fados relacionados para voc\u00ea explorar:<\/h3>\n<ul>\n<li>Como deixar o quintal mais acolhedor para receber a fam\u00edlia<\/li>\n<li>Dicas infal\u00edveis para escolher o piso ideal para \u00e1reas externas<\/li>\n<li>Varandas gourmet: transformando espa\u00e7os para momentos inesquec\u00edveis<\/li>\n<li>Plantas ideais para varandas e jardins pequenos<\/li>\n<\/ul>\n<img decoding=\"async\" src=\"https:\/\/www.aarquiteta.com.br\/blog\/wp-content\/uploads\/2026\/02\/Como-transformar-a-varanda-da-sua-casa-em-um-espayo-acolhedor-e-cheio-de-frescor-04.jpg\" alt=\"Como transformar a varanda da sua casa em um espa\u00e7o acolhedor e cheio de frescor\" width=\"1024\" height=\"1024\" title=\"\"> Como transformar a varanda da sua casa em um espa\u00e7o acolhedor e cheio de frescor\/caption]\n","protected":false},"excerpt":{"rendered":"<p>Quer transformar sua varanda em um ref\u00fagio cheio de aconchego e frescor? Vou te mostrar como deixar esse cantinho incr\u00edvel para seu dia a dia! Varanda: o ponto de encontro perfeito para relaxar Sabe aquele espa\u00e7o entre sua casa e o mundo l\u00e1 fora? A varanda \u00e9 exatamente isso: um convite para aproveitar a natureza [&hellip;]<\/p>\n","protected":false},"author":20,"featured_media":156745,"comment_status":"open","ping_status":"","sticky":false,"template":"","format":"standard","meta":{"footnotes":""},"categories":[],"tags":[],"class_list":["post-156746","post","type-post","status-publish","format-standard","has-post-thumbnail"],"_wp_attached_file":null,"_wp_attachment_metadata":null,"_wp_attachment_context":null,"_wp_attachment_is_custom_header":null,"geo_longitude":null,"geo_public":null,"geo_latitude":null,"_publicize_done_external":null,"_wpas_done_3897181":null,"publicize_twitter_user":null,"_wpas_done_3897175":null,"_wpas_skip_3897181":null,"_wpas_skip_3897175":null,"_wpas_skip_3924723":null,"_wpas_mess":null,"_wpas_done_3924723":null,"wps_subtitle":"","_links":{"self":[{"href":"https:\/\/www.aarquiteta.com.br\/blog\/wp-json\/wp\/v2\/posts\/156746","targetHints":{"allow":["GET"]}}],"collection":[{"href":"https:\/\/www.aarquiteta.com.br\/blog\/wp-json\/wp\/v2\/posts"}],"about":[{"href":"https:\/\/www.aarquiteta.com.br\/blog\/wp-json\/wp\/v2\/types\/post"}],"author":[{"embeddable":true,"href":"https:\/\/www.aarquiteta.com.br\/blog\/wp-json\/wp\/v2\/users\/20"}],"replies":[{"embeddable":true,"href":"https:\/\/www.aarquiteta.com.br\/blog\/wp-json\/wp\/v2\/comments?post=156746"}],"version-history":[{"count":0,"href":"https:\/\/www.aarquiteta.com.br\/blog\/wp-json\/wp\/v2\/posts\/156746\/revisions"}],"wp:featuredmedia":[{"embeddable":true,"href":"https:\/\/www.aarquiteta.com.br\/blog\/wp-json\/wp\/v2\/media\/156745"}],"wp:attachment":[{"href":"https:\/\/www.aarquiteta.com.br\/blog\/wp-json\/wp\/v2\/media?parent=156746"}],"wp:term":[{"taxonomy":"category","embeddable":true,"href":"https:\/\/www.aarquiteta.com.br\/blog\/wp-json\/wp\/v2\/categories?post=156746"},{"taxonomy":"post_tag","embeddable":true,"href":"https:\/\/www.aarquiteta.com.br\/blog\/wp-json\/wp\/v2\/tags?post=156746"}],"curies":[{"name":"wp","href":"https:\/\/api.w.org\/{rel}","templated":true}]}}