{"id":156741,"date":"2026-02-18T16:06:49","date_gmt":"2026-02-18T19:06:49","guid":{"rendered":"https:\/\/www.aarquiteta.com.br\/blog\/inspiracoes-frente-de-casas-2\/"},"modified":"2026-02-18T16:06:49","modified_gmt":"2026-02-18T19:06:49","slug":"inspiracoes-frente-de-casas-2","status":"publish","type":"post","link":"https:\/\/www.aarquiteta.com.br\/blog\/inspiracoes-frente-de-casas-2\/","title":{"rendered":"Fachadas Elegantes: Guia Completo para Transformar a Frente da Sua Casa"},"content":{"rendered":"<p><b>Quer saber como transformar a fachada da sua casa em um cart\u00e3o de visitas elegante?<\/b> Vou te mostrar as melhores dicas para valorizar sua entrada com estilo e personalidade!<\/p>\n<h3>Por que fachadas elegantes s\u00e3o t\u00e3o importantes?<\/h3>\n<p>Uma fachada elegante \u00e9 <b>a porta de entrada para a alma da sua casa<\/b>. \u00c9 atrav\u00e9s dela que visitantes e poss\u00edveis compradores ter\u00e3o a primeira impress\u00e3o do seu lar.<\/p>\n<p>Al\u00e9m de aumentar o valor do im\u00f3vel, <b>reflete seu estilo de vida e personalidade<\/b>, tornando seu espa\u00e7o mais acolhedor e sofisticado.<\/p>\n<img decoding=\"async\" src=\"https:\/\/www.aarquiteta.com.br\/blog\/wp-content\/uploads\/2026\/02\/Fachadas-Elegantes-Guia-Completo-para-Transformar-a-Frente-da-Sua-Casa-01.jpg\" alt=\"Fachadas Elegantes: Guia Completo para Transformar a Frente da Sua Casa\" width=\"1024\" height=\"1024\" title=\"\"> Fachadas Elegantes: Guia Completo para Transformar a Frente da Sua Casa\/caption]\n<h3>Principais materiais para revestimento externo<\/h3>\n<p>Voc\u00ea sabia que a escolha dos materiais pode ser decisiva para a beleza e durabilidade da fachada? <\/p>\n<ul>\n<li><b>Madeira:<\/b> calorosa e natural, traz aconchego e charme r\u00fastico.<\/li>\n<li><b>Pedra:<\/b> robustez e sofistica\u00e7\u00e3o, ideal para fachadas que querem se destacar.<\/li>\n<li><b>Concreto:<\/b> moderno e resistente, perfeito para linhas limpas e design minimalista.<\/li>\n<li><b>Vidro:<\/b> ilumina e abre os ambientes, conferindo transpar\u00eancia e leveza.<\/li>\n<\/ul>\n<h3>Tabela: Comparativo dos principais materiais para fachada<\/h3>\n<table border=\"1\" cellpadding=\"5\" cellspacing=\"0\" style=\"border-collapse: collapse; width: 100%;\">\n<tr style=\"background-color: #f0f0f0;\">\n<th>Material<\/th>\n<th>Estilo<\/th>\n<th>Dura\u00e7\u00e3o<\/th>\n<th>Manuten\u00e7\u00e3o<\/th>\n<th>Valor Est\u00e9tico<\/th>\n<\/tr>\n<tr>\n<td>Madeira<\/td>\n<td>R\u00fastico, acolhedor<\/td>\n<td>M\u00e9dia (tratada, dura mais)<\/td>\n<td>Regular (verniz, selante)<\/td>\n<td>Alto<\/td>\n<\/tr>\n<tr>\n<td>Pedra<\/td>\n<td>Cl\u00e1ssico e elegante<\/td>\n<td>Alta<\/td>\n<td>Baixa<\/td>\n<td>Muito alto<\/td>\n<\/tr>\n<tr>\n<td>Concreto<\/td>\n<td>Moderno, minimalista<\/td>\n<td>Alta<\/td>\n<td>Baixa<\/td>\n<td>Alto<\/td>\n<\/tr>\n<tr>\n<td>Vidro<\/td>\n<td>Contempor\u00e2neo e leve<\/td>\n<td>M\u00e9dia<\/td>\n<td>Regular (limpeza)<\/td>\n<td>Alto<\/td>\n<\/tr>\n<\/table>\n<img decoding=\"async\" src=\"https:\/\/www.aarquiteta.com.br\/blog\/wp-content\/uploads\/2026\/02\/Fachadas-Elegantes-Guia-Completo-para-Transformar-a-Frente-da-Sua-Casa-02.jpg\" alt=\"Fachadas Elegantes: Guia Completo para Transformar a Frente da Sua Casa\" width=\"1024\" height=\"1024\" title=\"\"> Fachadas Elegantes: Guia Completo para Transformar a Frente da Sua Casa\/caption]\n<h3>Dicas de ilumina\u00e7\u00e3o para valorizar sua fachada<\/h3>\n<p>A ilumina\u00e7\u00e3o \u00e9 como a maquiagem da sua casa: <b>real\u00e7a a arquitetura e cria um clima acolhedor<\/b> durante a noite.<\/p>\n<ul>\n<li><b>Luzes direcionadas:<\/b> destaque portas, janelas e detalhes arquitet\u00f4nicos.<\/li>\n<li><b>LEDs quentes:<\/b> criam aconchego e eleg\u00e2ncia.<\/li>\n<li><b>Fitas de LED:<\/b> modernas e vers\u00e1teis para real\u00e7ar volumes e texturas.<\/li>\n<\/ul>\n<h3>Como integrar a natureza \u00e0 sua fachada<\/h3>\n<p><b>Plantas e paisagismo fazem milagres na valoriza\u00e7\u00e3o da fachada.<\/b> Jardins verticais e esp\u00e9cies nativas trazem vida e frescor \u00e0 entrada da casa.<\/p>\n<p>Al\u00e9m da beleza, melhoram a qualidade do ar e at\u00e9 ajudam a refrescar o ambiente naturalmente.<\/p>\n<img decoding=\"async\" src=\"https:\/\/www.aarquiteta.com.br\/blog\/wp-content\/uploads\/2026\/02\/Fachadas-Elegantes-Guia-Completo-para-Transformar-a-Frente-da-Sua-Casa-03.jpg\" alt=\"Fachadas Elegantes: Guia Completo para Transformar a Frente da Sua Casa\" width=\"1024\" height=\"1024\" title=\"\"> Fachadas Elegantes: Guia Completo para Transformar a Frente da Sua Casa\/caption]\n<h3>Inspira\u00e7\u00f5es em estilos: do cl\u00e1ssico ao contempor\u00e2neo<\/h3>\n<p>Prefere algo atemporal? O estilo neocl\u00e1ssico, com detalhes em molduras e portas de vidro, \u00e9 sempre elegante.<\/p>\n<p>J\u00e1 para os apaixonados por design moderno, as fachadas minimalistas, com linhas retas e cores neutras, <b>valorizam a simplicidade e funcionalidade<\/b>.<\/p>\n<h3>Personaliza\u00e7\u00e3o que destaca seu lar<\/h3>\n<p>Quer uma fachada que conte sua hist\u00f3ria? Invista em <b>portas e janelas com design exclusivo<\/b> e elementos vazados que d\u00e3o personalidade e leveza.<\/p>\n<p>Pequenos toques art\u00edsticos renovam o visual, tornando sua casa \u00fanica na rua.<\/p>\n<h3>Muros modernos: seguran\u00e7a com eleg\u00e2ncia<\/h3>\n<p>Muros s\u00e3o aliados para proteger sem abrir m\u00e3o da apar\u00eancia charmosa.<\/p>\n<p>Os muros de vidro ou verdes est\u00e3o em alta, combinando <b>seguran\u00e7a com um toque contempor\u00e2neo<\/b> e natural.<\/p>\n<h3>Transforme a fachada do seu lar com essas dicas!<\/h3>\n<p>Agora que voc\u00ea j\u00e1 sabe o poder de uma fachada bem planejada, que tal come\u00e7ar a preparar o visual da sua casa?<\/p>\n<p>Cada detalhe pode fazer toda a diferen\u00e7a para seu lar ser <b>mais valorizado, seguro e acolhedor<\/b>.<\/p>\n<p>Curtiu as dicas? Deixe seu coment\u00e1rio contando qual estilo voc\u00ea quer para sua casa e continue navegando para conferir mais inspira\u00e7\u00f5es!<\/p>\n<img decoding=\"async\" src=\"https:\/\/www.aarquiteta.com.br\/blog\/wp-content\/uploads\/2026\/02\/Fachadas-Elegantes-Guia-Completo-para-Transformar-a-Frente-da-Sua-Casa-04.jpg\" alt=\"Fachadas Elegantes: Guia Completo para Transformar a Frente da Sua Casa\" width=\"1024\" height=\"1024\" title=\"\"> Fachadas Elegantes: Guia Completo para Transformar a Frente da Sua Casa\/caption]\n","protected":false},"excerpt":{"rendered":"<p>Quer saber como transformar a fachada da sua casa em um cart\u00e3o de visitas elegante? Vou te mostrar as melhores dicas para valorizar sua entrada com estilo e personalidade! Por que fachadas elegantes s\u00e3o t\u00e3o importantes? Uma fachada elegante \u00e9 a porta de entrada para a alma da sua casa. \u00c9 atrav\u00e9s dela que visitantes [&hellip;]<\/p>\n","protected":false},"author":20,"featured_media":156740,"comment_status":"open","ping_status":"","sticky":false,"template":"","format":"standard","meta":{"footnotes":""},"categories":[],"tags":[],"class_list":["post-156741","post","type-post","status-publish","format-standard","has-post-thumbnail"],"_wp_attached_file":null,"_wp_attachment_metadata":null,"_wp_attachment_context":null,"_wp_attachment_is_custom_header":null,"geo_longitude":null,"geo_public":null,"geo_latitude":null,"_publicize_done_external":null,"_wpas_done_3897181":null,"publicize_twitter_user":null,"_wpas_done_3897175":null,"_wpas_skip_3897181":null,"_wpas_skip_3897175":null,"_wpas_skip_3924723":null,"_wpas_mess":null,"_wpas_done_3924723":null,"wps_subtitle":"","_links":{"self":[{"href":"https:\/\/www.aarquiteta.com.br\/blog\/wp-json\/wp\/v2\/posts\/156741","targetHints":{"allow":["GET"]}}],"collection":[{"href":"https:\/\/www.aarquiteta.com.br\/blog\/wp-json\/wp\/v2\/posts"}],"about":[{"href":"https:\/\/www.aarquiteta.com.br\/blog\/wp-json\/wp\/v2\/types\/post"}],"author":[{"embeddable":true,"href":"https:\/\/www.aarquiteta.com.br\/blog\/wp-json\/wp\/v2\/users\/20"}],"replies":[{"embeddable":true,"href":"https:\/\/www.aarquiteta.com.br\/blog\/wp-json\/wp\/v2\/comments?post=156741"}],"version-history":[{"count":0,"href":"https:\/\/www.aarquiteta.com.br\/blog\/wp-json\/wp\/v2\/posts\/156741\/revisions"}],"wp:featuredmedia":[{"embeddable":true,"href":"https:\/\/www.aarquiteta.com.br\/blog\/wp-json\/wp\/v2\/media\/156740"}],"wp:attachment":[{"href":"https:\/\/www.aarquiteta.com.br\/blog\/wp-json\/wp\/v2\/media?parent=156741"}],"wp:term":[{"taxonomy":"category","embeddable":true,"href":"https:\/\/www.aarquiteta.com.br\/blog\/wp-json\/wp\/v2\/categories?post=156741"},{"taxonomy":"post_tag","embeddable":true,"href":"https:\/\/www.aarquiteta.com.br\/blog\/wp-json\/wp\/v2\/tags?post=156741"}],"curies":[{"name":"wp","href":"https:\/\/api.w.org\/{rel}","templated":true}]}}