{"id":156736,"date":"2026-02-18T08:02:11","date_gmt":"2026-02-18T11:02:11","guid":{"rendered":"https:\/\/www.aarquiteta.com.br\/blog\/cortina-para-quarto-de-bebe\/"},"modified":"2026-02-18T08:02:11","modified_gmt":"2026-02-18T11:02:11","slug":"cortina-para-quarto-de-bebe","status":"publish","type":"post","link":"https:\/\/www.aarquiteta.com.br\/blog\/cortina-para-quarto-de-bebe\/","title":{"rendered":"Cortinas delicadas e pr\u00e1ticas para criar um quarto de beb\u00ea aconchegante e funcional"},"content":{"rendered":"<p><b>Cortinas delicadas e pr\u00e1ticas s\u00e3o essenciais para criar um quarto de beb\u00ea aconchegante e funcional.<\/b> Elas ajudam a controlar a luz e deixam o ambiente mais confort\u00e1vel para o sono dos pequenos.<\/p>\n<h3>Por que escolher cortinas delicadas para o quarto do beb\u00ea<\/h3>\n<p>Voc\u00ea j\u00e1 percebeu como a cortina certa pode transformar o quarto do beb\u00ea? Al\u00e9m de estilo, ela traz <b>conforto e prote\u00e7\u00e3o contra a luz excessiva.<\/b><\/p>\n<p>O beb\u00ea precisa de um ambiente tranquilo para dormir bem durante o dia e a noite. <b>Cortinas leves e de tecidos suaves ajudam a criar essa atmosfera acolhedora.<\/b><\/p>\n<p>Por isso, investir em cortinas que combinem delicadeza e funcionalidade \u00e9 essencial para o projeto do quarto.<\/p>\n<img decoding=\"async\" src=\"https:\/\/www.aarquiteta.com.br\/blog\/wp-content\/uploads\/2026\/02\/Cortinas-delicadas-e-pryticas-para-criar-um-quarto-de-beby-aconchegante-e-funcional-01.jpg\" alt=\"Cortinas delicadas e pr\u00e1ticas para criar um quarto de beb\u00ea aconchegante e funcional\" width=\"1024\" height=\"1024\" title=\"\"> Cortinas delicadas e pr\u00e1ticas para criar um quarto de beb\u00ea aconchegante e funcional\/caption]\n<h3>Tipos de tecidos ideais para cortinas de beb\u00ea<\/h3>\n<ul>\n<li><b>Tecido leve e transparente:<\/b> permite a entrada suave da luz, mantendo o espa\u00e7o iluminado e calmo.<\/li>\n<li><b>Blackout:<\/b> \u00f3timo para bloquear a luz natural e garantir sonecas durante o dia.<\/li>\n<li><b>Linho e algod\u00e3o:<\/b> conferem um toque r\u00fastico e natural, al\u00e9m de serem agrad\u00e1veis ao toque.<\/li>\n<li><b>TNT:<\/b> uma op\u00e7\u00e3o econ\u00f4mica e pr\u00e1tica para quem busca facilidade na limpeza.<\/li>\n<\/ul>\n<h3>Como escolher a cor perfeita da cortina para o quarto do beb\u00ea<\/h3>\n<p>Tons neutros, como branco, bege e cinza, s\u00e3o <b>cl\u00e1ssicos e combinam com diversos estilos decorativos.<\/b><\/p>\n<p>Para meninas, cores suaves como rosa e lil\u00e1s trazem delicadeza. Para meninos, o azul \u00e9 uma escolha comum.<\/p>\n<p>Mas tamb\u00e9m vale apostar em <b>cores vibrantes ou texturas diferentes para dar personalidade ao ambiente.<\/b><\/p>\n<img decoding=\"async\" src=\"https:\/\/www.aarquiteta.com.br\/blog\/wp-content\/uploads\/2026\/02\/Cortinas-delicadas-e-pryticas-para-criar-um-quarto-de-beby-aconchegante-e-funcional-02.jpg\" alt=\"Cortinas delicadas e pr\u00e1ticas para criar um quarto de beb\u00ea aconchegante e funcional\" width=\"1024\" height=\"1024\" title=\"\"> Cortinas delicadas e pr\u00e1ticas para criar um quarto de beb\u00ea aconchegante e funcional\/caption]\n<h3>Modelos de cortinas que unem beleza e praticidade<\/h3>\n<ul>\n<li><b>Cortina romana:<\/b> moderna e elegante, f\u00e1cil de limpar e controlar a luz.<\/li>\n<li><b>Persianas:<\/b> funcionais para bloquear luz e regular temperatura.<\/li>\n<li><b>Cortinas tradicionais:<\/b> vers\u00e1teis e com grande variedade de tecidos.<\/li>\n<\/ul>\n<h3>Cuidados para manter a seguran\u00e7a do beb\u00ea com cortinas<\/h3>\n<p><b>Evite cortinas com cordinhas ao alcance da crian\u00e7a<\/b>, pois podem representar risco de acidentes.<\/p>\n<p>Prefira modelos com cortineiros que escondam os trilhos e mecanismos, deixando o ambiente seguro.<\/p>\n<p>Al\u00e9m disso, mantenha as cortinas longe do ber\u00e7o para maior prote\u00e7\u00e3o dos pequenos.<\/p>\n<img decoding=\"async\" src=\"https:\/\/www.aarquiteta.com.br\/blog\/wp-content\/uploads\/2026\/02\/Cortinas-delicadas-e-pryticas-para-criar-um-quarto-de-beby-aconchegante-e-funcional-03.jpg\" alt=\"Cortinas delicadas e pr\u00e1ticas para criar um quarto de beb\u00ea aconchegante e funcional\" width=\"1024\" height=\"1024\" title=\"\"> Cortinas delicadas e pr\u00e1ticas para criar um quarto de beb\u00ea aconchegante e funcional\/caption]\n<h3>Passo a passo simples para fazer cortinas em casa<\/h3>\n<p>Quer economizar? Voc\u00ea pode criar uma cortina delicada com poucos materiais, como <b>tecido, ilh\u00f3s e linha.<\/b><\/p>\n<p>Existem tutoriais f\u00e1ceis para fazer desde cortinas b\u00e1sicas at\u00e9 modelos com blackout ou estampas divertidas, como nuvens e cora\u00e7\u00f5es.<\/p>\n<p>Sem m\u00e1quina de costura? Use cola para tecido e monte uma pe\u00e7a pr\u00e1tica e funcional.<\/p>\n<h3>Comparativo r\u00e1pido: cortinas para quarto de beb\u00ea<\/h3>\n<table border=\"1\" cellpadding=\"5\" cellspacing=\"0\" style=\"border-collapse: collapse; width: 100%;\">\n<tr style=\"background-color: #f2f2f2;\">\n<th>Modelo<\/th>\n<th>Vantagens<\/th>\n<th>Desvantagens<\/th>\n<th>Ideal para<\/th>\n<\/tr>\n<tr>\n<td>Blackout<\/td>\n<td>Bloqueia totalmente a luz, \u00f3timo para sonecas diurnas<\/td>\n<td>Pode deixar o ambiente escuro demais<\/td>\n<td>Quartos com muita luz solar<\/td>\n<\/tr>\n<tr>\n<td>Cortina leve (voil, organza)<\/td>\n<td>Ilumina\u00e7\u00e3o suave e ambiente delicado<\/td>\n<td>N\u00e3o bloqueia a luz completamente<\/td>\n<td>Ambientes com luz controlada<\/td>\n<\/tr>\n<tr>\n<td>Persianas<\/td>\n<td>F\u00e1cil controle da luz e modernidade<\/td>\n<td>Limpeza pode ser mais trabalhosa<\/td>\n<td>Quartos com sol forte<\/td>\n<\/tr>\n<tr>\n<td>Cortina dupla<\/td>\n<td>Combina bloqueio e delicadeza<\/td>\n<td>Requer espa\u00e7o maior para instala\u00e7\u00e3o<\/td>\n<td>Quartos amplos e funcionais<\/td>\n<\/tr>\n<\/table>\n<h3>Dicas finais para deixar o quarto ainda mais aconchegante<\/h3>\n<ul>\n<li><b>Combine a cortina com o restante da decora\u00e7\u00e3o<\/b> para criar harmonia visual e sensa\u00e7\u00e3o de calma.<\/li>\n<li>Invista em <b>toques delicados, como la\u00e7os e detalhes em tecido<\/b> para um charme especial.<\/li>\n<li>Lembre-se de manter a cortina <b>fora do alcance do beb\u00ea<\/b>, priorizando a seguran\u00e7a.<\/li>\n<\/ul>\n<p>Agora que voc\u00ea conhece as melhores op\u00e7\u00f5es de cortinas delicadas e pr\u00e1ticas, que tal colocar a m\u00e3o na massa?<\/p>\n<p><b>Deixe seu coment\u00e1rio contando qual modelo voc\u00ea prefere e compartilhe essa ideia com outros papais!<\/b> Continue navegando para mais dicas incr\u00edveis de decora\u00e7\u00e3o para o quarto do beb\u00ea.<\/p>\n<img decoding=\"async\" src=\"https:\/\/www.aarquiteta.com.br\/blog\/wp-content\/uploads\/2026\/02\/Cortinas-delicadas-e-pryticas-para-criar-um-quarto-de-beby-aconchegante-e-funcional-04.jpg\" alt=\"Cortinas delicadas e pr\u00e1ticas para criar um quarto de beb\u00ea aconchegante e funcional\" width=\"1024\" height=\"1024\" title=\"\"> Cortinas delicadas e pr\u00e1ticas para criar um quarto de beb\u00ea aconchegante e funcional\/caption]\n","protected":false},"excerpt":{"rendered":"<p>Cortinas delicadas e pr\u00e1ticas s\u00e3o essenciais para criar um quarto de beb\u00ea aconchegante e funcional. Elas ajudam a controlar a luz e deixam o ambiente mais confort\u00e1vel para o sono dos pequenos. Por que escolher cortinas delicadas para o quarto do beb\u00ea Voc\u00ea j\u00e1 percebeu como a cortina certa pode transformar o quarto do beb\u00ea? [&hellip;]<\/p>\n","protected":false},"author":20,"featured_media":156735,"comment_status":"open","ping_status":"","sticky":false,"template":"","format":"standard","meta":{"footnotes":""},"categories":[],"tags":[],"class_list":["post-156736","post","type-post","status-publish","format-standard","has-post-thumbnail"],"_wp_attached_file":null,"_wp_attachment_metadata":null,"_wp_attachment_context":null,"_wp_attachment_is_custom_header":null,"geo_longitude":null,"geo_public":null,"geo_latitude":null,"_publicize_done_external":null,"_wpas_done_3897181":null,"publicize_twitter_user":null,"_wpas_done_3897175":null,"_wpas_skip_3897181":null,"_wpas_skip_3897175":null,"_wpas_skip_3924723":null,"_wpas_mess":null,"_wpas_done_3924723":null,"wps_subtitle":"","_links":{"self":[{"href":"https:\/\/www.aarquiteta.com.br\/blog\/wp-json\/wp\/v2\/posts\/156736","targetHints":{"allow":["GET"]}}],"collection":[{"href":"https:\/\/www.aarquiteta.com.br\/blog\/wp-json\/wp\/v2\/posts"}],"about":[{"href":"https:\/\/www.aarquiteta.com.br\/blog\/wp-json\/wp\/v2\/types\/post"}],"author":[{"embeddable":true,"href":"https:\/\/www.aarquiteta.com.br\/blog\/wp-json\/wp\/v2\/users\/20"}],"replies":[{"embeddable":true,"href":"https:\/\/www.aarquiteta.com.br\/blog\/wp-json\/wp\/v2\/comments?post=156736"}],"version-history":[{"count":0,"href":"https:\/\/www.aarquiteta.com.br\/blog\/wp-json\/wp\/v2\/posts\/156736\/revisions"}],"wp:featuredmedia":[{"embeddable":true,"href":"https:\/\/www.aarquiteta.com.br\/blog\/wp-json\/wp\/v2\/media\/156735"}],"wp:attachment":[{"href":"https:\/\/www.aarquiteta.com.br\/blog\/wp-json\/wp\/v2\/media?parent=156736"}],"wp:term":[{"taxonomy":"category","embeddable":true,"href":"https:\/\/www.aarquiteta.com.br\/blog\/wp-json\/wp\/v2\/categories?post=156736"},{"taxonomy":"post_tag","embeddable":true,"href":"https:\/\/www.aarquiteta.com.br\/blog\/wp-json\/wp\/v2\/tags?post=156736"}],"curies":[{"name":"wp","href":"https:\/\/api.w.org\/{rel}","templated":true}]}}