{"id":156711,"date":"2026-02-16T16:02:41","date_gmt":"2026-02-16T19:02:41","guid":{"rendered":"https:\/\/www.aarquiteta.com.br\/blog\/floreira-de-parede-7\/"},"modified":"2026-02-16T16:02:41","modified_gmt":"2026-02-16T19:02:41","slug":"floreira-de-parede-7","status":"publish","type":"post","link":"https:\/\/www.aarquiteta.com.br\/blog\/floreira-de-parede-7\/","title":{"rendered":"Floreiras de parede: ideias e passo a passo para transformar seu espa\u00e7o com charme natural"},"content":{"rendered":"<p><b>Floreiras de parede s\u00e3o a solu\u00e7\u00e3o perfeita para quem quer decorar com plantas, mesmo em espa\u00e7os pequenos e variados.<\/b> Desde varandas at\u00e9 cozinhas, esse item traz mais vida e charme natural para qualquer ambiente.<\/p>\n<h3>O que \u00e9 uma floreira de parede e por que adot\u00e1-la<\/h3>\n<p>Voc\u00ea sabia que a floreira de parede \u00e9 ideal para quem quer aproveitar espa\u00e7os limitados?<\/p>\n<p>Ela permite cultivar plantas sem ocupar \u00e1rea no ch\u00e3o.<\/p>\n<p>Al\u00e9m disso, valoriza a decora\u00e7\u00e3o com um toque verde super natural.<\/p>\n<img decoding=\"async\" src=\"https:\/\/www.aarquiteta.com.br\/blog\/wp-content\/uploads\/2026\/02\/Floreiras-de-parede-ideias-e-passo-a-passo-para-transformar-seu-espayo-com-charme-natural-01.jpg\" alt=\"Floreiras de parede: ideias e passo a passo para transformar seu espa\u00e7o com charme natural\" width=\"1024\" height=\"1024\" title=\"\"> Floreiras de parede: ideias e passo a passo para transformar seu espa\u00e7o com charme natural\/caption]\n<h3>Materiais mais usados para floreiras de parede<\/h3>\n<ul>\n<li><b>Madeira:<\/b> r\u00fastica e vers\u00e1til, \u00e9 a queridinha de muitos decoradores.<\/li>\n<li><b>Ferro:<\/b> moderno e resistente, combina com v\u00e1rios estilos.<\/li>\n<li><b>Pl\u00e1stico:<\/b> leve e f\u00e1cil de limpar, uma op\u00e7\u00e3o pr\u00e1tica.<\/li>\n<li><b>Alternativas criativas:<\/b> pneus, prateleiras e pallets reaproveitados d\u00e3o um charme extra e sustent\u00e1vel.<\/li>\n<\/ul>\n<h3>Como escolher a melhor floreira de parede para seu espa\u00e7o<\/h3>\n<ul>\n<li>Defina se quer uma floreira para um vaso ou para v\u00e1rios.<\/li>\n<li>Considere o tamanho e o peso da pe\u00e7a para a parede.<\/li>\n<li>Avalie o ambiente: interno, varanda, cozinha ou fachada.<\/li>\n<li>Pense no estilo: r\u00fastico, moderno, colorido ou minimalista.<\/li>\n<\/ul>\n<img decoding=\"async\" src=\"https:\/\/www.aarquiteta.com.br\/blog\/wp-content\/uploads\/2026\/02\/Floreiras-de-parede-ideias-e-passo-a-passo-para-transformar-seu-espayo-com-charme-natural-02.jpg\" alt=\"Floreiras de parede: ideias e passo a passo para transformar seu espa\u00e7o com charme natural\" width=\"1024\" height=\"1024\" title=\"\"> Floreiras de parede: ideias e passo a passo para transformar seu espa\u00e7o com charme natural\/caption]\n<h3>Benef\u00edcios de usar floreira na decora\u00e7\u00e3o da casa<\/h3>\n<p><b>Aproveitar espa\u00e7os verticais \u00e9 um grande ganho para quem tem \u00e1reas pequenas.<\/b><\/p>\n<p>Al\u00e9m de embelezar, <b>floreiras ajudam a purificar o ar e criar um clima mais aconchegante.<\/b><\/p>\n<p>Elas ainda trazem uma energia positiva e sensa\u00e7\u00e3o de contato com a natureza.<\/p>\n<table border=\"1\" cellpadding=\"8\" cellspacing=\"0\" style=\"border-collapse: collapse; margin: 15px 0;\">\n<thead>\n<tr>\n<th>Material<\/th>\n<th>Vantagens<\/th>\n<th>Indica\u00e7\u00e3o<\/th>\n<th>Cuidados<\/th>\n<\/tr>\n<\/thead>\n<tbody>\n<tr>\n<td>Madeira<\/td>\n<td>Est\u00e9tica natural, resist\u00eancia<\/td>\n<td>Ambientes internos e externos<\/td>\n<td>Impermeabilizar para evitar apodrecimento<\/td>\n<\/tr>\n<tr>\n<td>Ferro<\/td>\n<td>Durabilidade, visual moderno<\/td>\n<td>Varandas e fachadas<\/td>\n<td>Evitar ferrugem, aplicar tinta espec\u00edfica<\/td>\n<\/tr>\n<tr>\n<td>Pl\u00e1stico<\/td>\n<td>Leveza, facilidade de limpeza<\/td>\n<td>Locais internos, cozinha<\/td>\n<td>Verificar qualidade para resistir ao sol<\/td>\n<\/tr>\n<tr>\n<td>Itens reaproveitados (pneus, pallets)<\/td>\n<td>Sustentabilidade, criatividade<\/td>\n<td>Jardins, \u00e1reas externas<\/td>\n<td>Preparar superf\u00edcie e seguran\u00e7a<\/td>\n<\/tr>\n<\/tbody>\n<\/table>\n<img decoding=\"async\" src=\"https:\/\/www.aarquiteta.com.br\/blog\/wp-content\/uploads\/2026\/02\/Floreiras-de-parede-ideias-e-passo-a-passo-para-transformar-seu-espayo-com-charme-natural-03.jpg\" alt=\"Floreiras de parede: ideias e passo a passo para transformar seu espa\u00e7o com charme natural\" width=\"1024\" height=\"1024\" title=\"\"> Floreiras de parede: ideias e passo a passo para transformar seu espa\u00e7o com charme natural\/caption]\n<h3>Passo a passo simples para fazer sua floreira de parede de madeira<\/h3>\n<ul>\n<li>Re\u00fana ripas de madeira, serrote, martelo, chave de fenda e tinta ou stain.<\/li>\n<li>Corte as ripas no tamanho desejado, formando a base e laterais.<\/li>\n<li>Monte a estrutura com parafusos, dando firmeza ao conjunto.<\/li>\n<li>Fa\u00e7a o acabamento com a tinta para proteger da umidade e dar charme.<\/li>\n<li>Finalize colocando seu vaso ou plantinhas favoritas.<\/li>\n<\/ul>\n<h3>Melhores plantas para floreiras de parede<\/h3>\n<ul>\n<li><b>Suculentas:<\/b> baix\u00edssima manuten\u00e7\u00e3o e visual moderno.<\/li>\n<li><b>Orqu\u00eddeas:<\/b> delicadas e sofisticadas para ambientes internos.<\/li>\n<li><b>Ervas arom\u00e1ticas:<\/b> \u00f3timas para quem adora cozinhar com temperos fresquinhos.<\/li>\n<li><b>Plantas pendentes:<\/b> como a hera, que criam movimento e fluidez.<\/li>\n<\/ul>\n<h3>Dicas para posicionar sua floreira de parede<\/h3>\n<ul>\n<li>Prefira locais com ilumina\u00e7\u00e3o adequada para cada tipo de planta.<\/li>\n<li>Varandas e janelas s\u00e3o \u00f3timos pontos para aproveitar luz natural.<\/li>\n<li>Evite instalar em paredes muito \u00famidas para preservar o material.<\/li>\n<li>Combine v\u00e1rias flores ou plantas para um visual mais vibrante.<\/li>\n<\/ul>\n<h3>Como manter e cuidar da sua floreira montada<\/h3>\n<p><b>Regue as plantas conforme necessidade, evitando excesso de \u00e1gua para n\u00e3o danificar a floreira.<\/b><\/p>\n<p>Lembre-se de adubar regularmente para garantir sa\u00fade e vigor das plantas.<\/p>\n<p>Fa\u00e7a limpeza da estrutura para preservar a beleza e durabilidade da pe\u00e7a.<\/p>\n<p>Agora que voc\u00ea j\u00e1 conhece as vantagens e passo a passo, que tal come\u00e7ar hoje mesmo?<\/p>\n<p><b>Transforme paredes vazias em jardins verticais incr\u00edveis e cheios de charme natural!<\/b><\/p>\n<p>Conte aqui nos coment\u00e1rios qual tipo de floreira chamou mais sua aten\u00e7\u00e3o!<\/p>\n<h3>Explore tamb\u00e9m:<\/h3>\n<ul>\n<li>Como escolher vasos para plantas pequenas<\/li>\n<li>Dicas para varanda verde e aconchegante<\/li>\n<li>Inspira\u00e7\u00f5es de decora\u00e7\u00e3o sustent\u00e1vel com pallets<\/li>\n<li>Top plantas que purificam o ar da sua casa<\/li>\n<\/ul>\n<img decoding=\"async\" src=\"https:\/\/www.aarquiteta.com.br\/blog\/wp-content\/uploads\/2026\/02\/Floreiras-de-parede-ideias-e-passo-a-passo-para-transformar-seu-espayo-com-charme-natural-04.jpg\" alt=\"Floreiras de parede: ideias e passo a passo para transformar seu espa\u00e7o com charme natural\" width=\"1024\" height=\"1024\" title=\"\"> Floreiras de parede: ideias e passo a passo para transformar seu espa\u00e7o com charme natural\/caption]\n","protected":false},"excerpt":{"rendered":"<p>Floreiras de parede s\u00e3o a solu\u00e7\u00e3o perfeita para quem quer decorar com plantas, mesmo em espa\u00e7os pequenos e variados. Desde varandas at\u00e9 cozinhas, esse item traz mais vida e charme natural para qualquer ambiente. O que \u00e9 uma floreira de parede e por que adot\u00e1-la Voc\u00ea sabia que a floreira de parede \u00e9 ideal para [&hellip;]<\/p>\n","protected":false},"author":20,"featured_media":156710,"comment_status":"open","ping_status":"","sticky":false,"template":"","format":"standard","meta":{"footnotes":""},"categories":[],"tags":[],"class_list":["post-156711","post","type-post","status-publish","format-standard","has-post-thumbnail"],"_wp_attached_file":null,"_wp_attachment_metadata":null,"_wp_attachment_context":null,"_wp_attachment_is_custom_header":null,"geo_longitude":null,"geo_public":null,"geo_latitude":null,"_publicize_done_external":null,"_wpas_done_3897181":null,"publicize_twitter_user":null,"_wpas_done_3897175":null,"_wpas_skip_3897181":null,"_wpas_skip_3897175":null,"_wpas_skip_3924723":null,"_wpas_mess":null,"_wpas_done_3924723":null,"wps_subtitle":"","_links":{"self":[{"href":"https:\/\/www.aarquiteta.com.br\/blog\/wp-json\/wp\/v2\/posts\/156711","targetHints":{"allow":["GET"]}}],"collection":[{"href":"https:\/\/www.aarquiteta.com.br\/blog\/wp-json\/wp\/v2\/posts"}],"about":[{"href":"https:\/\/www.aarquiteta.com.br\/blog\/wp-json\/wp\/v2\/types\/post"}],"author":[{"embeddable":true,"href":"https:\/\/www.aarquiteta.com.br\/blog\/wp-json\/wp\/v2\/users\/20"}],"replies":[{"embeddable":true,"href":"https:\/\/www.aarquiteta.com.br\/blog\/wp-json\/wp\/v2\/comments?post=156711"}],"version-history":[{"count":0,"href":"https:\/\/www.aarquiteta.com.br\/blog\/wp-json\/wp\/v2\/posts\/156711\/revisions"}],"wp:featuredmedia":[{"embeddable":true,"href":"https:\/\/www.aarquiteta.com.br\/blog\/wp-json\/wp\/v2\/media\/156710"}],"wp:attachment":[{"href":"https:\/\/www.aarquiteta.com.br\/blog\/wp-json\/wp\/v2\/media?parent=156711"}],"wp:term":[{"taxonomy":"category","embeddable":true,"href":"https:\/\/www.aarquiteta.com.br\/blog\/wp-json\/wp\/v2\/categories?post=156711"},{"taxonomy":"post_tag","embeddable":true,"href":"https:\/\/www.aarquiteta.com.br\/blog\/wp-json\/wp\/v2\/tags?post=156711"}],"curies":[{"name":"wp","href":"https:\/\/api.w.org\/{rel}","templated":true}]}}