{"id":156706,"date":"2026-02-16T08:02:40","date_gmt":"2026-02-16T11:02:40","guid":{"rendered":"https:\/\/www.aarquiteta.com.br\/blog\/banheiro-masculino-2\/"},"modified":"2026-02-16T08:02:40","modified_gmt":"2026-02-16T11:02:40","slug":"banheiro-masculino-2","status":"publish","type":"post","link":"https:\/\/www.aarquiteta.com.br\/blog\/banheiro-masculino-2\/","title":{"rendered":"Estilo e personalidade na decora\u00e7\u00e3o do banheiro masculino: ideias para um ambiente marcante"},"content":{"rendered":"<p><b>Quer transformar seu banheiro masculino com estilo e personalidade de verdade?<\/b> Descubra ideias incr\u00edveis para criar um espa\u00e7o marcante e cheio de atitude.<\/p>\n<h3>Como a personalidade influencia na decora\u00e7\u00e3o do banheiro masculino<\/h3>\n<p>Voc\u00ea j\u00e1 sentiu que um ambiente reflete quem voc\u00ea \u00e9? No banheiro, isso n\u00e3o \u00e9 diferente. <b>Usar cores, texturas e elementos que falem sobre voc\u00ea<\/b> deixa o espa\u00e7o \u00fanico e cheio de significado.<\/p>\n<p>Um banheiro masculino n\u00e3o precisa ser s\u00f3 funcional. Ele pode ser <b>um ambiente que traduz seu estilo e criatividade<\/b>, onde cada detalhe conta uma hist\u00f3ria ou transmite uma sensa\u00e7\u00e3o.<\/p>\n<img decoding=\"async\" src=\"https:\/\/www.aarquiteta.com.br\/blog\/wp-content\/uploads\/2026\/02\/Estilo-e-personalidade-na-decorayyo-do-banheiro-masculino-ideias-para-um-ambiente-marcante-01.jpg\" alt=\"Estilo e personalidade na decora\u00e7\u00e3o do banheiro masculino: ideias para um ambiente marcante\" width=\"1024\" height=\"1024\" title=\"\"> Estilo e personalidade na decora\u00e7\u00e3o do banheiro masculino: ideias para um ambiente marcante\/caption]\n<h3>Cores que expressam for\u00e7a e eleg\u00e2ncia no banheiro masculino<\/h3>\n<p><b>O preto \u00e9 rei nesse cen\u00e1rio<\/b>. Ele traz for\u00e7a e sofistica\u00e7\u00e3o logo na primeira olhada. Quando combinado com cinza ou branco, o resultado \u00e9 um visual moderno e equilibrado.<\/p>\n<p>Mas n\u00e3o tenha medo de ousar: tons de azul ou at\u00e9 amarelo d\u00e3o uma cara mais vibrante e personalizada para o espa\u00e7o, <b>abrindo espa\u00e7o para um toque de exclusividade<\/b>.<\/p>\n<h3>Materiais e texturas que acrescentam personalidade e aconchego<\/h3>\n<p><b>Madeira e cimento queimado s\u00e3o aliados poderosos.<\/b> A madeira aquece o ambiente trazendo um lado r\u00fastico e acolhedor, enquanto o cimento cria uma atmosfera industrial e urbana, perfeita para um banheiro com cara de cara.<\/p>\n<p>Experimente misturar pedras naturais, azulejos diferenciados ou pastilhas para criar um efeito visual \u00fanico e cheio de personalidade.<\/p>\n<img decoding=\"async\" src=\"https:\/\/www.aarquiteta.com.br\/blog\/wp-content\/uploads\/2026\/02\/Estilo-e-personalidade-na-decorayyo-do-banheiro-masculino-ideias-para-um-ambiente-marcante-02.jpg\" alt=\"Estilo e personalidade na decora\u00e7\u00e3o do banheiro masculino: ideias para um ambiente marcante\" width=\"1024\" height=\"1024\" title=\"\"> Estilo e personalidade na decora\u00e7\u00e3o do banheiro masculino: ideias para um ambiente marcante\/caption]\n<h3>Organiza\u00e7\u00e3o e praticidade aliadas ao estilo<\/h3>\n<p>Banheiro masculino n\u00e3o \u00e9 s\u00f3 estilo. <b>Espa\u00e7os bem organizados s\u00e3o essenciais para facilitar o dia a dia.<\/b> Pe\u00e7as em serralheria ajudam na organiza\u00e7\u00e3o e complementam a decora\u00e7\u00e3o industrial com charme.<\/p>\n<p>Itens pr\u00e1ticos, como nichos, suportes criativos e ilumina\u00e7\u00e3o estrat\u00e9gica, garantem beleza e funcionalidade na medida certa.<\/p>\n<h3>Ilumina\u00e7\u00e3o que valoriza o estilo masculino<\/h3>\n<p><b>Uma boa ilumina\u00e7\u00e3o real\u00e7a cada detalhe da decora\u00e7\u00e3o.<\/b> Luzes direcionadas e pontos de foco criam um efeito dram\u00e1tico e sofisticado.<\/p>\n<p>Voc\u00ea pode brincar com luzes quentes e frias para mudar o humor do ambiente, aumentando ainda mais a express\u00e3o da sua personalidade.<\/p>\n<img decoding=\"async\" src=\"https:\/\/www.aarquiteta.com.br\/blog\/wp-content\/uploads\/2026\/02\/Estilo-e-personalidade-na-decorayyo-do-banheiro-masculino-ideias-para-um-ambiente-marcante-03.jpg\" alt=\"Estilo e personalidade na decora\u00e7\u00e3o do banheiro masculino: ideias para um ambiente marcante\" width=\"1024\" height=\"1024\" title=\"\"> Estilo e personalidade na decora\u00e7\u00e3o do banheiro masculino: ideias para um ambiente marcante\/caption]\n<h3>Inspira\u00e7\u00f5es e estilos para diferentes gostos<\/h3>\n<p>Gostar de um clima retr\u00f4, moderno, minimalista ou industrial? <b>O segredo \u00e9 escolher o estilo que combina com voc\u00ea<\/b>.<\/p>\n<p>Banheiros minimalistas focam em linhas retas e cores neutras, j\u00e1 o estilo industrial usa tubula\u00e7\u00f5es \u00e0 mostra e metais pretos para dar um visual mais urbano.<\/p>\n<h3>Dicas para banheiros masculinos pequenos com grande impacto<\/h3>\n<p>N\u00e3o tem muito espa\u00e7o? Sem problemas! <b>Tons claros, espelhos grandes e ilumina\u00e7\u00e3o s\u00e3o fundamentais<\/b> para ampliar o espa\u00e7o visualmente e manter o estilo.<\/p>\n<p>Escolher m\u00f3veis compactos e pr\u00e1ticos, al\u00e9m de aproveitar nichos, ajuda a manter a organiza\u00e7\u00e3o e o charme no tamanho certo.<\/p>\n<h3>Como usar objetos e detalhes para deixar a decora\u00e7\u00e3o com a sua cara<\/h3>\n<p><b>Pe\u00e7as criativas fazem toda a diferen\u00e7a.<\/b> Um tambor antigo que vira apoio, quadros, telas ou revestimentos especiais trazem charme e exclusividade.<\/p>\n<p>O segredo \u00e9 combinar o funcional ao visual para que seu banheiro seja t\u00e3o pr\u00e1tico quanto marcante.<\/p>\n<table border=\"1\" cellspacing=\"0\" cellpadding=\"8\" style=\"border-collapse: collapse; width: 100%; margin: 20px 0;\">\n<thead>\n<tr style=\"background: #333; color: #fff;\">\n<th>Elemento<\/th>\n<th>Dica para estilo masculino<\/th>\n<th>Benef\u00edcio<\/th>\n<\/tr>\n<\/thead>\n<tbody>\n<tr>\n<td>Cor preta<\/td>\n<td>Use como base, combine com branco ou cinza<\/td>\n<td>Cria sofistica\u00e7\u00e3o e dramaticidade<\/td>\n<\/tr>\n<tr>\n<td>Madeira<\/td>\n<td>Detalhes em mobili\u00e1rio ou revestimento<\/td>\n<td>Aquece e deixa o ambiente acolhedor<\/td>\n<\/tr>\n<tr>\n<td>Cimento queimado<\/td>\n<td>Revestimento de parede ou bancada<\/td>\n<td>Visual industrial e moderno<\/td>\n<\/tr>\n<tr>\n<td>Ilumina\u00e7\u00e3o<\/td>\n<td>Luzes direcionadas e quentes<\/td>\n<td>Valoriza texturas e cria clima<\/td>\n<\/tr>\n<tr>\n<td>Organiza\u00e7\u00e3o em serralheria<\/td>\n<td>Prateleiras e nichos met\u00e1licos<\/td>\n<td>Praticidade e estilo urbano<\/td>\n<\/tr>\n<\/tbody>\n<\/table>\n<p>Ter um banheiro masculino cheio de estilo \u00e9 mais simples do que parece. Basta deixar sua personalidade guiar as escolhas.<\/p>\n<p>Cores fortes, materiais bem escolhidos, ilumina\u00e7\u00e3o planejada e detalhes personalizados criam um ambiente com sua cara e cheio de charme.<\/p>\n<p>Ent\u00e3o, que tal come\u00e7ar a transformar seu banheiro para refletir sua identidade e deixar uma impress\u00e3o inesquec\u00edvel?<\/p>\n<p><b>Deixe sua opini\u00e3o nos coment\u00e1rios e compartilhe suas ideias para inspirar outros leitores!<\/b><\/p>\n<p><i>Quer continuar descobrindo dicas para deixar sua casa ainda mais estilosa? Confira tamb\u00e9m nossos conte\u00fados sobre decora\u00e7\u00e3o masculina e espa\u00e7os pequenos!<\/i><\/p>\n<img decoding=\"async\" src=\"https:\/\/www.aarquiteta.com.br\/blog\/wp-content\/uploads\/2026\/02\/Estilo-e-personalidade-na-decorayyo-do-banheiro-masculino-ideias-para-um-ambiente-marcante-04.jpg\" alt=\"Estilo e personalidade na decora\u00e7\u00e3o do banheiro masculino: ideias para um ambiente marcante\" width=\"1024\" height=\"1024\" title=\"\"> Estilo e personalidade na decora\u00e7\u00e3o do banheiro masculino: ideias para um ambiente marcante\/caption]\n","protected":false},"excerpt":{"rendered":"<p>Quer transformar seu banheiro masculino com estilo e personalidade de verdade? Descubra ideias incr\u00edveis para criar um espa\u00e7o marcante e cheio de atitude. Como a personalidade influencia na decora\u00e7\u00e3o do banheiro masculino Voc\u00ea j\u00e1 sentiu que um ambiente reflete quem voc\u00ea \u00e9? No banheiro, isso n\u00e3o \u00e9 diferente. Usar cores, texturas e elementos que falem [&hellip;]<\/p>\n","protected":false},"author":20,"featured_media":156705,"comment_status":"open","ping_status":"","sticky":false,"template":"","format":"standard","meta":{"footnotes":""},"categories":[],"tags":[],"class_list":["post-156706","post","type-post","status-publish","format-standard","has-post-thumbnail"],"_wp_attached_file":null,"_wp_attachment_metadata":null,"_wp_attachment_context":null,"_wp_attachment_is_custom_header":null,"geo_longitude":null,"geo_public":null,"geo_latitude":null,"_publicize_done_external":null,"_wpas_done_3897181":null,"publicize_twitter_user":null,"_wpas_done_3897175":null,"_wpas_skip_3897181":null,"_wpas_skip_3897175":null,"_wpas_skip_3924723":null,"_wpas_mess":null,"_wpas_done_3924723":null,"wps_subtitle":"","_links":{"self":[{"href":"https:\/\/www.aarquiteta.com.br\/blog\/wp-json\/wp\/v2\/posts\/156706","targetHints":{"allow":["GET"]}}],"collection":[{"href":"https:\/\/www.aarquiteta.com.br\/blog\/wp-json\/wp\/v2\/posts"}],"about":[{"href":"https:\/\/www.aarquiteta.com.br\/blog\/wp-json\/wp\/v2\/types\/post"}],"author":[{"embeddable":true,"href":"https:\/\/www.aarquiteta.com.br\/blog\/wp-json\/wp\/v2\/users\/20"}],"replies":[{"embeddable":true,"href":"https:\/\/www.aarquiteta.com.br\/blog\/wp-json\/wp\/v2\/comments?post=156706"}],"version-history":[{"count":0,"href":"https:\/\/www.aarquiteta.com.br\/blog\/wp-json\/wp\/v2\/posts\/156706\/revisions"}],"wp:featuredmedia":[{"embeddable":true,"href":"https:\/\/www.aarquiteta.com.br\/blog\/wp-json\/wp\/v2\/media\/156705"}],"wp:attachment":[{"href":"https:\/\/www.aarquiteta.com.br\/blog\/wp-json\/wp\/v2\/media?parent=156706"}],"wp:term":[{"taxonomy":"category","embeddable":true,"href":"https:\/\/www.aarquiteta.com.br\/blog\/wp-json\/wp\/v2\/categories?post=156706"},{"taxonomy":"post_tag","embeddable":true,"href":"https:\/\/www.aarquiteta.com.br\/blog\/wp-json\/wp\/v2\/tags?post=156706"}],"curies":[{"name":"wp","href":"https:\/\/api.w.org\/{rel}","templated":true}]}}