{"id":156701,"date":"2026-02-16T00:02:20","date_gmt":"2026-02-16T03:02:20","guid":{"rendered":"https:\/\/www.aarquiteta.com.br\/blog\/prateleira-para-quarto-infantil-4\/"},"modified":"2026-02-16T00:02:20","modified_gmt":"2026-02-16T03:02:20","slug":"prateleira-para-quarto-infantil-4","status":"publish","type":"post","link":"https:\/\/www.aarquiteta.com.br\/blog\/prateleira-para-quarto-infantil-4\/","title":{"rendered":"Como Transformar o Quarto Infantil com Prateleiras Criativas e Funcionais"},"content":{"rendered":"<p><b>Transformar o quarto infantil com prateleiras criativas \u00e9 a melhor maneira de unir organiza\u00e7\u00e3o, estilo e funcionalidade em um s\u00f3 lugar.<\/b><\/p>\n<h3>Por que escolher prateleiras para quarto infantil?<\/h3>\n<p>Voc\u00ea j\u00e1 reparou como um simples detalhe pode transformar todo o ambiente? <b>Prateleiras para quarto infantil oferecem n\u00e3o s\u00f3 praticidade, mas tamb\u00e9m charme e personalidade para o espa\u00e7o.<\/b> Elas s\u00e3o vers\u00e1teis e ajudam a guardar brinquedos, livros e itens essenciais sem bagun\u00e7a.<\/p>\n<p>Al\u00e9m disso, o quarto fica mais confort\u00e1vel e estimulante para a crian\u00e7a, que passa a ter f\u00e1cil acesso aos seus objetos preferidos. <b>Assim, brincar e estudar ficam muito mais gostosos e organizados.<\/b><\/p>\n<img decoding=\"async\" src=\"https:\/\/www.aarquiteta.com.br\/blog\/wp-content\/uploads\/2026\/02\/Como-Transformar-o-Quarto-Infantil-com-Prateleiras-Criativas-e-Funcionais-01.jpg\" alt=\"Como Transformar o Quarto Infantil com Prateleiras Criativas e Funcionais\" width=\"1024\" height=\"1024\" title=\"\"> Como Transformar o Quarto Infantil com Prateleiras Criativas e Funcionais\/caption]\n<h3>Modelos criativos que se destacam na decora\u00e7\u00e3o<\/h3>\n<ul>\n<li><b>Prateleiras em formato de nuvem<\/b> trazem um toque l\u00fadico e delicado.<\/li>\n<li><b>Estilo industrial<\/b> para quem busca um visual moderno e sofisticado.<\/li>\n<li><b>Madeira pinus<\/b> deixa o ambiente aconchegante e natural.<\/li>\n<li><b>Modelos com nichos<\/b> para organizar e decorar ao mesmo tempo.<\/li>\n<li><b>Prateleiras iluminadas com LED<\/b> criam um clima m\u00e1gico e divertido.<\/li>\n<\/ul>\n<h3>Como escolher prateleiras funcionais para quartos infantis<\/h3>\n<p>O segredo est\u00e1 em alinhar a praticidade com a seguran\u00e7a. <b>Prefira pe\u00e7as firmes, sem quinas afiadas e com instala\u00e7\u00e3o segura.<\/b> Quer algo que dure? Opte por materiais resistentes que acompanhem o crescimento da crian\u00e7a.<\/p>\n<p>Dispor as prateleiras <b>pr\u00f3ximas \u00e0 mesa de estudo ou \u00e0 cama<\/b> facilita o uso di\u00e1rio e estimula bons h\u00e1bitos.<\/p>\n<img decoding=\"async\" src=\"https:\/\/www.aarquiteta.com.br\/blog\/wp-content\/uploads\/2026\/02\/Como-Transformar-o-Quarto-Infantil-com-Prateleiras-Criativas-e-Funcionais-02.jpg\" alt=\"Como Transformar o Quarto Infantil com Prateleiras Criativas e Funcionais\" width=\"1024\" height=\"1024\" title=\"\"> Como Transformar o Quarto Infantil com Prateleiras Criativas e Funcionais\/caption]\n<h3>Benef\u00edcios da organiza\u00e7\u00e3o com prateleiras<\/h3>\n<ul>\n<li><b>Manter o quarto sempre arrumado<\/b> reduz o estresse dos pais e incentiva a autonomia da crian\u00e7a.<\/li>\n<li><b>Aumentar o espa\u00e7o \u00fatil<\/b> ao verticalizar o armazenamento.<\/li>\n<li><b>Deixar os brinquedos e livros \u00e0 mostra<\/b>, tornando o ambiente mais colorido e interessante.<\/li>\n<li><b>Facilitar a limpeza<\/b>, que fica r\u00e1pida e pr\u00e1tica.<\/li>\n<\/ul>\n<h3>Guia r\u00e1pido para escolher e instalar prateleiras<\/h3>\n<table border=\"1\" cellpadding=\"6\" cellspacing=\"0\" style=\"border-collapse: collapse; width: 100%;\">\n<thead>\n<tr style=\"background-color:#f0f0f0;\">\n<th>Item<\/th>\n<th>Vantagem<\/th>\n<th>Dica de Instala\u00e7\u00e3o<\/th>\n<\/tr>\n<\/thead>\n<tbody>\n<tr>\n<td>Madeira Pinus<\/td>\n<td>Durabilidade e visual natural<\/td>\n<td>Fixar com suportes resistentes e acabamento liso<\/td>\n<\/tr>\n<tr>\n<td>MDF Pintado<\/td>\n<td>Versatilidade de cores e formatos<\/td>\n<td>Usar buchas e parafusos ocultos para seguran\u00e7a<\/td>\n<\/tr>\n<tr>\n<td>Prateleiras com LED<\/td>\n<td>Ilumina\u00e7\u00e3o que destaca objetos e decora<\/td>\n<td>Instalar pr\u00f3ximo a tomadas e esconder fios<\/td>\n<\/tr>\n<tr>\n<td>Prateleiras de Papel\u00e3o (projeto DIY)<\/td>\n<td>Baixo custo e f\u00e1cil personaliza\u00e7\u00e3o<\/td>\n<td>Evitar umidade e refor\u00e7ar com cola apropriada<\/td>\n<\/tr>\n<\/tbody>\n<\/table>\n<img decoding=\"async\" src=\"https:\/\/www.aarquiteta.com.br\/blog\/wp-content\/uploads\/2026\/02\/Como-Transformar-o-Quarto-Infantil-com-Prateleiras-Criativas-e-Funcionais-03.jpg\" alt=\"Como Transformar o Quarto Infantil com Prateleiras Criativas e Funcionais\" width=\"1024\" height=\"1024\" title=\"\"> Como Transformar o Quarto Infantil com Prateleiras Criativas e Funcionais\/caption]\n<h3>Inspira\u00e7\u00f5es para diferentes idades e estilos<\/h3>\n<p>Para beb\u00eas, <b>prateleiras baixas com quadrinhos coloridos<\/b> encantam e estimulam. Para crian\u00e7as maiores, <b>modelos neutros e multifuncionais<\/b> acompanham o crescimento sem perder a eleg\u00e2ncia.<\/p>\n<p>Prateleiras com formatos divertidos, como avi\u00f5es ou animais, <b>incentivam a imagina\u00e7\u00e3o e ajudam a contar hist\u00f3rias dentro do pr\u00f3prio quarto.<\/b><\/p>\n<h3>Dicas para usar prateleiras com criatividade e seguran\u00e7a<\/h3>\n<ul>\n<li><b>Combine cores com o papel de parede<\/b> para criar harmonia.<\/li>\n<li><b>Escolha objetos decorativos que tamb\u00e9m sejam funcionais<\/b>, como cabideiros ou caixinhas organizadoras.<\/li>\n<li><b>Evite colocar prateleiras muito altas<\/b>, para que a crian\u00e7a alcance sem risco.<\/li>\n<li><b>Use prateleiras para separar espa\u00e7os, como \u00e1rea de estudos e lazer.<\/b><\/li>\n<\/ul>\n<h3>Como fazer a sua pr\u00f3pria prateleira infantil<\/h3>\n<p>Se voc\u00ea gosta de projetos DIY, que tal criar <b>uma prateleira com t\u00e1buas de pinus e cordas<\/b>? \u00c9 simples, charmosa e super funcional. Ou ainda um modelo em formato de nuvem, usando papel\u00e3o refor\u00e7ado.<\/p>\n<p>Al\u00e9m de economizar, voc\u00ea acrescenta a sua personalidade em cada detalhe. Que tal experimentar? O resultado surpreende a todos.<\/p>\n<p>Ent\u00e3o, que tal dar esse toque especial no quartinho do seu filho agora mesmo? <b>Capriche nas escolhas, abuse da criatividade e deixe o espa\u00e7o mais pr\u00e1tico e lindo.<\/b> Sua experi\u00eancia pode ajudar outros pais tamb\u00e9m \u2014 deixe seu coment\u00e1rio ou compartilhe suas ideias!<\/p>\n<p><b>Quer mais dicas para decorar com estilo?<\/b> Confira artigos sobre quartos minimalistas, plantas que encantam e como montar cantinhos de leitura perfeitos para crian\u00e7as!<\/p>\n<img decoding=\"async\" src=\"https:\/\/www.aarquiteta.com.br\/blog\/wp-content\/uploads\/2026\/02\/Como-Transformar-o-Quarto-Infantil-com-Prateleiras-Criativas-e-Funcionais-04.jpg\" alt=\"Como Transformar o Quarto Infantil com Prateleiras Criativas e Funcionais\" width=\"1024\" height=\"1024\" title=\"\"> Como Transformar o Quarto Infantil com Prateleiras Criativas e Funcionais\/caption]\n","protected":false},"excerpt":{"rendered":"<p>Transformar o quarto infantil com prateleiras criativas \u00e9 a melhor maneira de unir organiza\u00e7\u00e3o, estilo e funcionalidade em um s\u00f3 lugar. Por que escolher prateleiras para quarto infantil? Voc\u00ea j\u00e1 reparou como um simples detalhe pode transformar todo o ambiente? Prateleiras para quarto infantil oferecem n\u00e3o s\u00f3 praticidade, mas tamb\u00e9m charme e personalidade para o [&hellip;]<\/p>\n","protected":false},"author":20,"featured_media":156700,"comment_status":"open","ping_status":"","sticky":false,"template":"","format":"standard","meta":{"footnotes":""},"categories":[],"tags":[],"class_list":["post-156701","post","type-post","status-publish","format-standard","has-post-thumbnail"],"_wp_attached_file":null,"_wp_attachment_metadata":null,"_wp_attachment_context":null,"_wp_attachment_is_custom_header":null,"geo_longitude":null,"geo_public":null,"geo_latitude":null,"_publicize_done_external":null,"_wpas_done_3897181":null,"publicize_twitter_user":null,"_wpas_done_3897175":null,"_wpas_skip_3897181":null,"_wpas_skip_3897175":null,"_wpas_skip_3924723":null,"_wpas_mess":null,"_wpas_done_3924723":null,"wps_subtitle":"","_links":{"self":[{"href":"https:\/\/www.aarquiteta.com.br\/blog\/wp-json\/wp\/v2\/posts\/156701","targetHints":{"allow":["GET"]}}],"collection":[{"href":"https:\/\/www.aarquiteta.com.br\/blog\/wp-json\/wp\/v2\/posts"}],"about":[{"href":"https:\/\/www.aarquiteta.com.br\/blog\/wp-json\/wp\/v2\/types\/post"}],"author":[{"embeddable":true,"href":"https:\/\/www.aarquiteta.com.br\/blog\/wp-json\/wp\/v2\/users\/20"}],"replies":[{"embeddable":true,"href":"https:\/\/www.aarquiteta.com.br\/blog\/wp-json\/wp\/v2\/comments?post=156701"}],"version-history":[{"count":0,"href":"https:\/\/www.aarquiteta.com.br\/blog\/wp-json\/wp\/v2\/posts\/156701\/revisions"}],"wp:featuredmedia":[{"embeddable":true,"href":"https:\/\/www.aarquiteta.com.br\/blog\/wp-json\/wp\/v2\/media\/156700"}],"wp:attachment":[{"href":"https:\/\/www.aarquiteta.com.br\/blog\/wp-json\/wp\/v2\/media?parent=156701"}],"wp:term":[{"taxonomy":"category","embeddable":true,"href":"https:\/\/www.aarquiteta.com.br\/blog\/wp-json\/wp\/v2\/categories?post=156701"},{"taxonomy":"post_tag","embeddable":true,"href":"https:\/\/www.aarquiteta.com.br\/blog\/wp-json\/wp\/v2\/tags?post=156701"}],"curies":[{"name":"wp","href":"https:\/\/api.w.org\/{rel}","templated":true}]}}