{"id":156696,"date":"2026-02-15T16:02:14","date_gmt":"2026-02-15T19:02:14","guid":{"rendered":"https:\/\/www.aarquiteta.com.br\/blog\/cabeceira-com-led-2\/"},"modified":"2026-02-15T16:02:14","modified_gmt":"2026-02-15T19:02:14","slug":"cabeceira-com-led-2","status":"publish","type":"post","link":"https:\/\/www.aarquiteta.com.br\/blog\/cabeceira-com-led-2\/","title":{"rendered":"Como transformar seu quarto com a eleg\u00e2ncia da cabeceira iluminada por LED"},"content":{"rendered":"<p><b>Quer transformar seu quarto com um toque moderno e aconchegante? A cabeceira iluminada por LED \u00e9 a solu\u00e7\u00e3o perfeita para destacar sua decora\u00e7\u00e3o.<\/b><\/p>\n<h3>Por que apostar na cabeceira iluminada por LED?<\/h3>\n<p>Voc\u00ea j\u00e1 notou como uma boa ilumina\u00e7\u00e3o muda tudo? <b>Uma cabeceira com LED cria na hora um clima sofisticado e acolhedor.<\/b> Ela n\u00e3o s\u00f3 destaca a cama, mas tamb\u00e9m valoriza o quarto inteiro.<\/p>\n<p>Com essa luz suave, seu cantinho de descanso fica mais convidativo e moderno, sem complica\u00e7\u00e3o na hora da instala\u00e7\u00e3o. <b>\u00c9 um investimento que alia beleza e conforto ao ambiente.<\/b><\/p>\n<img decoding=\"async\" src=\"https:\/\/www.aarquiteta.com.br\/blog\/wp-content\/uploads\/2026\/02\/Como-transformar-seu-quarto-com-a-elegyncia-da-cabeceira-iluminada-por-LED-01.jpg\" alt=\"Como transformar seu quarto com a eleg\u00e2ncia da cabeceira iluminada por LED\" width=\"1024\" height=\"1024\" title=\"\"> Como transformar seu quarto com a eleg\u00e2ncia da cabeceira iluminada por LED\/caption]\n<h3>Modelos de cabeceira com LED que combinam com qualquer quarto<\/h3>\n<p>Independente do tamanho da cama, do estilo do quarto ou do seu or\u00e7amento, existe uma op\u00e7\u00e3o ideal. <b>Tem cabeceira estofada, de madeira, com mangueira de LED e at\u00e9 de isopor.<\/b><\/p>\n<p>Cada modelo traz um charme diferente e ainda te permite personalizar a intensidade e cor da luz para criar o ambiente perfeito.<\/p>\n<h3>Como a ilumina\u00e7\u00e3o LED valoriza a decora\u00e7\u00e3o<\/h3>\n<p>A luz LED instalada atr\u00e1s da cabeceira cria um efeito indireto e moderno. <b>Isso reduz o cansa\u00e7o visual e transforma o quarto com um toque de eleg\u00e2ncia discreta.<\/b><\/p>\n<p>Al\u00e9m disso, essa ilumina\u00e7\u00e3o funciona como um abajur perfeito para quem gosta de ler antes de dormir, iluminando sem incomodar.<\/p>\n<img decoding=\"async\" src=\"https:\/\/www.aarquiteta.com.br\/blog\/wp-content\/uploads\/2026\/02\/Como-transformar-seu-quarto-com-a-elegyncia-da-cabeceira-iluminada-por-LED-02.jpg\" alt=\"Como transformar seu quarto com a eleg\u00e2ncia da cabeceira iluminada por LED\" width=\"1024\" height=\"1024\" title=\"\"> Como transformar seu quarto com a eleg\u00e2ncia da cabeceira iluminada por LED\/caption]\n<h3>Passo a passo simples para instalar sua cabeceira com LED<\/h3>\n<ol>\n<li><b>Escolha o tipo de cabeceira:<\/b> Madeira, estofada, mangueira ou isopor.<\/li>\n<li><b>Compre a fita de LED:<\/b> Prefira fitas com boa durabilidade e prote\u00e7\u00e3o contra poeira.<\/li>\n<li><b>Planeje a instala\u00e7\u00e3o:<\/b> Deixe espa\u00e7o entre a cabeceira e a parede para encaixar a fita.<\/li>\n<li><b>Conecte a fita:<\/b> Use fontes de energia apropriadas e esconda toda a fia\u00e7\u00e3o para um acabamento limpo.<\/li>\n<li><b>Teste a ilumina\u00e7\u00e3o:<\/b> Regule a intensidade e escolha a cor que mais combina com seu quarto.<\/li>\n<\/ol>\n<h3>Tabela comparativa: tipos de cabeceira com LED<\/h3>\n<table border=\"1\" cellpadding=\"8\" cellspacing=\"0\" style=\"border-collapse: collapse; width:100%;\">\n<thead>\n<tr>\n<th>Tipo de Cabeceira<\/th>\n<th>Vantagens<\/th>\n<th>Pre\u00e7o M\u00e9dio<\/th>\n<th>Dificuldade de Instala\u00e7\u00e3o<\/th>\n<\/tr>\n<\/thead>\n<tbody>\n<tr>\n<td>Estofada<\/td>\n<td>Conforto e estilo cl\u00e1ssico<\/td>\n<td>R$ 400 &#8211; R$ 800<\/td>\n<td>M\u00e9dia<\/td>\n<\/tr>\n<tr>\n<td>Madeira (Pinus)<\/td>\n<td>Dur\u00e1vel e moderna<\/td>\n<td>R$ 300 &#8211; R$ 600<\/td>\n<td>F\u00e1cil<\/td>\n<\/tr>\n<tr>\n<td>Mangueira de LED<\/td>\n<td>Ilumina\u00e7\u00e3o cont\u00ednua e flex\u00edvel<\/td>\n<td>R$ 150 &#8211; R$ 350<\/td>\n<td>F\u00e1cil<\/td>\n<\/tr>\n<tr>\n<td>Isopor (DIY)<\/td>\n<td>Econ\u00f4mica e leve<\/td>\n<td>R$ 50 &#8211; R$ 150<\/td>\n<td>F\u00e1cil<\/td>\n<\/tr>\n<\/tbody>\n<\/table>\n<img decoding=\"async\" src=\"https:\/\/www.aarquiteta.com.br\/blog\/wp-content\/uploads\/2026\/02\/Como-transformar-seu-quarto-com-a-elegyncia-da-cabeceira-iluminada-por-LED-03.jpg\" alt=\"Como transformar seu quarto com a eleg\u00e2ncia da cabeceira iluminada por LED\" width=\"1024\" height=\"1024\" title=\"\"> Como transformar seu quarto com a eleg\u00e2ncia da cabeceira iluminada por LED\/caption]\n<h3>Escolha da luz: branca ou amarela para seu quarto?<\/h3>\n<p><b>A cor da luz faz toda a diferen\u00e7a no ambiente.<\/b> A luz branca traz modernidade e ajuda na concentra\u00e7\u00e3o, ideal para quartos de estudos.<\/p>\n<p>J\u00e1 a luz amarela cria um clima mais acolhedor e relaxante, perfeita para quartos de casal ou espa\u00e7os de descanso.<\/p>\n<h3>Benef\u00edcios al\u00e9m da est\u00e9tica: por que escolher LED?<\/h3>\n<ul>\n<li><b>Durabilidade incr\u00edvel:<\/b> pode durar at\u00e9 50 mil horas sem perder qualidade.<\/li>\n<li><b>Baixo consumo de energia:<\/b> economiza na conta de luz sem abrir m\u00e3o da ilumina\u00e7\u00e3o.<\/li>\n<li><b>Baixo aquecimento:<\/b> evita quentes desagrad\u00e1veis, garantindo seguran\u00e7a e conforto.<\/li>\n<\/ul>\n<h3>Dicas para personalizar sua cabeceira e deixar o quarto com a sua identidade<\/h3>\n<p>Combine a cabeceira iluminada com quadros, almofadas e objetos que expressem seu estilo. <b>A ilumina\u00e7\u00e3o LED permite criar diferentes tons para mudar o humor do espa\u00e7o.<\/b><\/p>\n<p>Experimente tamb\u00e9m combinar a luz com outras lumin\u00e1rias, como pendentes e arandelas, para um visual ainda mais completo.<\/p>\n<p>Est\u00e1 pronto para dar um toque especial no seu quarto? <b>Comece escolhendo o estilo da cabeceira e ousando na ilumina\u00e7\u00e3o.<\/b> Depois, me conta aqui como ficou essa transforma\u00e7\u00e3o incr\u00edvel!<\/p>\n<p>\ud83d\udd0e Para saber mais, confira tamb\u00e9m: <a href=\"#\">Como escolher a ilumina\u00e7\u00e3o ideal para cada ambiente<\/a>, <a href=\"#\">Ideias para decorar quartos pequenos com personalidade<\/a> e <a href=\"#\">Como harmonizar cores na decora\u00e7\u00e3o do seu quarto<\/a>.<\/p>\n<img decoding=\"async\" src=\"https:\/\/www.aarquiteta.com.br\/blog\/wp-content\/uploads\/2026\/02\/Como-transformar-seu-quarto-com-a-elegyncia-da-cabeceira-iluminada-por-LED-04.jpg\" alt=\"Como transformar seu quarto com a eleg\u00e2ncia da cabeceira iluminada por LED\" width=\"1024\" height=\"1024\" title=\"\"> Como transformar seu quarto com a eleg\u00e2ncia da cabeceira iluminada por LED\/caption]\n","protected":false},"excerpt":{"rendered":"<p>Quer transformar seu quarto com um toque moderno e aconchegante? A cabeceira iluminada por LED \u00e9 a solu\u00e7\u00e3o perfeita para destacar sua decora\u00e7\u00e3o. Por que apostar na cabeceira iluminada por LED? Voc\u00ea j\u00e1 notou como uma boa ilumina\u00e7\u00e3o muda tudo? Uma cabeceira com LED cria na hora um clima sofisticado e acolhedor. Ela n\u00e3o s\u00f3 [&hellip;]<\/p>\n","protected":false},"author":20,"featured_media":156695,"comment_status":"open","ping_status":"","sticky":false,"template":"","format":"standard","meta":{"footnotes":""},"categories":[],"tags":[],"class_list":["post-156696","post","type-post","status-publish","format-standard","has-post-thumbnail"],"_wp_attached_file":null,"_wp_attachment_metadata":null,"_wp_attachment_context":null,"_wp_attachment_is_custom_header":null,"geo_longitude":null,"geo_public":null,"geo_latitude":null,"_publicize_done_external":null,"_wpas_done_3897181":null,"publicize_twitter_user":null,"_wpas_done_3897175":null,"_wpas_skip_3897181":null,"_wpas_skip_3897175":null,"_wpas_skip_3924723":null,"_wpas_mess":null,"_wpas_done_3924723":null,"wps_subtitle":"","_links":{"self":[{"href":"https:\/\/www.aarquiteta.com.br\/blog\/wp-json\/wp\/v2\/posts\/156696","targetHints":{"allow":["GET"]}}],"collection":[{"href":"https:\/\/www.aarquiteta.com.br\/blog\/wp-json\/wp\/v2\/posts"}],"about":[{"href":"https:\/\/www.aarquiteta.com.br\/blog\/wp-json\/wp\/v2\/types\/post"}],"author":[{"embeddable":true,"href":"https:\/\/www.aarquiteta.com.br\/blog\/wp-json\/wp\/v2\/users\/20"}],"replies":[{"embeddable":true,"href":"https:\/\/www.aarquiteta.com.br\/blog\/wp-json\/wp\/v2\/comments?post=156696"}],"version-history":[{"count":0,"href":"https:\/\/www.aarquiteta.com.br\/blog\/wp-json\/wp\/v2\/posts\/156696\/revisions"}],"wp:featuredmedia":[{"embeddable":true,"href":"https:\/\/www.aarquiteta.com.br\/blog\/wp-json\/wp\/v2\/media\/156695"}],"wp:attachment":[{"href":"https:\/\/www.aarquiteta.com.br\/blog\/wp-json\/wp\/v2\/media?parent=156696"}],"wp:term":[{"taxonomy":"category","embeddable":true,"href":"https:\/\/www.aarquiteta.com.br\/blog\/wp-json\/wp\/v2\/categories?post=156696"},{"taxonomy":"post_tag","embeddable":true,"href":"https:\/\/www.aarquiteta.com.br\/blog\/wp-json\/wp\/v2\/tags?post=156696"}],"curies":[{"name":"wp","href":"https:\/\/api.w.org\/{rel}","templated":true}]}}