{"id":156691,"date":"2026-02-15T08:02:05","date_gmt":"2026-02-15T11:02:05","guid":{"rendered":"https:\/\/www.aarquiteta.com.br\/blog\/cabeceira-de-gesso-2\/"},"modified":"2026-02-15T08:02:05","modified_gmt":"2026-02-15T11:02:05","slug":"cabeceira-de-gesso-2","status":"publish","type":"post","link":"https:\/\/www.aarquiteta.com.br\/blog\/cabeceira-de-gesso-2\/","title":{"rendered":"Inspira\u00e7\u00f5es e dicas pr\u00e1ticas para transformar seu quarto com cabeceiras de gesso"},"content":{"rendered":"<p><b>Quer transformar seu quarto com charme e sofistica\u00e7\u00e3o? A cabeceira de gesso \u00e9 a solu\u00e7\u00e3o perfeita para dar identidade e aconchego ao seu ambiente!<\/b><\/p>\n<h3>O poder da cabeceira de gesso para transformar seu quarto<\/h3>\n<p>Eu sempre achei incr\u00edvel como uma simples cabeceira pode mudar completamente o visual do quarto. <b>O gesso traz uma eleg\u00e2ncia \u00fanica e deixa o ambiente muito mais aconchegante.<\/b><\/p>\n<p>Com ele, a gente consegue criar texturas, volumes e detalhes que nenhum outro material oferece com tanta versatilidade.<\/p>\n<h3>Modelos de cabeceira que voc\u00ea pode escolher<\/h3>\n<p>Existem v\u00e1rios estilos de cabeceira de gesso, e o mais interessante \u00e9 que d\u00e1 para adaptar ao seu gosto e ao tamanho do quarto.<\/p>\n<ul>\n<li><b>Gesso acartonado (drywall):<\/b> eficiente e r\u00e1pido de instalar, pode ser branco ou colorido.<\/li>\n<li><b>Gesso 3D:<\/b> com formas em relevo que criam um impacto visual impressionante.<\/li>\n<li><b>Ripado:<\/b> imita a madeira com um toque moderno e elegante.<\/li>\n<li><b>Cabeceira com nichos embutidos:<\/b> perfeita para guardar pequenos objetos e decorar.<\/li>\n<\/ul>\n<img decoding=\"async\" src=\"https:\/\/www.aarquiteta.com.br\/blog\/wp-content\/uploads\/2026\/02\/Inspirayyes-e-dicas-pryticas-para-transformar-seu-quarto-com-cabeceiras-de-gesso-01.jpg\" alt=\"Inspira\u00e7\u00f5es e dicas pr\u00e1ticas para transformar seu quarto com cabeceiras de gesso\" width=\"1024\" height=\"1024\" title=\"\"> Inspira\u00e7\u00f5es e dicas pr\u00e1ticas para transformar seu quarto com cabeceiras de gesso\/caption]\n<h3>Ilumina\u00e7\u00e3o integrada para destacar a cabeceira<\/h3>\n<p>Um detalhe que n\u00e3o pode faltar \u00e9 a <b>ilumina\u00e7\u00e3o com LED embutido<\/b>. Ela valoriza o gesso, criando um clima acolhedor e sofisticado ao mesmo tempo.<\/p>\n<p>Fitas de LED podem ficar escondidas na borda ou dentro dos nichos, iluminando o quarto com um charme especial.<\/p>\n<h3>Mix de materiais para um visual \u00fanico<\/h3>\n<p>Uma dica que uso \u00e9 combinar o gesso com outros materiais, como madeira, espelhos e mesmo tecidos estofados.<\/p>\n<p><b>Essa mistura d\u00e1 profundidade, textura e personalidade ao ambiente.<\/b> Voc\u00ea pode apostar em detalhes ripados, molduras ou pain\u00e9is coloridos.<\/p>\n<h3>Compatibilidade com diferentes estilos de decora\u00e7\u00e3o<\/h3>\n<p>Desde o cl\u00e1ssico ao contempor\u00e2neo, o gesso se encaixa em qualquer estilo. Ele pode ser minimalista e branco, ou colorido para dar mais vida ao quarto.<\/p>\n<p><b>Tamb\u00e9m funciona super bem em quartos infantis, com nichos para brinquedos e elementos l\u00fadicos.<\/b><\/p>\n<img decoding=\"async\" src=\"https:\/\/www.aarquiteta.com.br\/blog\/wp-content\/uploads\/2026\/02\/Inspirayyes-e-dicas-pryticas-para-transformar-seu-quarto-com-cabeceiras-de-gesso-02.jpg\" alt=\"Inspira\u00e7\u00f5es e dicas pr\u00e1ticas para transformar seu quarto com cabeceiras de gesso\" width=\"1024\" height=\"1024\" title=\"\"> Inspira\u00e7\u00f5es e dicas pr\u00e1ticas para transformar seu quarto com cabeceiras de gesso\/caption]\n<h3>Economia e facilidade na hora de instalar<\/h3>\n<p>Outro ponto que me chamou aten\u00e7\u00e3o \u00e9 que o gesso \u00e9 um material acess\u00edvel e f\u00e1cil de trabalhar.<\/p>\n<p>Muita gente faz a pr\u00f3pria cabeceira em projetos DIY, o que reduz custo e ainda personaliza o projeto.<\/p>\n<h3>Tabela comparativa das cabeceiras de gesso<\/h3>\n<table border=\"1\" cellpadding=\"8\" cellspacing=\"0\" style=\"border-collapse: collapse; width: 100%;\">\n<thead>\n<tr>\n<th>Tipo de Cabeceira<\/th>\n<th>Vantagens<\/th>\n<th>Estilo Recomendo<\/th>\n<th>Dificuldade de Instala\u00e7\u00e3o<\/th>\n<\/tr>\n<\/thead>\n<tbody>\n<tr>\n<td>Gesso Acartonado<\/td>\n<td>R\u00e1pida instala\u00e7\u00e3o, vers\u00e1til e f\u00e1cil de pintar<\/td>\n<td>Moderno, minimalista, colorido<\/td>\n<td>F\u00e1cil<\/td>\n<\/tr>\n<tr>\n<td>Gesso 3D<\/td>\n<td>Textura e profundidade, destaque visual<\/td>\n<td>Elegante, contempor\u00e2neo<\/td>\n<td>M\u00e9dio<\/td>\n<\/tr>\n<tr>\n<td>Ripado em Gesso<\/td>\n<td>Visual sofisticado, imita madeira<\/td>\n<td>Moderno e cl\u00e1ssico<\/td>\n<td>M\u00e9dio<\/td>\n<\/tr>\n<tr>\n<td>Com Nichos<\/td>\n<td>Praticidade e decora\u00e7\u00e3o funcional<\/td>\n<td>Infantil, pr\u00e1tico<\/td>\n<td>F\u00e1cil a M\u00e9dio<\/td>\n<\/tr>\n<\/tbody>\n<\/table>\n<img decoding=\"async\" src=\"https:\/\/www.aarquiteta.com.br\/blog\/wp-content\/uploads\/2026\/02\/Inspirayyes-e-dicas-pryticas-para-transformar-seu-quarto-com-cabeceiras-de-gesso-03.jpg\" alt=\"Inspira\u00e7\u00f5es e dicas pr\u00e1ticas para transformar seu quarto com cabeceiras de gesso\" width=\"1024\" height=\"1024\" title=\"\"> Inspira\u00e7\u00f5es e dicas pr\u00e1ticas para transformar seu quarto com cabeceiras de gesso\/caption]\n<h3>Dicas pr\u00e1ticas para fazer sua cabeceira de gesso em casa<\/h3>\n<p>Se voc\u00ea curte colocar a m\u00e3o na massa, pode aproveitar tutoriais online e montar sua cabeceira de gesso DIY.<\/p>\n<ul>\n<li><b>Comece medindo bem o espa\u00e7o<\/b> para n\u00e3o errar nas propor\u00e7\u00f5es.<\/li>\n<li><b>Escolha o tipo de gesso que mais combina com seu estilo.<\/b><\/li>\n<li><b>Utilize massa corrida e lixas para um acabamento perfeito.<\/b><\/li>\n<li><b>Instale fitas de LED para um toque profissional e aconchegante.<\/b><\/li>\n<\/ul>\n<h3>Como a cabeceira de gesso pode valorizar seu quarto<\/h3>\n<p>Al\u00e9m da beleza, a cabeceira de gesso traz um <b>ar de sofistica\u00e7\u00e3o e aconchego que poucos revestimentos entregam.<\/b><\/p>\n<p>Ela ajuda a definir um ponto focal para o quarto, valorizando a decora\u00e7\u00e3o e at\u00e9 o seu descanso.<\/p>\n<p>Quer dar um upgrade no seu dormit\u00f3rio agora? <b>Que tal come\u00e7ar escolhendo o seu modelo de cabeceira de gesso?<\/b> Conta aqui nos coment\u00e1rios qual voc\u00ea mais gostou!<\/p>\n<p>Tamb\u00e9m recomendo que voc\u00ea confira nossos conte\u00fados sobre <b>ilumina\u00e7\u00e3o para quartos, decora\u00e7\u00e3o minimalista e como renovar ambientes gastando pouco.<\/b><\/p>\n<img decoding=\"async\" src=\"https:\/\/www.aarquiteta.com.br\/blog\/wp-content\/uploads\/2026\/02\/Inspirayyes-e-dicas-pryticas-para-transformar-seu-quarto-com-cabeceiras-de-gesso-04.jpg\" alt=\"Inspira\u00e7\u00f5es e dicas pr\u00e1ticas para transformar seu quarto com cabeceiras de gesso\" width=\"1024\" height=\"1024\" title=\"\"> Inspira\u00e7\u00f5es e dicas pr\u00e1ticas para transformar seu quarto com cabeceiras de gesso\/caption]\n","protected":false},"excerpt":{"rendered":"<p>Quer transformar seu quarto com charme e sofistica\u00e7\u00e3o? A cabeceira de gesso \u00e9 a solu\u00e7\u00e3o perfeita para dar identidade e aconchego ao seu ambiente! O poder da cabeceira de gesso para transformar seu quarto Eu sempre achei incr\u00edvel como uma simples cabeceira pode mudar completamente o visual do quarto. O gesso traz uma eleg\u00e2ncia \u00fanica [&hellip;]<\/p>\n","protected":false},"author":20,"featured_media":156690,"comment_status":"open","ping_status":"","sticky":false,"template":"","format":"standard","meta":{"footnotes":""},"categories":[],"tags":[],"class_list":["post-156691","post","type-post","status-publish","format-standard","has-post-thumbnail"],"_wp_attached_file":null,"_wp_attachment_metadata":null,"_wp_attachment_context":null,"_wp_attachment_is_custom_header":null,"geo_longitude":null,"geo_public":null,"geo_latitude":null,"_publicize_done_external":null,"_wpas_done_3897181":null,"publicize_twitter_user":null,"_wpas_done_3897175":null,"_wpas_skip_3897181":null,"_wpas_skip_3897175":null,"_wpas_skip_3924723":null,"_wpas_mess":null,"_wpas_done_3924723":null,"wps_subtitle":"","_links":{"self":[{"href":"https:\/\/www.aarquiteta.com.br\/blog\/wp-json\/wp\/v2\/posts\/156691","targetHints":{"allow":["GET"]}}],"collection":[{"href":"https:\/\/www.aarquiteta.com.br\/blog\/wp-json\/wp\/v2\/posts"}],"about":[{"href":"https:\/\/www.aarquiteta.com.br\/blog\/wp-json\/wp\/v2\/types\/post"}],"author":[{"embeddable":true,"href":"https:\/\/www.aarquiteta.com.br\/blog\/wp-json\/wp\/v2\/users\/20"}],"replies":[{"embeddable":true,"href":"https:\/\/www.aarquiteta.com.br\/blog\/wp-json\/wp\/v2\/comments?post=156691"}],"version-history":[{"count":0,"href":"https:\/\/www.aarquiteta.com.br\/blog\/wp-json\/wp\/v2\/posts\/156691\/revisions"}],"wp:featuredmedia":[{"embeddable":true,"href":"https:\/\/www.aarquiteta.com.br\/blog\/wp-json\/wp\/v2\/media\/156690"}],"wp:attachment":[{"href":"https:\/\/www.aarquiteta.com.br\/blog\/wp-json\/wp\/v2\/media?parent=156691"}],"wp:term":[{"taxonomy":"category","embeddable":true,"href":"https:\/\/www.aarquiteta.com.br\/blog\/wp-json\/wp\/v2\/categories?post=156691"},{"taxonomy":"post_tag","embeddable":true,"href":"https:\/\/www.aarquiteta.com.br\/blog\/wp-json\/wp\/v2\/tags?post=156691"}],"curies":[{"name":"wp","href":"https:\/\/api.w.org\/{rel}","templated":true}]}}