{"id":156681,"date":"2026-02-14T16:02:17","date_gmt":"2026-02-14T19:02:17","guid":{"rendered":"https:\/\/www.aarquiteta.com.br\/blog\/hall-de-entrada-pequeno-3\/"},"modified":"2026-02-14T16:02:17","modified_gmt":"2026-02-14T19:02:17","slug":"hall-de-entrada-pequeno-3","status":"publish","type":"post","link":"https:\/\/www.aarquiteta.com.br\/blog\/hall-de-entrada-pequeno-3\/","title":{"rendered":"Como transformar um hall de entrada pequeno em um espa\u00e7o funcional e acolhedor"},"content":{"rendered":"<p><b>Transformar um hall de entrada pequeno em um espa\u00e7o funcional e acolhedor \u00e9 poss\u00edvel com escolhas certeiras e decora\u00e7\u00e3o inteligente.<\/b><\/p>\n<h3>Por que cuidar do hall de entrada pequeno?<\/h3>\n<p>Voc\u00ea j\u00e1 reparou como o hall de entrada \u00e9 o cart\u00e3o de visitas da casa? <b>Um ambiente bem planejado transmite cuidado e organiza\u00e7\u00e3o.<\/b><\/p>\n<p>Mesmo os espa\u00e7os pequenos merecem aten\u00e7\u00e3o, pois eles preparam o visitante para o que vir\u00e1 dentro do lar.<\/p>\n<img decoding=\"async\" src=\"https:\/\/www.aarquiteta.com.br\/blog\/wp-content\/uploads\/2026\/02\/Como-transformar-um-hall-de-entrada-pequeno-em-um-espayo-funcional-e-acolhedor-01.jpg\" alt=\"Como transformar um hall de entrada pequeno em um espa\u00e7o funcional e acolhedor\" width=\"1024\" height=\"1024\" title=\"\"> Como transformar um hall de entrada pequeno em um espa\u00e7o funcional e acolhedor\/caption]\n<h3>Como escolher a cor ideal para ampliar o espa\u00e7o<\/h3>\n<p><b>Cores claras e neutras s\u00e3o suas grandes aliadas para ampliar a percep\u00e7\u00e3o do ambiente.<\/b><\/p>\n<p>Brancos, beges e tons past\u00e9is criam impress\u00e3o de amplitude e facilitam a harmoniza\u00e7\u00e3o com m\u00f3veis e objetos.<\/p>\n<h3>M\u00f3veis multifuncionais: otimize sem perder a eleg\u00e2ncia<\/h3>\n<p>Em um hall pequeno, cada m\u00f3vel precisa cumprir mais de uma fun\u00e7\u00e3o. <b>Um banco com espa\u00e7o para guardar sapatos \u00e9 simplesmente perfeito.<\/b><\/p>\n<p>Um aparador suspenso pode servir para deixar chaves, sem ocupar espa\u00e7o no ch\u00e3o, mantendo o local leve.<\/p>\n<img decoding=\"async\" src=\"https:\/\/www.aarquiteta.com.br\/blog\/wp-content\/uploads\/2026\/02\/Como-transformar-um-hall-de-entrada-pequeno-em-um-espayo-funcional-e-acolhedor-02.jpg\" alt=\"Como transformar um hall de entrada pequeno em um espa\u00e7o funcional e acolhedor\" width=\"1024\" height=\"1024\" title=\"\"> Como transformar um hall de entrada pequeno em um espa\u00e7o funcional e acolhedor\/caption]\n<h3>A import\u00e2ncia do espelho na decora\u00e7\u00e3o de halls pequenos<\/h3>\n<p><b>Espelhos s\u00e3o m\u00e1gicos para dar profundidade e ainda ampliam a ilumina\u00e7\u00e3o natural.<\/b><\/p>\n<p>Al\u00e9m disso, trazem um toque decorativo que valoriza o design do ambiente.<\/p>\n<h3>Itens decorativos que fazem a diferen\u00e7a no pequeno hall<\/h3>\n<ul>\n<li>Plantas e vasos para trazer frescor e vida;<\/li>\n<li>Quadros delicados ou com frases divertidas que trazem personalidade;<\/li>\n<li>Cestos organizadores para deixar o espa\u00e7o sempre arrumado;<\/li>\n<li>Uma pequena arara para pendurar casacos, facilitando o dia a dia.<\/li>\n<\/ul>\n<img decoding=\"async\" src=\"https:\/\/www.aarquiteta.com.br\/blog\/wp-content\/uploads\/2026\/02\/Como-transformar-um-hall-de-entrada-pequeno-em-um-espayo-funcional-e-acolhedor-03.jpg\" alt=\"Como transformar um hall de entrada pequeno em um espa\u00e7o funcional e acolhedor\" width=\"1024\" height=\"1024\" title=\"\"> Como transformar um hall de entrada pequeno em um espa\u00e7o funcional e acolhedor\/caption]\n<h3>Como tornar seu hall funcional para a rotina di\u00e1ria<\/h3>\n<p><b>Organize o espa\u00e7o para apoiar itens da chegada e sa\u00edda da casa.<\/b><\/p>\n<p>Ter um lugar para chaves, bolsas e sapatos ajuda a economizar tempo e manter tudo no lugar.<\/p>\n<h3>Estilos que valorizam espa\u00e7os pequenos<\/h3>\n<p>Voc\u00ea pode apostar em uma decora\u00e7\u00e3o minimalista ou at\u00e9 mesmo trazer um pouco do estilo industrial para dar modernidade.<\/p>\n<p><b>Inovar com revestimentos 3D ou azulejos tamb\u00e9m cria uma textura visual que chama aten\u00e7\u00e3o.<\/b><\/p>\n<h3>Pe\u00e7as-chave que combinam charme e praticidade no hall<\/h3>\n<table border=\"1\" cellpadding=\"8\" cellspacing=\"0\" style=\"border-collapse: collapse; width: 100%;\">\n<thead>\n<tr>\n<th>Pe\u00e7a<\/th>\n<th>Fun\u00e7\u00e3o<\/th>\n<th>Benef\u00edcio<\/th>\n<\/tr>\n<\/thead>\n<tbody>\n<tr>\n<td>Espelho grande<\/td>\n<td>Amplia\u00e7\u00e3o visual e ilumina\u00e7\u00e3o<\/td>\n<td>Faz o espa\u00e7o parecer maior e mais iluminado<\/td>\n<\/tr>\n<tr>\n<td>Banco com sapateira<\/td>\n<td>Assento e armazenamento<\/td>\n<td>Praticidade e organiza\u00e7\u00e3o em um s\u00f3 m\u00f3vel<\/td>\n<\/tr>\n<tr>\n<td>Aparador suspenso<\/td>\n<td>Suporte para objetos pequenos<\/td>\n<td>Aproveitamento eficiente do espa\u00e7o<\/td>\n<\/tr>\n<tr>\n<td>Cabideiro ou pequena arara<\/td>\n<td>Organiza\u00e7\u00e3o de casacos e bolsas<\/td>\n<td>Facilita o acesso e mant\u00e9m o ambiente arrumado<\/td>\n<\/tr>\n<\/tbody>\n<\/table>\n<p>Viu como criar um hall de entrada pequeno, funcional e acolhedor \u00e9 mais simples do que parece? <b>Com as escolhas certas, seu espa\u00e7o vai receber elogios e ajudar na organiza\u00e7\u00e3o do dia a dia.<\/b><\/p>\n<p>Que tal come\u00e7ar agora mesmo a transformar seu hall? Comente suas d\u00favidas ou compartilhe sua experi\u00eancia para inspirar outros leitores!<\/p>\n<p>Para continuar inspirado, confira tamb\u00e9m:<\/p>\n<ul>\n<li><a href=\"#\">10 dicas para fazer apartamentos pequenos parecerem maiores<\/a><\/li>\n<li><a href=\"#\">Estilos de decora\u00e7\u00e3o que valorizam espa\u00e7os compactos<\/a><\/li>\n<li><a href=\"#\">Como escolher m\u00f3veis multifuncionais para sua casa<\/a><\/li>\n<\/ul>\n<img decoding=\"async\" src=\"https:\/\/www.aarquiteta.com.br\/blog\/wp-content\/uploads\/2026\/02\/Como-transformar-um-hall-de-entrada-pequeno-em-um-espayo-funcional-e-acolhedor-04.jpg\" alt=\"Como transformar um hall de entrada pequeno em um espa\u00e7o funcional e acolhedor\" width=\"1024\" height=\"1024\" title=\"\"> Como transformar um hall de entrada pequeno em um espa\u00e7o funcional e acolhedor\/caption]\n","protected":false},"excerpt":{"rendered":"<p>Transformar um hall de entrada pequeno em um espa\u00e7o funcional e acolhedor \u00e9 poss\u00edvel com escolhas certeiras e decora\u00e7\u00e3o inteligente. Por que cuidar do hall de entrada pequeno? Voc\u00ea j\u00e1 reparou como o hall de entrada \u00e9 o cart\u00e3o de visitas da casa? Um ambiente bem planejado transmite cuidado e organiza\u00e7\u00e3o. Mesmo os espa\u00e7os pequenos [&hellip;]<\/p>\n","protected":false},"author":20,"featured_media":156680,"comment_status":"open","ping_status":"","sticky":false,"template":"","format":"standard","meta":{"footnotes":""},"categories":[],"tags":[],"class_list":["post-156681","post","type-post","status-publish","format-standard","has-post-thumbnail"],"_wp_attached_file":null,"_wp_attachment_metadata":null,"_wp_attachment_context":null,"_wp_attachment_is_custom_header":null,"geo_longitude":null,"geo_public":null,"geo_latitude":null,"_publicize_done_external":null,"_wpas_done_3897181":null,"publicize_twitter_user":null,"_wpas_done_3897175":null,"_wpas_skip_3897181":null,"_wpas_skip_3897175":null,"_wpas_skip_3924723":null,"_wpas_mess":null,"_wpas_done_3924723":null,"wps_subtitle":"","_links":{"self":[{"href":"https:\/\/www.aarquiteta.com.br\/blog\/wp-json\/wp\/v2\/posts\/156681","targetHints":{"allow":["GET"]}}],"collection":[{"href":"https:\/\/www.aarquiteta.com.br\/blog\/wp-json\/wp\/v2\/posts"}],"about":[{"href":"https:\/\/www.aarquiteta.com.br\/blog\/wp-json\/wp\/v2\/types\/post"}],"author":[{"embeddable":true,"href":"https:\/\/www.aarquiteta.com.br\/blog\/wp-json\/wp\/v2\/users\/20"}],"replies":[{"embeddable":true,"href":"https:\/\/www.aarquiteta.com.br\/blog\/wp-json\/wp\/v2\/comments?post=156681"}],"version-history":[{"count":0,"href":"https:\/\/www.aarquiteta.com.br\/blog\/wp-json\/wp\/v2\/posts\/156681\/revisions"}],"wp:featuredmedia":[{"embeddable":true,"href":"https:\/\/www.aarquiteta.com.br\/blog\/wp-json\/wp\/v2\/media\/156680"}],"wp:attachment":[{"href":"https:\/\/www.aarquiteta.com.br\/blog\/wp-json\/wp\/v2\/media?parent=156681"}],"wp:term":[{"taxonomy":"category","embeddable":true,"href":"https:\/\/www.aarquiteta.com.br\/blog\/wp-json\/wp\/v2\/categories?post=156681"},{"taxonomy":"post_tag","embeddable":true,"href":"https:\/\/www.aarquiteta.com.br\/blog\/wp-json\/wp\/v2\/tags?post=156681"}],"curies":[{"name":"wp","href":"https:\/\/api.w.org\/{rel}","templated":true}]}}