{"id":156671,"date":"2026-02-14T00:02:20","date_gmt":"2026-02-14T03:02:20","guid":{"rendered":"https:\/\/www.aarquiteta.com.br\/blog\/sala-minimalista\/"},"modified":"2026-02-14T00:02:20","modified_gmt":"2026-02-14T03:02:20","slug":"sala-minimalista","status":"publish","type":"post","link":"https:\/\/www.aarquiteta.com.br\/blog\/sala-minimalista\/","title":{"rendered":"Sala minimalista: transforme seu ambiente com simplicidade e eleg\u00e2ncia"},"content":{"rendered":"<p><b>Quer transformar sua sala em um ambiente sofisticado, simples e aconchegante? O estilo minimalista \u00e9 a resposta perfeita para isso!<\/b><\/p>\n<h3>O que \u00e9 uma sala minimalista e por que apostar nesse estilo<\/h3>\n<p>Voc\u00ea j\u00e1 percebeu como menos elementos podem destacar a beleza do seu espa\u00e7o? <b>A sala minimalista valoriza a simplicidade e organiza\u00e7\u00e3o, criando um ambiente leve e elegante.<\/b><\/p>\n<p>Ela prioriza apenas o que realmente importa, fugindo do excesso e dando mais espa\u00e7o para a fluidez e a harmonia no ambiente.<\/p>\n<p>Com essa escolha, sua sala fica mais clara, funcional e cheia de personalidade, perfeita para quem busca modernidade sem complica\u00e7\u00f5es.<\/p>\n<img decoding=\"async\" src=\"https:\/\/www.aarquiteta.com.br\/blog\/wp-content\/uploads\/2026\/02\/Sala-minimalista-transforme-seu-ambiente-com-simplicidade-e-elegyncia-01.jpg\" alt=\"Sala minimalista: transforme seu ambiente com simplicidade e eleg\u00e2ncia\" width=\"1024\" height=\"1024\" title=\"\"> Sala minimalista: transforme seu ambiente com simplicidade e eleg\u00e2ncia\/caption]\n<h3>Escolhendo cores neutras para basear a decora\u00e7\u00e3o<\/h3>\n<p><b>Tons como branco, cinza e bege s\u00e3o os queridinhos da sala minimalista.<\/b> Eles ampliam o espa\u00e7o visualmente e passam sensa\u00e7\u00e3o de calmaria.<\/p>\n<p>Voc\u00ea pode adicionar pequenos toques de cor para criar pontos de destaque, mas o segredo \u00e9 manter a paleta suave e uniforme.<\/p>\n<h3>Materiais naturais para trazer aconchego com eleg\u00e2ncia<\/h3>\n<p>Madeira, vidro e fibras naturais s\u00e3o aliados indispens\u00e1veis no minimalismo.<\/p>\n<p><b>Esses materiais trazem textura e aquece o visual, sem perder a simplicidade.<\/b> Uma cadeira de palhinha, por exemplo, pode ser destaque sem pesar o espa\u00e7o.<\/p>\n<img decoding=\"async\" src=\"https:\/\/www.aarquiteta.com.br\/blog\/wp-content\/uploads\/2026\/02\/Sala-minimalista-transforme-seu-ambiente-com-simplicidade-e-elegyncia-02.jpg\" alt=\"Sala minimalista: transforme seu ambiente com simplicidade e eleg\u00e2ncia\" width=\"1024\" height=\"1024\" title=\"\"> Sala minimalista: transforme seu ambiente com simplicidade e eleg\u00e2ncia\/caption]\n<h3>Ilumina\u00e7\u00e3o: a alma de uma sala minimalista<\/h3>\n<p>Aproveitar a luz natural faz toda a diferen\u00e7a. <b>Janelas amplas e ilumina\u00e7\u00e3o suave valorizam cada detalhe e ampliam o ambiente.<\/b><\/p>\n<p>Lumin\u00e1rias discretas e estrat\u00e9gicas ajudam a manter aquela vibe aconchegante quando o sol se p\u00f5e.<\/p>\n<h3>Como escolher m\u00f3veis simples e atemporais<\/h3>\n<p>Para n\u00e3o errar, prefira pe\u00e7as com linhas retas, cores neutras e design funcional.<\/p>\n<p><b>M\u00f3veis atemporais duram anos e permitem que voc\u00ea altere a decora\u00e7\u00e3o sem gastar muito.<\/b> Prefira sof\u00e1s e estofados claros que combinam com v\u00e1rios estilos.<\/p>\n<h3>Organiza\u00e7\u00e3o e funcionalidade na sala minimalista<\/h3>\n<p>A regra \u00e9 clara: menos \u00e9 mais! <b>Deixe o ambiente livre de objetos sem uso, priorizando a praticidade.<\/b><\/p>\n<p>Use marcenaria inteligente para esconder itens e manter o ambiente sempre limpo e convidativo.<\/p>\n<img decoding=\"async\" src=\"https:\/\/www.aarquiteta.com.br\/blog\/wp-content\/uploads\/2026\/02\/Sala-minimalista-transforme-seu-ambiente-com-simplicidade-e-elegyncia-03.jpg\" alt=\"Sala minimalista: transforme seu ambiente com simplicidade e eleg\u00e2ncia\" width=\"1024\" height=\"1024\" title=\"\"> Sala minimalista: transforme seu ambiente com simplicidade e eleg\u00e2ncia\/caption]\n<h3>Incorpore elementos que refletem sua personalidade<\/h3>\n<p>Minimalismo n\u00e3o significa frieza. <b>Adicione pe\u00e7as que tenham significado para voc\u00ea, como lembran\u00e7as ou obras de arte discretas.<\/b><\/p>\n<p>O importante \u00e9 que esses detalhes tragam conforto e estejam em harmonia com o conjunto da sala.<\/p>\n<h3>Sala minimalista em espa\u00e7os pequenos: aproveite cada cent\u00edmetro<\/h3>\n<p>Se a sua sala for compacta, o minimalismo \u00e9 o melhor caminho para ampliar visualmente o ambiente.<\/p>\n<p><b>Use mobili\u00e1rio multifuncional e cores claras para criar uma sensa\u00e7\u00e3o de amplitude e organiza\u00e7\u00e3o.<\/b> Ambientes integrados tamb\u00e9m valorizam o layout.<\/p>\n<table border=\"1\" cellpadding=\"8\" cellspacing=\"0\" style=\"margin:20px 0; border-collapse:collapse; width:100%\">\n<thead style=\"background:#f0f0f0;\">\n<tr>\n<th>Item<\/th>\n<th>Dica para sala minimalista<\/th>\n<th>Benef\u00edcio<\/th>\n<\/tr>\n<\/thead>\n<tbody>\n<tr>\n<td>Paleta de cores<\/td>\n<td>Utilizar tons neutros (branco, cinza, bege)<\/td>\n<td>Amplia o espa\u00e7o e traz calma visual<\/td>\n<\/tr>\n<tr>\n<td>Materiais<\/td>\n<td>Madeira, vidro e fibras naturais<\/td>\n<td>Adiciona textura e aconchego mantendo a simplicidade<\/td>\n<\/tr>\n<tr>\n<td>M\u00f3veis<\/td>\n<td>Modelos atemporais e funcionais<\/td>\n<td>Design duradouro que combina facilmente<\/td>\n<\/tr>\n<tr>\n<td>Ilumina\u00e7\u00e3o<\/td>\n<td>Priorizar luz natural e lumin\u00e1rias discretas<\/td>\n<td>Real\u00e7a o ambiente e aumenta a sensa\u00e7\u00e3o de amplitude<\/td>\n<\/tr>\n<tr>\n<td>Organiza\u00e7\u00e3o<\/td>\n<td>Manter apenas objetos \u00fateis e usar marcenaria inteligente<\/td>\n<td>Espa\u00e7o limpo, pr\u00e1tico e convidativo<\/td>\n<\/tr>\n<\/tbody>\n<\/table>\n<p>Adotar uma <b>sala minimalista<\/b> \u00e9 abrir espa\u00e7o para a eleg\u00e2ncia que vem da simplicidade. A composi\u00e7\u00e3o clara, os materiais naturais e a organiza\u00e7\u00e3o s\u00e3o a chave para quem quer um cantinho de paz e estilo.<\/p>\n<p>Agora que voc\u00ea descobriu como o minimalismo pode transformar seu lar, que tal aplicar algumas dicas no seu espa\u00e7o hoje mesmo? <b>Compartilhe nos coment\u00e1rios qual \u00e9 o seu desafio na decora\u00e7\u00e3o!<\/b><\/p>\n<p>E n\u00e3o pare por aqui: aproveite para conferir mais ideias no blog sobre decora\u00e7\u00e3o pr\u00e1tica e funcional para sua casa.<\/p>\n<img decoding=\"async\" src=\"https:\/\/www.aarquiteta.com.br\/blog\/wp-content\/uploads\/2026\/02\/Sala-minimalista-transforme-seu-ambiente-com-simplicidade-e-elegyncia-04.jpg\" alt=\"Sala minimalista: transforme seu ambiente com simplicidade e eleg\u00e2ncia\" width=\"1024\" height=\"1024\" title=\"\"> Sala minimalista: transforme seu ambiente com simplicidade e eleg\u00e2ncia\/caption]\n","protected":false},"excerpt":{"rendered":"<p>Quer transformar sua sala em um ambiente sofisticado, simples e aconchegante? O estilo minimalista \u00e9 a resposta perfeita para isso! O que \u00e9 uma sala minimalista e por que apostar nesse estilo Voc\u00ea j\u00e1 percebeu como menos elementos podem destacar a beleza do seu espa\u00e7o? A sala minimalista valoriza a simplicidade e organiza\u00e7\u00e3o, criando um [&hellip;]<\/p>\n","protected":false},"author":20,"featured_media":156670,"comment_status":"open","ping_status":"","sticky":false,"template":"","format":"standard","meta":{"footnotes":""},"categories":[],"tags":[],"class_list":["post-156671","post","type-post","status-publish","format-standard","has-post-thumbnail"],"_wp_attached_file":null,"_wp_attachment_metadata":null,"_wp_attachment_context":null,"_wp_attachment_is_custom_header":null,"geo_longitude":null,"geo_public":null,"geo_latitude":null,"_publicize_done_external":null,"_wpas_done_3897181":null,"publicize_twitter_user":null,"_wpas_done_3897175":null,"_wpas_skip_3897181":null,"_wpas_skip_3897175":null,"_wpas_skip_3924723":null,"_wpas_mess":null,"_wpas_done_3924723":null,"wps_subtitle":"","_links":{"self":[{"href":"https:\/\/www.aarquiteta.com.br\/blog\/wp-json\/wp\/v2\/posts\/156671","targetHints":{"allow":["GET"]}}],"collection":[{"href":"https:\/\/www.aarquiteta.com.br\/blog\/wp-json\/wp\/v2\/posts"}],"about":[{"href":"https:\/\/www.aarquiteta.com.br\/blog\/wp-json\/wp\/v2\/types\/post"}],"author":[{"embeddable":true,"href":"https:\/\/www.aarquiteta.com.br\/blog\/wp-json\/wp\/v2\/users\/20"}],"replies":[{"embeddable":true,"href":"https:\/\/www.aarquiteta.com.br\/blog\/wp-json\/wp\/v2\/comments?post=156671"}],"version-history":[{"count":0,"href":"https:\/\/www.aarquiteta.com.br\/blog\/wp-json\/wp\/v2\/posts\/156671\/revisions"}],"wp:featuredmedia":[{"embeddable":true,"href":"https:\/\/www.aarquiteta.com.br\/blog\/wp-json\/wp\/v2\/media\/156670"}],"wp:attachment":[{"href":"https:\/\/www.aarquiteta.com.br\/blog\/wp-json\/wp\/v2\/media?parent=156671"}],"wp:term":[{"taxonomy":"category","embeddable":true,"href":"https:\/\/www.aarquiteta.com.br\/blog\/wp-json\/wp\/v2\/categories?post=156671"},{"taxonomy":"post_tag","embeddable":true,"href":"https:\/\/www.aarquiteta.com.br\/blog\/wp-json\/wp\/v2\/tags?post=156671"}],"curies":[{"name":"wp","href":"https:\/\/api.w.org\/{rel}","templated":true}]}}