{"id":156656,"date":"2026-02-13T00:02:11","date_gmt":"2026-02-13T03:02:11","guid":{"rendered":"https:\/\/www.aarquiteta.com.br\/blog\/floreira-de-parede-6\/"},"modified":"2026-02-13T00:02:11","modified_gmt":"2026-02-13T03:02:11","slug":"floreira-de-parede-6","status":"publish","type":"post","link":"https:\/\/www.aarquiteta.com.br\/blog\/floreira-de-parede-6\/","title":{"rendered":"Floreira de parede: como criar e decorar sua casa com charme e praticidade"},"content":{"rendered":"<p><b>Floreiras de parede trazem charme e praticidade para qualquer ambiente, mesmo em espa\u00e7os pequenos.<\/b> Quer aprender a criar a sua? Vou mostrar como!<\/p>\n<img decoding=\"async\" src=\"https:\/\/www.aarquiteta.com.br\/blog\/wp-content\/uploads\/2026\/02\/Floreira-de-parede-como-criar-e-decorar-sua-casa-com-charme-e-praticidade-01.jpg\" alt=\"Floreira de parede: como criar e decorar sua casa com charme e praticidade\" width=\"1024\" height=\"1024\" title=\"\"> Floreira de parede: como criar e decorar sua casa com charme e praticidade\/caption]\n<h3>O que \u00e9 uma floreira de parede e por que escolher?<\/h3>\n<p>Voc\u00ea j\u00e1 pensou em ter um cantinho verde que deixa sua casa mais alegre, mas sem ocupar espa\u00e7o no ch\u00e3o? <b>A floreira de parede \u00e9 perfeita para isso!<\/b><\/p>\n<p>Ela aproveita as paredes, garantindo um visual bonito e organizado, ideal para apartamentos ou casas com \u00e1reas limitadas.<\/p>\n<img decoding=\"async\" src=\"https:\/\/www.aarquiteta.com.br\/blog\/wp-content\/uploads\/2026\/02\/Floreira-de-parede-como-criar-e-decorar-sua-casa-com-charme-e-praticidade-02.jpg\" alt=\"Floreira de parede: como criar e decorar sua casa com charme e praticidade\" width=\"1024\" height=\"1024\" title=\"\"> Floreira de parede: como criar e decorar sua casa com charme e praticidade\/caption]\n<h3>Materiais mais usados para floreiras de parede<\/h3>\n<p>Na hora de escolher sua floreira, saiba que os materiais influenciam no estilo e durabilidade.<\/p>\n<ul>\n<li><b>Madeira:<\/b> r\u00fastica, charmosa e combina com quase tudo.<\/li>\n<li><b>Ferro:<\/b> mais resistente e ideal para um toque industrial.<\/li>\n<li><b>Pl\u00e1stico:<\/b> leve e f\u00e1cil de limpar, \u00f3timo para ambientes externos.<\/li>\n<\/ul>\n<p>Tamb\u00e9m vale ser criativo, reutilizando pneus ou prateleiras antigas para dar um visual \u00fanico.<\/p>\n<img decoding=\"async\" src=\"https:\/\/www.aarquiteta.com.br\/blog\/wp-content\/uploads\/2026\/02\/Floreira-de-parede-como-criar-e-decorar-sua-casa-com-charme-e-praticidade-03.jpg\" alt=\"Floreira de parede: como criar e decorar sua casa com charme e praticidade\" width=\"1024\" height=\"1024\" title=\"\"> Floreira de parede: como criar e decorar sua casa com charme e praticidade\/caption]\n<h3>Como escolher o tamanho ideal da sua floreira de parede<\/h3>\n<p>O espa\u00e7o que voc\u00ea tem dispon\u00edvel \u00e9 o ponto de partida. <b>Ela pode ser pequena para um vaso ou maior, para abrigar v\u00e1rios.<\/b><\/p>\n<p>Combinar pares ou grupos de floreiras pode formar uma composi\u00e7\u00e3o cheia de personalidade e cor.<\/p>\n<h3>Onde colocar a sua floreira para valorizar o ambiente<\/h3>\n<p>Varandas, cozinhas, fachadas e at\u00e9 debaixo das janelas s\u00e3o \u00f3timos locais para sua floreira ficar em destaque.<\/p>\n<p>Esses pontos tornam o espa\u00e7o mais aconchegante, divertido e conectado com a natureza, mesmo dentro de casa.<\/p>\n<h3>Tabela comparativa: Materiais das floreiras de parede<\/h3>\n<table border=\"1\" cellpadding=\"8\" cellspacing=\"0\">\n<tr>\n<th>Material<\/th>\n<th>Vantagens<\/th>\n<th>Ideal para<\/th>\n<\/tr>\n<tr>\n<td>Madeira<\/td>\n<td>Visual natural, f\u00e1cil de trabalhar, vers\u00e1til<\/td>\n<td>Ambientes internos e externos protegidos<\/td>\n<\/tr>\n<tr>\n<td>Ferro<\/td>\n<td>Durabilidade e resist\u00eancia, estilo industrial<\/td>\n<td>\u00c1reas externas, lofts e decor moderna<\/td>\n<\/tr>\n<tr>\n<td>Pl\u00e1stico<\/td>\n<td>Leveza e f\u00e1cil limpeza<\/td>\n<td>Varandas e \u00e1reas expostas \u00e0 chuva<\/td>\n<\/tr>\n<\/table>\n<h3>Passo a passo para fazer uma floreira de parede de madeira<\/h3>\n<p>Quer colocar a m\u00e3o na massa? Voc\u00ea vai precisar de ripas de madeira, uma serra, martelo e parafuso, al\u00e9m de uma m\u00e3ozinha na criatividade.<\/p>\n<p>Primeiro, corte as ripas no tamanho desejado, monte a estrutura encaixando as partes com parafusos e finalize com um verniz para proteger.<\/p>\n<h3>Plantas ideais para sua floreira: charme e f\u00e1cil cuidado<\/h3>\n<p>Suculentas s\u00e3o campe\u00e3s, pois pedem pouca \u00e1gua e d\u00e3o um toque moderno. Orqu\u00eddeas trazem eleg\u00e2ncia e cores vibrantes.<\/p>\n<p>\u00c9 interessante misturar tipos para deixar tudo mais vivo e cheio de personalidade.<\/p>\n<h3>Dicas para manter sua floreira bonita e funcional<\/h3>\n<ul>\n<li>Escolha plantas que se adaptem \u00e0 luminosidade do local.<\/li>\n<li>Use vasos com drenagem para evitar ac\u00famulo de \u00e1gua.<\/li>\n<li>Fa\u00e7a a manuten\u00e7\u00e3o semanalmente, retirando folhas secas.<\/li>\n<li>Use fertilizantes naturais para estimular o crescimento.<\/li>\n<\/ul>\n<p><b>Sua casa pode ganhar um toque especial e natural com uma floreira de parede.<\/b> Por que n\u00e3o criar ou escolher a sua agora?<\/p>\n<p>Quer compartilhar sua experi\u00eancia ou tirar d\u00favidas? Deixe um coment\u00e1rio! Aproveite para explorar mais dicas de decora\u00e7\u00e3o e transformar seu lar com charme e praticidade.<\/p>\n<img decoding=\"async\" src=\"https:\/\/www.aarquiteta.com.br\/blog\/wp-content\/uploads\/2026\/02\/Floreira-de-parede-como-criar-e-decorar-sua-casa-com-charme-e-praticidade-04.jpg\" alt=\"Floreira de parede: como criar e decorar sua casa com charme e praticidade\" width=\"1024\" height=\"1024\" title=\"\"> Floreira de parede: como criar e decorar sua casa com charme e praticidade\/caption]\n","protected":false},"excerpt":{"rendered":"<p>Floreiras de parede trazem charme e praticidade para qualquer ambiente, mesmo em espa\u00e7os pequenos. Quer aprender a criar a sua? Vou mostrar como! Floreira de parede: como criar e decorar sua casa com charme e praticidade\/caption] O que \u00e9 uma floreira de parede e por que escolher? Voc\u00ea j\u00e1 pensou em ter um cantinho verde [&hellip;]<\/p>\n","protected":false},"author":20,"featured_media":156655,"comment_status":"open","ping_status":"","sticky":false,"template":"","format":"standard","meta":{"footnotes":""},"categories":[],"tags":[],"class_list":["post-156656","post","type-post","status-publish","format-standard","has-post-thumbnail"],"_wp_attached_file":null,"_wp_attachment_metadata":null,"_wp_attachment_context":null,"_wp_attachment_is_custom_header":null,"geo_longitude":null,"geo_public":null,"geo_latitude":null,"_publicize_done_external":null,"_wpas_done_3897181":null,"publicize_twitter_user":null,"_wpas_done_3897175":null,"_wpas_skip_3897181":null,"_wpas_skip_3897175":null,"_wpas_skip_3924723":null,"_wpas_mess":null,"_wpas_done_3924723":null,"wps_subtitle":"","_links":{"self":[{"href":"https:\/\/www.aarquiteta.com.br\/blog\/wp-json\/wp\/v2\/posts\/156656","targetHints":{"allow":["GET"]}}],"collection":[{"href":"https:\/\/www.aarquiteta.com.br\/blog\/wp-json\/wp\/v2\/posts"}],"about":[{"href":"https:\/\/www.aarquiteta.com.br\/blog\/wp-json\/wp\/v2\/types\/post"}],"author":[{"embeddable":true,"href":"https:\/\/www.aarquiteta.com.br\/blog\/wp-json\/wp\/v2\/users\/20"}],"replies":[{"embeddable":true,"href":"https:\/\/www.aarquiteta.com.br\/blog\/wp-json\/wp\/v2\/comments?post=156656"}],"version-history":[{"count":0,"href":"https:\/\/www.aarquiteta.com.br\/blog\/wp-json\/wp\/v2\/posts\/156656\/revisions"}],"wp:featuredmedia":[{"embeddable":true,"href":"https:\/\/www.aarquiteta.com.br\/blog\/wp-json\/wp\/v2\/media\/156655"}],"wp:attachment":[{"href":"https:\/\/www.aarquiteta.com.br\/blog\/wp-json\/wp\/v2\/media?parent=156656"}],"wp:term":[{"taxonomy":"category","embeddable":true,"href":"https:\/\/www.aarquiteta.com.br\/blog\/wp-json\/wp\/v2\/categories?post=156656"},{"taxonomy":"post_tag","embeddable":true,"href":"https:\/\/www.aarquiteta.com.br\/blog\/wp-json\/wp\/v2\/tags?post=156656"}],"curies":[{"name":"wp","href":"https:\/\/api.w.org\/{rel}","templated":true}]}}