{"id":156651,"date":"2026-02-12T16:02:16","date_gmt":"2026-02-12T19:02:16","guid":{"rendered":"https:\/\/www.aarquiteta.com.br\/blog\/prateleira-rustica\/"},"modified":"2026-02-12T16:02:16","modified_gmt":"2026-02-12T19:02:16","slug":"prateleira-rustica","status":"publish","type":"post","link":"https:\/\/www.aarquiteta.com.br\/blog\/prateleira-rustica\/","title":{"rendered":"Encanto r\u00fastico: como transformar sua decora\u00e7\u00e3o com prateleiras de madeira natural"},"content":{"rendered":"<p><b>Prateleiras de madeira natural transformam a decora\u00e7\u00e3o<\/b> com charme r\u00fastico, unindo estilo, funcionalidade e um toque acolhedor para qualquer ambiente.<\/p>\n<h3>O charme das prateleiras r\u00fasticas na decora\u00e7\u00e3o<\/h3>\n<p>Voc\u00ea j\u00e1 reparou como uma simples prateleira de madeira pode deixar o ambiente muito mais aconchegante?<\/p>\n<p><b>O charme do r\u00fastico<\/b> vem justamente das imperfei\u00e7\u00f5es da madeira natural, que trazem um clima acolhedor e aut\u00eantico para sua casa.<\/p>\n<p>Essa textura bruta e leveza natural criam um efeito \u00fanico, como se a natureza abra\u00e7asse seus espa\u00e7os.<\/p>\n<img decoding=\"async\" src=\"https:\/\/www.aarquiteta.com.br\/blog\/wp-content\/uploads\/2026\/02\/Encanto-rystico-como-transformar-sua-decorayyo-com-prateleiras-de-madeira-natural-01.jpg\" alt=\"Encanto r\u00fastico: como transformar sua decora\u00e7\u00e3o com prateleiras de madeira natural\" width=\"1024\" height=\"1024\" title=\"\"> Encanto r\u00fastico: como transformar sua decora\u00e7\u00e3o com prateleiras de madeira natural\/caption]\n<h3>Por que escolher prateleiras de madeira natural?<\/h3>\n<p>A madeira natural destaca-se pela durabilidade e pela beleza singular, cada n\u00f3 e fibra contam uma hist\u00f3ria.<\/p>\n<p><b>Ela valoriza detalhes e imperfections<\/b>, oferecendo personalidade ao local.<\/p>\n<p>Al\u00e9m disso, prateleiras feitas com madeira crua ajudam a construir uma decora\u00e7\u00e3o que nunca sai de moda.<\/p>\n<img decoding=\"async\" src=\"https:\/\/www.aarquiteta.com.br\/blog\/wp-content\/uploads\/2026\/02\/Encanto-rystico-como-transformar-sua-decorayyo-com-prateleiras-de-madeira-natural-02.jpg\" alt=\"Encanto r\u00fastico: como transformar sua decora\u00e7\u00e3o com prateleiras de madeira natural\" width=\"1024\" height=\"1024\" title=\"\"> Encanto r\u00fastico: como transformar sua decora\u00e7\u00e3o com prateleiras de madeira natural\/caption]\n<h3>Ambientes que ganham vida com prateleiras de madeira<\/h3>\n<ul>\n<li><b>Cozinha:<\/b> deixe seus temperos, panelas e utens\u00edlios organizados e com f\u00e1cil acesso.<\/li>\n<li><b>Sala de estar:<\/b> destaque livros, plantas e objetos decorativos.<\/li>\n<li><b>Quarto:<\/b> crie um cantinho aconchegante para seus itens preferidos.<\/li>\n<li><b>Corredores e escrit\u00f3rios:<\/b> otimize espa\u00e7os e d\u00ea personalidade.<\/li>\n<\/ul>\n<img decoding=\"async\" src=\"https:\/\/www.aarquiteta.com.br\/blog\/wp-content\/uploads\/2026\/02\/Encanto-rystico-como-transformar-sua-decorayyo-com-prateleiras-de-madeira-natural-03.jpg\" alt=\"Encanto r\u00fastico: como transformar sua decora\u00e7\u00e3o com prateleiras de madeira natural\" width=\"1024\" height=\"1024\" title=\"\"> Encanto r\u00fastico: como transformar sua decora\u00e7\u00e3o com prateleiras de madeira natural\/caption]\n<h3>Benef\u00edcios da madeira natural para decora\u00e7\u00e3o<\/h3>\n<table border=\"1\" cellpadding=\"8\" cellspacing=\"0\" style=\"border-collapse: collapse; width: 100%;\">\n<thead>\n<tr>\n<th>Caracter\u00edstica<\/th>\n<th>Benef\u00edcio<\/th>\n<th>Aplica\u00e7\u00e3o<\/th>\n<\/tr>\n<\/thead>\n<tbody>\n<tr>\n<td>Textura r\u00fastica<\/td>\n<td>Ambiente acolhedor e diferenciado<\/td>\n<td>Salas, quartos, cozinhas<\/td>\n<\/tr>\n<tr>\n<td>Durabilidade<\/td>\n<td>Pe\u00e7as resistentes e duradouras<\/td>\n<td>Uso di\u00e1rio e armazenamento<\/td>\n<\/tr>\n<tr>\n<td>Est\u00e9tica natural<\/td>\n<td>Combina\u00e7\u00e3o harmoniosa com plantas e objetos<\/td>\n<td>Decora\u00e7\u00e3o org\u00e2nica<\/td>\n<\/tr>\n<tr>\n<td>Versatilidade<\/td>\n<td>Modelos para todos os gostos e espa\u00e7os<\/td>\n<td>Todas as casas e estilos<\/td>\n<\/tr>\n<\/tbody>\n<\/table>\n<img decoding=\"async\" src=\"https:\/\/www.aarquiteta.com.br\/blog\/wp-content\/uploads\/2026\/02\/Encanto-rystico-como-transformar-sua-decorayyo-com-prateleiras-de-madeira-natural-04.jpg\" alt=\"Encanto r\u00fastico: como transformar sua decora\u00e7\u00e3o com prateleiras de madeira natural\" width=\"1024\" height=\"1024\" title=\"\"> Encanto r\u00fastico: como transformar sua decora\u00e7\u00e3o com prateleiras de madeira natural\/caption]\n","protected":false},"excerpt":{"rendered":"<p>Prateleiras de madeira natural transformam a decora\u00e7\u00e3o com charme r\u00fastico, unindo estilo, funcionalidade e um toque acolhedor para qualquer ambiente. O charme das prateleiras r\u00fasticas na decora\u00e7\u00e3o Voc\u00ea j\u00e1 reparou como uma simples prateleira de madeira pode deixar o ambiente muito mais aconchegante? O charme do r\u00fastico vem justamente das imperfei\u00e7\u00f5es da madeira natural, que [&hellip;]<\/p>\n","protected":false},"author":20,"featured_media":156650,"comment_status":"open","ping_status":"","sticky":false,"template":"","format":"standard","meta":{"footnotes":""},"categories":[],"tags":[],"class_list":["post-156651","post","type-post","status-publish","format-standard","has-post-thumbnail"],"_wp_attached_file":null,"_wp_attachment_metadata":null,"_wp_attachment_context":null,"_wp_attachment_is_custom_header":null,"geo_longitude":null,"geo_public":null,"geo_latitude":null,"_publicize_done_external":null,"_wpas_done_3897181":null,"publicize_twitter_user":null,"_wpas_done_3897175":null,"_wpas_skip_3897181":null,"_wpas_skip_3897175":null,"_wpas_skip_3924723":null,"_wpas_mess":null,"_wpas_done_3924723":null,"wps_subtitle":"","_links":{"self":[{"href":"https:\/\/www.aarquiteta.com.br\/blog\/wp-json\/wp\/v2\/posts\/156651","targetHints":{"allow":["GET"]}}],"collection":[{"href":"https:\/\/www.aarquiteta.com.br\/blog\/wp-json\/wp\/v2\/posts"}],"about":[{"href":"https:\/\/www.aarquiteta.com.br\/blog\/wp-json\/wp\/v2\/types\/post"}],"author":[{"embeddable":true,"href":"https:\/\/www.aarquiteta.com.br\/blog\/wp-json\/wp\/v2\/users\/20"}],"replies":[{"embeddable":true,"href":"https:\/\/www.aarquiteta.com.br\/blog\/wp-json\/wp\/v2\/comments?post=156651"}],"version-history":[{"count":0,"href":"https:\/\/www.aarquiteta.com.br\/blog\/wp-json\/wp\/v2\/posts\/156651\/revisions"}],"wp:featuredmedia":[{"embeddable":true,"href":"https:\/\/www.aarquiteta.com.br\/blog\/wp-json\/wp\/v2\/media\/156650"}],"wp:attachment":[{"href":"https:\/\/www.aarquiteta.com.br\/blog\/wp-json\/wp\/v2\/media?parent=156651"}],"wp:term":[{"taxonomy":"category","embeddable":true,"href":"https:\/\/www.aarquiteta.com.br\/blog\/wp-json\/wp\/v2\/categories?post=156651"},{"taxonomy":"post_tag","embeddable":true,"href":"https:\/\/www.aarquiteta.com.br\/blog\/wp-json\/wp\/v2\/tags?post=156651"}],"curies":[{"name":"wp","href":"https:\/\/api.w.org\/{rel}","templated":true}]}}