{"id":156646,"date":"2026-02-12T08:02:39","date_gmt":"2026-02-12T11:02:39","guid":{"rendered":"https:\/\/www.aarquiteta.com.br\/blog\/painel-para-quarto-2\/"},"modified":"2026-02-12T08:02:39","modified_gmt":"2026-02-12T11:02:39","slug":"painel-para-quarto-2","status":"publish","type":"post","link":"https:\/\/www.aarquiteta.com.br\/blog\/painel-para-quarto-2\/","title":{"rendered":"Painel para quarto: ideias pr\u00e1ticas e estilosas para transformar sua decora\u00e7\u00e3o"},"content":{"rendered":"<p><b>Quer dar um upgrade no seu quarto?<\/b> O painel \u00e9 a pe\u00e7a que une estilo e funcionalidade, deixando o ambiente organizado e moderno.<\/p>\n<h3>Painel para quarto: como escolher o modelo ideal<\/h3>\n<p>Antes de tudo, pense no tamanho do seu quarto e nas suas necessidades.<\/p>\n<p>Um painel grande pode virar destaque, mas um modelo compacto pode ser perfeito para espa\u00e7os reduzidos.<\/p>\n<img decoding=\"async\" src=\"https:\/\/www.aarquiteta.com.br\/blog\/wp-content\/uploads\/2026\/02\/Painel-para-quarto-ideias-pryticas-e-estilosas-para-transformar-sua-decorayyo-01.jpg\" alt=\"Painel para quarto: ideias pr\u00e1ticas e estilosas para transformar sua decora\u00e7\u00e3o\" width=\"1024\" height=\"1024\" title=\"\"> Painel para quarto: ideias pr\u00e1ticas e estilosas para transformar sua decora\u00e7\u00e3o\/caption]\n<h3>Materiais populares para pain\u00e9is: madeira, MDF e ripado<\/h3>\n<p>A madeira traz aconchego e durabilidade.<\/p>\n<p>O MDF \u00e9 vers\u00e1til e mais acess\u00edvel, ideal para quem quer mudar sempre.<\/p>\n<p>O ripado est\u00e1 em alta, trazendo um toque contempor\u00e2neo e elegante.<\/p>\n<img decoding=\"async\" src=\"https:\/\/www.aarquiteta.com.br\/blog\/wp-content\/uploads\/2026\/02\/Painel-para-quarto-ideias-pryticas-e-estilosas-para-transformar-sua-decorayyo-02.jpg\" alt=\"Painel para quarto: ideias pr\u00e1ticas e estilosas para transformar sua decora\u00e7\u00e3o\" width=\"1024\" height=\"1024\" title=\"\"> Painel para quarto: ideias pr\u00e1ticas e estilosas para transformar sua decora\u00e7\u00e3o\/caption]\n<h3>Combina\u00e7\u00f5es de cores que transformam o ambiente<\/h3>\n<p>Pain\u00e9is claros ampliam e iluminam o quarto, deixando o ambiente mais leve.<\/p>\n<p>J\u00e1 os modelos escuros criam contraste sofisticado e destacam a parede.<\/p>\n<p>Quer ousar? Os pain\u00e9is coloridos d\u00e3o vida e personalidade para o c\u00f4modo.<\/p>\n<h3>Funcionalidades que fazem diferen\u00e7a no dia a dia<\/h3>\n<ul>\n<li><b>Portas e gavetas<\/b> para guardar itens e deixar tudo no lugar.<\/li>\n<li><b>Nichos<\/b> para mostrar objetos decorativos e livros.<\/li>\n<li><b>Escrivaninha integrada<\/b> para quem precisa de um espa\u00e7o de trabalho.<\/li>\n<li><b>Espelhos<\/b> que ampliam o espa\u00e7o visualmente e facilitam a rotina.<\/li>\n<\/ul>\n<img decoding=\"async\" src=\"https:\/\/www.aarquiteta.com.br\/blog\/wp-content\/uploads\/2026\/02\/Painel-para-quarto-ideias-pryticas-e-estilosas-para-transformar-sua-decorayyo-03.jpg\" alt=\"Painel para quarto: ideias pr\u00e1ticas e estilosas para transformar sua decora\u00e7\u00e3o\" width=\"1024\" height=\"1024\" title=\"\"> Painel para quarto: ideias pr\u00e1ticas e estilosas para transformar sua decora\u00e7\u00e3o\/caption]\n<h3>Ilumina\u00e7\u00e3o com LED: toque moderno e funcional<\/h3>\n<p>O LED embutido nas laterais ou atr\u00e1s do painel cria um clima aconchegante.<\/p>\n<p>Al\u00e9m disso, destaca o m\u00f3vel e valoriza a decora\u00e7\u00e3o, deixando o quarto com cara de revista.<\/p>\n<h3>Organiza\u00e7\u00e3o dos fios e praticidade<\/h3>\n<p>Com o painel, os fios da TV e equipamentos ficam escondidos, evitando aquela bagun\u00e7a.<\/p>\n<p>Isso j\u00e1 salva qualquer quarto de cara desarrumada e confusa.<\/p>\n<h3>Modelos planejados vs. prontos: o que vale mais a pena?<\/h3>\n<table border=\"1\" cellpadding=\"8\" cellspacing=\"0\" style=\"width:100%; border-collapse: collapse;\">\n<thead>\n<tr>\n<th>Aspecto<\/th>\n<th>Modelos Planejados<\/th>\n<th>Modelos Prontos<\/th>\n<\/tr>\n<\/thead>\n<tbody>\n<tr>\n<td>Personaliza\u00e7\u00e3o<\/td>\n<td>Totais, cabem perfeito ao espa\u00e7o e gosto<\/td>\n<td>Limitada, escolha de tamanhos e cores restrita<\/td>\n<\/tr>\n<tr>\n<td>Pre\u00e7o<\/td>\n<td>Mais caro, investimento maior<\/td>\n<td>Mais acess\u00edvel, custo-benef\u00edcio imediato<\/td>\n<\/tr>\n<tr>\n<td>Entrega e instala\u00e7\u00e3o<\/td>\n<td>Mais prazo e necessidade de montagem profissional<\/td>\n<td>R\u00e1pido e f\u00e1cil de instalar<\/td>\n<\/tr>\n<tr>\n<td>Funcionalidades extras<\/td>\n<td>Mais op\u00e7\u00f5es como gavetas, nichos e escrivaninhas<\/td>\n<td>Limitadas, b\u00e1sico e pr\u00e1tico<\/td>\n<\/tr>\n<\/tbody>\n<\/table>\n<h3>Estilos que combinam com diferentes decora\u00e7\u00f5es<\/h3>\n<ul>\n<li><b>Moderno:<\/b> pain\u00e9is lisos, cores neutras e linhas retas.<\/li>\n<li><b>R\u00fastico:<\/b> madeira natural e texturas marcantes.<\/li>\n<li><b>Contempor\u00e2neo:<\/b> ripados e ilumina\u00e7\u00e3o em LED.<\/li>\n<li><b>Minimalista:<\/b> painel branco e sem muitos detalhes.<\/li>\n<\/ul>\n<h3>Dicas finais para transformar seu quarto com painel<\/h3>\n<p>Lembre-se que o painel pode ser o protagonista do seu projeto.<\/p>\n<p>Invista em um modelo que traga conforto, estilo e organiza\u00e7\u00e3o.<\/p>\n<p>E o melhor: transformar aquela parede vazia em um espa\u00e7o cheio de personalidade.<\/p>\n<p><b>Gostou das ideias?<\/b> Conte nos coment\u00e1rios qual estilo combina mais com voc\u00ea e continue explorando nosso blog para mais inspira\u00e7\u00f5es incr\u00edveis!<\/p>\n<img decoding=\"async\" src=\"https:\/\/www.aarquiteta.com.br\/blog\/wp-content\/uploads\/2026\/02\/Painel-para-quarto-ideias-pryticas-e-estilosas-para-transformar-sua-decorayyo-04.jpg\" alt=\"Painel para quarto: ideias pr\u00e1ticas e estilosas para transformar sua decora\u00e7\u00e3o\" width=\"1024\" height=\"1024\" title=\"\"> Painel para quarto: ideias pr\u00e1ticas e estilosas para transformar sua decora\u00e7\u00e3o\/caption]\n","protected":false},"excerpt":{"rendered":"<p>Quer dar um upgrade no seu quarto? O painel \u00e9 a pe\u00e7a que une estilo e funcionalidade, deixando o ambiente organizado e moderno. Painel para quarto: como escolher o modelo ideal Antes de tudo, pense no tamanho do seu quarto e nas suas necessidades. Um painel grande pode virar destaque, mas um modelo compacto pode [&hellip;]<\/p>\n","protected":false},"author":20,"featured_media":156645,"comment_status":"open","ping_status":"","sticky":false,"template":"","format":"standard","meta":{"footnotes":""},"categories":[],"tags":[],"class_list":["post-156646","post","type-post","status-publish","format-standard","has-post-thumbnail"],"_wp_attached_file":null,"_wp_attachment_metadata":null,"_wp_attachment_context":null,"_wp_attachment_is_custom_header":null,"geo_longitude":null,"geo_public":null,"geo_latitude":null,"_publicize_done_external":null,"_wpas_done_3897181":null,"publicize_twitter_user":null,"_wpas_done_3897175":null,"_wpas_skip_3897181":null,"_wpas_skip_3897175":null,"_wpas_skip_3924723":null,"_wpas_mess":null,"_wpas_done_3924723":null,"wps_subtitle":"","_links":{"self":[{"href":"https:\/\/www.aarquiteta.com.br\/blog\/wp-json\/wp\/v2\/posts\/156646","targetHints":{"allow":["GET"]}}],"collection":[{"href":"https:\/\/www.aarquiteta.com.br\/blog\/wp-json\/wp\/v2\/posts"}],"about":[{"href":"https:\/\/www.aarquiteta.com.br\/blog\/wp-json\/wp\/v2\/types\/post"}],"author":[{"embeddable":true,"href":"https:\/\/www.aarquiteta.com.br\/blog\/wp-json\/wp\/v2\/users\/20"}],"replies":[{"embeddable":true,"href":"https:\/\/www.aarquiteta.com.br\/blog\/wp-json\/wp\/v2\/comments?post=156646"}],"version-history":[{"count":0,"href":"https:\/\/www.aarquiteta.com.br\/blog\/wp-json\/wp\/v2\/posts\/156646\/revisions"}],"wp:featuredmedia":[{"embeddable":true,"href":"https:\/\/www.aarquiteta.com.br\/blog\/wp-json\/wp\/v2\/media\/156645"}],"wp:attachment":[{"href":"https:\/\/www.aarquiteta.com.br\/blog\/wp-json\/wp\/v2\/media?parent=156646"}],"wp:term":[{"taxonomy":"category","embeddable":true,"href":"https:\/\/www.aarquiteta.com.br\/blog\/wp-json\/wp\/v2\/categories?post=156646"},{"taxonomy":"post_tag","embeddable":true,"href":"https:\/\/www.aarquiteta.com.br\/blog\/wp-json\/wp\/v2\/tags?post=156646"}],"curies":[{"name":"wp","href":"https:\/\/api.w.org\/{rel}","templated":true}]}}