{"id":156641,"date":"2026-02-12T00:01:58","date_gmt":"2026-02-12T03:01:58","guid":{"rendered":"https:\/\/www.aarquiteta.com.br\/blog\/bancada-de-madeira-para-cozinha-2\/"},"modified":"2026-02-12T00:01:58","modified_gmt":"2026-02-12T03:01:58","slug":"bancada-de-madeira-para-cozinha-2","status":"publish","type":"post","link":"https:\/\/www.aarquiteta.com.br\/blog\/bancada-de-madeira-para-cozinha-2\/","title":{"rendered":"Bancada de Madeira para Cozinha: Ideias e Dicas para um Ambiente Charmoso e Funcional"},"content":{"rendered":"<p><b>Bancada de madeira para cozinha \u00e9 charme e praticidade, ideal para transformar qualquer ambiente com estilo e aconchego.<\/b><\/p>\n<h3>Por que escolher bancada de madeira na cozinha?<\/h3>\n<p>Voc\u00ea j\u00e1 imaginou como uma bancada de madeira pode deixar a cozinha mais acolhedora? <b>A madeira traz vida e aconchego ao ambiente<\/b>, sendo uma op\u00e7\u00e3o resistente e charmosa.<\/p>\n<p>Al\u00e9m disso, ela \u00e9 super vers\u00e1til! Combina com variados estilos, do r\u00fastico ao industrial ou at\u00e9 o contempor\u00e2neo.<\/p>\n<img decoding=\"async\" src=\"https:\/\/www.aarquiteta.com.br\/blog\/wp-content\/uploads\/2026\/02\/Bancada-de-Madeira-para-Cozinha-Ideias-e-Dicas-para-um-Ambiente-Charmoso-e-Funcional-01.jpg\" alt=\"Bancada de Madeira para Cozinha: Ideias e Dicas para um Ambiente Charmoso e Funcional\" width=\"1024\" height=\"1024\" title=\"\"> Bancada de Madeira para Cozinha: Ideias e Dicas para um Ambiente Charmoso e Funcional\/caption]\n<h3>Estilos e combina\u00e7\u00f5es para bancada de madeira<\/h3>\n<p>A madeira pode aparecer em v\u00e1rias formas e texturas. <b>Voc\u00ea pode optar pela madeira maci\u00e7a para um visual robusto<\/b> ou usar MDF para algo mais econ\u00f4mico.<\/p>\n<p>Combinar a bancada com cores neutras, azulejos, m\u00e1rmore ou at\u00e9 cimento queimado d\u00e1 resultados incr\u00edveis e cheios de estilo.<\/p>\n<img decoding=\"async\" src=\"https:\/\/www.aarquiteta.com.br\/blog\/wp-content\/uploads\/2026\/02\/Bancada-de-Madeira-para-Cozinha-Ideias-e-Dicas-para-um-Ambiente-Charmoso-e-Funcional-02.jpg\" alt=\"Bancada de Madeira para Cozinha: Ideias e Dicas para um Ambiente Charmoso e Funcional\" width=\"1024\" height=\"1024\" title=\"\"> Bancada de Madeira para Cozinha: Ideias e Dicas para um Ambiente Charmoso e Funcional\/caption]\n<h3>Benef\u00edcios da bancada de madeira para o dia a dia<\/h3>\n<p>Quer praticidade? A bancada de madeira \u00e9 perfeita para quem gosta de ter tudo \u00e0 m\u00e3o.<\/p>\n<p><b>Ela suporta bem o uso di\u00e1rio e facilita refei\u00e7\u00f5es r\u00e1pidas, al\u00e9m de garantir um espa\u00e7o organizado e charmoso.<\/b><\/p>\n<img decoding=\"async\" src=\"https:\/\/www.aarquiteta.com.br\/blog\/wp-content\/uploads\/2026\/02\/Bancada-de-Madeira-para-Cozinha-Ideias-e-Dicas-para-um-Ambiente-Charmoso-e-Funcional-03.jpg\" alt=\"Bancada de Madeira para Cozinha: Ideias e Dicas para um Ambiente Charmoso e Funcional\" width=\"1024\" height=\"1024\" title=\"\"> Bancada de Madeira para Cozinha: Ideias e Dicas para um Ambiente Charmoso e Funcional\/caption]\n<h3>Tabela comparativa: tipos de madeira para bancada de cozinha<\/h3>\n<table border=\"1\" cellpadding=\"8\" cellspacing=\"0\" style=\"border-collapse: collapse; width: 100%;\">\n<thead>\n<tr style=\"background:#f4f4f4;\">\n<th>Tipo de Madeira<\/th>\n<th>Durabilidade<\/th>\n<th>Estilo Visual<\/th>\n<th>Pre\u00e7o<\/th>\n<th>Conserva\u00e7\u00e3o<\/th>\n<\/tr>\n<\/thead>\n<tbody>\n<tr>\n<td>Madeira Maci\u00e7a<\/td>\n<td>Alta<\/td>\n<td>R\u00fastico e sofisticado<\/td>\n<td>Alto<\/td>\n<td>Requer manuten\u00e7\u00e3o regular<\/td>\n<\/tr>\n<tr>\n<td>MDF com Verniz<\/td>\n<td>M\u00e9dia<\/td>\n<td>Moderno e clean<\/td>\n<td>Baixo<\/td>\n<td>Facilmente conservado<\/td>\n<\/tr>\n<tr>\n<td>Compensado Naval<\/td>\n<td>Alta<\/td>\n<td>Vers\u00e1til<\/td>\n<td>M\u00e9dio<\/td>\n<td>Precisa de acabamento com verniz hidrorepelente<\/td>\n<\/tr>\n<tr>\n<td>Teca<\/td>\n<td>Alt\u00edssima<\/td>\n<td>Luxuoso e natural<\/td>\n<td>Alto<\/td>\n<td>Impermeabiliza\u00e7\u00e3o recomendada<\/td>\n<\/tr>\n<\/tbody>\n<\/table>\n<img decoding=\"async\" src=\"https:\/\/www.aarquiteta.com.br\/blog\/wp-content\/uploads\/2026\/02\/Bancada-de-Madeira-para-Cozinha-Ideias-e-Dicas-para-um-Ambiente-Charmoso-e-Funcional-04.jpg\" alt=\"Bancada de Madeira para Cozinha: Ideias e Dicas para um Ambiente Charmoso e Funcional\" width=\"1024\" height=\"1024\" title=\"\"> Bancada de Madeira para Cozinha: Ideias e Dicas para um Ambiente Charmoso e Funcional\/caption]\n","protected":false},"excerpt":{"rendered":"<p>Bancada de madeira para cozinha \u00e9 charme e praticidade, ideal para transformar qualquer ambiente com estilo e aconchego. Por que escolher bancada de madeira na cozinha? Voc\u00ea j\u00e1 imaginou como uma bancada de madeira pode deixar a cozinha mais acolhedora? A madeira traz vida e aconchego ao ambiente, sendo uma op\u00e7\u00e3o resistente e charmosa. Al\u00e9m [&hellip;]<\/p>\n","protected":false},"author":20,"featured_media":156640,"comment_status":"open","ping_status":"","sticky":false,"template":"","format":"standard","meta":{"footnotes":""},"categories":[],"tags":[],"class_list":["post-156641","post","type-post","status-publish","format-standard","has-post-thumbnail"],"_wp_attached_file":null,"_wp_attachment_metadata":null,"_wp_attachment_context":null,"_wp_attachment_is_custom_header":null,"geo_longitude":null,"geo_public":null,"geo_latitude":null,"_publicize_done_external":null,"_wpas_done_3897181":null,"publicize_twitter_user":null,"_wpas_done_3897175":null,"_wpas_skip_3897181":null,"_wpas_skip_3897175":null,"_wpas_skip_3924723":null,"_wpas_mess":null,"_wpas_done_3924723":null,"wps_subtitle":"","_links":{"self":[{"href":"https:\/\/www.aarquiteta.com.br\/blog\/wp-json\/wp\/v2\/posts\/156641","targetHints":{"allow":["GET"]}}],"collection":[{"href":"https:\/\/www.aarquiteta.com.br\/blog\/wp-json\/wp\/v2\/posts"}],"about":[{"href":"https:\/\/www.aarquiteta.com.br\/blog\/wp-json\/wp\/v2\/types\/post"}],"author":[{"embeddable":true,"href":"https:\/\/www.aarquiteta.com.br\/blog\/wp-json\/wp\/v2\/users\/20"}],"replies":[{"embeddable":true,"href":"https:\/\/www.aarquiteta.com.br\/blog\/wp-json\/wp\/v2\/comments?post=156641"}],"version-history":[{"count":0,"href":"https:\/\/www.aarquiteta.com.br\/blog\/wp-json\/wp\/v2\/posts\/156641\/revisions"}],"wp:featuredmedia":[{"embeddable":true,"href":"https:\/\/www.aarquiteta.com.br\/blog\/wp-json\/wp\/v2\/media\/156640"}],"wp:attachment":[{"href":"https:\/\/www.aarquiteta.com.br\/blog\/wp-json\/wp\/v2\/media?parent=156641"}],"wp:term":[{"taxonomy":"category","embeddable":true,"href":"https:\/\/www.aarquiteta.com.br\/blog\/wp-json\/wp\/v2\/categories?post=156641"},{"taxonomy":"post_tag","embeddable":true,"href":"https:\/\/www.aarquiteta.com.br\/blog\/wp-json\/wp\/v2\/tags?post=156641"}],"curies":[{"name":"wp","href":"https:\/\/api.w.org\/{rel}","templated":true}]}}