{"id":156636,"date":"2026-02-11T16:02:48","date_gmt":"2026-02-11T19:02:48","guid":{"rendered":"https:\/\/www.aarquiteta.com.br\/blog\/mesa-para-sacada-3\/"},"modified":"2026-02-11T16:02:48","modified_gmt":"2026-02-11T19:02:48","slug":"mesa-para-sacada-3","status":"publish","type":"post","link":"https:\/\/www.aarquiteta.com.br\/blog\/mesa-para-sacada-3\/","title":{"rendered":"Mesas para sacada: como escolher e decorar seu espa\u00e7o com estilo e praticidade"},"content":{"rendered":"<p><b>Descubra como escolher a mesa ideal para sua sacada e transformar esse cantinho em um espa\u00e7o pr\u00e1tico e cheio de estilo, aproveitando ao m\u00e1ximo cada metro.<\/b><\/p>\n<h3>Como o tamanho da sacada influencia na escolha da mesa<\/h3>\n<p>Voc\u00ea j\u00e1 percebeu como o tamanho da sacada \u00e9 o primeiro passo para decidir a mesa perfeita?<\/p>\n<p>Se o espa\u00e7o for pequeno, o ideal \u00e9 apostar em mesas compactas ou dobr\u00e1veis, que aproveitam cada canto.<b> Mesas arredondadas s\u00e3o \u00f3timas para \u00e1reas limitadas<\/b>, porque facilitam a circula\u00e7\u00e3o.<\/p>\n<img decoding=\"async\" src=\"https:\/\/www.aarquiteta.com.br\/blog\/wp-content\/uploads\/2026\/02\/Mesas-para-sacada-como-escolher-e-decorar-seu-espayo-com-estilo-e-praticidade-01.jpg\" alt=\"Mesas para sacada: como escolher e decorar seu espa\u00e7o com estilo e praticidade\" width=\"1024\" height=\"1024\" title=\"\"> Mesas para sacada: como escolher e decorar seu espa\u00e7o com estilo e praticidade\/caption]\n<h3>Escolhendo o estilo certo para a mesa da sacada<\/h3>\n<p>O estilo da mesa deve conversar com o seu ambiente. Sacadas gourmet merecem mesas elegantes, como as de vidro ou com acabamento sofisticado.<\/p>\n<p>J\u00e1 para um ambiente mais r\u00fastico, uma mesa de madeira de demoli\u00e7\u00e3o traz conforto e personalidade na medida certa.<\/p>\n<h3>Mesa dobr\u00e1vel: a solu\u00e7\u00e3o pr\u00e1tica para sacadas pequenas<\/h3>\n<p>Para quem valoriza praticidade, mesas dobr\u00e1veis s\u00e3o <b>uma escolha inteligente e charmosa<\/b>.<\/p>\n<p>Elas facilitam a organiza\u00e7\u00e3o, permitem mudar a decora\u00e7\u00e3o sempre que quiser e s\u00e3o ideais para diferentes ocasi\u00f5es, do caf\u00e9 da manh\u00e3 ao jantar com amigos.<\/p>\n<img decoding=\"async\" src=\"https:\/\/www.aarquiteta.com.br\/blog\/wp-content\/uploads\/2026\/02\/Mesas-para-sacada-como-escolher-e-decorar-seu-espayo-com-estilo-e-praticidade-02.jpg\" alt=\"Mesas para sacada: como escolher e decorar seu espa\u00e7o com estilo e praticidade\" width=\"1024\" height=\"1024\" title=\"\"> Mesas para sacada: como escolher e decorar seu espa\u00e7o com estilo e praticidade\/caption]\n<h3>Mesas altas e suas vantagens no espa\u00e7o gourmet<\/h3>\n<p>Mesas altas s\u00e3o perfeitas para o canto do churrasco, funcionando como apoio para utens\u00edlios ou bebidas.<\/p>\n<p>Al\u00e9m de contribu\u00edrem para um ambiente descontra\u00eddo, elas estimulam a intera\u00e7\u00e3o entre os convidados, tornando a sacada aconchegante e funcional.<\/p>\n<h3>Integrando espa\u00e7os para otimizar a sacada<\/h3>\n<p>Quando o espa\u00e7o \u00e9 pequeno, integrar a sacada com a sala ou cozinha ajuda a criar uma sensa\u00e7\u00e3o mais ampla.<\/p>\n<p>Uma mesa estreita e comprida pode ser uma op\u00e7\u00e3o eficiente, permitindo mais lugares sem atrapalhar a circula\u00e7\u00e3o.<\/p>\n<h3>Como combinar plantas na decora\u00e7\u00e3o da mesa para sacada<\/h3>\n<p>Plantas s\u00e3o aliadas poderosas para destacar a mesa do seu cantinho.<\/p>\n<p>Elas trazem vida, frescor e um toque natural, criando uma atmosfera relaxante para aquele momento de descanso ou confraterniza\u00e7\u00e3o.<\/p>\n<img decoding=\"async\" src=\"https:\/\/www.aarquiteta.com.br\/blog\/wp-content\/uploads\/2026\/02\/Mesas-para-sacada-como-escolher-e-decorar-seu-espayo-com-estilo-e-praticidade-03.jpg\" alt=\"Mesas para sacada: como escolher e decorar seu espa\u00e7o com estilo e praticidade\" width=\"1024\" height=\"1024\" title=\"\"> Mesas para sacada: como escolher e decorar seu espa\u00e7o com estilo e praticidade\/caption]\n<h3>Dicas para decorar a sacada com mesa e cadeiras<\/h3>\n<ul>\n<li>Prefira cadeiras leves para facilitar a movimenta\u00e7\u00e3o.<\/li>\n<li>Considere almofadas e capas que harmonizem com a mesa e o ambiente.<\/li>\n<li>Use cores neutras para ampliar o espa\u00e7o visualmente ou tons vibrantes para dar personalidade.<\/li>\n<li>Invista em ilumina\u00e7\u00e3o aconchegante, como luzes de LED ou velas para as noites.<\/li>\n<\/ul>\n<h3>Compara\u00e7\u00e3o r\u00e1pida: tipos de mesa para sacada<\/h3>\n<table border=\"1\" cellpadding=\"8\" cellspacing=\"0\" style=\"border-collapse: collapse; width: 100%;\">\n<thead>\n<tr style=\"background-color:#f2f2f2;\">\n<th>Tipo de Mesa<\/th>\n<th>Vantagens<\/th>\n<th>Melhor Uso<\/th>\n<th>Design<\/th>\n<\/tr>\n<\/thead>\n<tbody>\n<tr>\n<td>Mesas Dobr\u00e1veis<\/td>\n<td>Praticidade, f\u00e1cil armazenamento<\/td>\n<td>Sacadas pequenas<\/td>\n<td>Variedade, charmosa e funcional<\/td>\n<\/tr>\n<tr>\n<td>Mesas de Madeira<\/td>\n<td>Durabilidade, estilo r\u00fastico elegante<\/td>\n<td>\u00c1reas gourmet e sacadas amplas<\/td>\n<td>Cl\u00e1ssico e aconchegante<\/td>\n<\/tr>\n<tr>\n<td>Mesas de Vidro<\/td>\n<td>Leveza visual, sofisticada<\/td>\n<td>Sacadas modernas e gourmet<\/td>\n<td>Minimalista<\/td>\n<\/tr>\n<tr>\n<td>Mesas Altas<\/td>\n<td>Vers\u00e1til, apoio em churrascos<\/td>\n<td>Cantos de churrasqueira e varanda<\/td>\n<td>Contempor\u00e2neo e funcional<\/td>\n<\/tr>\n<\/tbody>\n<\/table>\n<p><b>Escolher uma mesa para sacada \u00e9 bem mais do que encontrar um m\u00f3vel \u2013 \u00e9 criar um lugar onde voc\u00ea vai viver momentos memor\u00e1veis.<\/b> <\/p>\n<p>Explore op\u00e7\u00f5es que combinem com seu espa\u00e7o, estilo e necessidades.<\/p>\n<p>Gostou das dicas? Compartilhe suas ideias e experi\u00eancias nos coment\u00e1rios e descubra ainda mais inspira\u00e7\u00f5es no nosso blog!<\/p>\n<p><b>Conte\u00fados relacionados para voc\u00ea:<\/b><\/p>\n<ul>\n<li>Como escolher cadeiras confort\u00e1veis para espa\u00e7os pequenos<\/li>\n<li>Ideias de decora\u00e7\u00e3o com plantas para sua varanda<\/li>\n<li>Ilumina\u00e7\u00e3o perfeita para sacadas e varandas<\/li>\n<li>Dicas para aproveitar ao m\u00e1ximo seu apartamento compact<\/li>\n<\/ul>\n<img decoding=\"async\" src=\"https:\/\/www.aarquiteta.com.br\/blog\/wp-content\/uploads\/2026\/02\/Mesas-para-sacada-como-escolher-e-decorar-seu-espayo-com-estilo-e-praticidade-04.jpg\" alt=\"Mesas para sacada: como escolher e decorar seu espa\u00e7o com estilo e praticidade\" width=\"1024\" height=\"1024\" title=\"\"> Mesas para sacada: como escolher e decorar seu espa\u00e7o com estilo e praticidade\/caption]\n","protected":false},"excerpt":{"rendered":"<p>Descubra como escolher a mesa ideal para sua sacada e transformar esse cantinho em um espa\u00e7o pr\u00e1tico e cheio de estilo, aproveitando ao m\u00e1ximo cada metro. Como o tamanho da sacada influencia na escolha da mesa Voc\u00ea j\u00e1 percebeu como o tamanho da sacada \u00e9 o primeiro passo para decidir a mesa perfeita? Se o [&hellip;]<\/p>\n","protected":false},"author":20,"featured_media":156635,"comment_status":"open","ping_status":"","sticky":false,"template":"","format":"standard","meta":{"footnotes":""},"categories":[],"tags":[],"class_list":["post-156636","post","type-post","status-publish","format-standard","has-post-thumbnail"],"_wp_attached_file":null,"_wp_attachment_metadata":null,"_wp_attachment_context":null,"_wp_attachment_is_custom_header":null,"geo_longitude":null,"geo_public":null,"geo_latitude":null,"_publicize_done_external":null,"_wpas_done_3897181":null,"publicize_twitter_user":null,"_wpas_done_3897175":null,"_wpas_skip_3897181":null,"_wpas_skip_3897175":null,"_wpas_skip_3924723":null,"_wpas_mess":null,"_wpas_done_3924723":null,"wps_subtitle":"","_links":{"self":[{"href":"https:\/\/www.aarquiteta.com.br\/blog\/wp-json\/wp\/v2\/posts\/156636","targetHints":{"allow":["GET"]}}],"collection":[{"href":"https:\/\/www.aarquiteta.com.br\/blog\/wp-json\/wp\/v2\/posts"}],"about":[{"href":"https:\/\/www.aarquiteta.com.br\/blog\/wp-json\/wp\/v2\/types\/post"}],"author":[{"embeddable":true,"href":"https:\/\/www.aarquiteta.com.br\/blog\/wp-json\/wp\/v2\/users\/20"}],"replies":[{"embeddable":true,"href":"https:\/\/www.aarquiteta.com.br\/blog\/wp-json\/wp\/v2\/comments?post=156636"}],"version-history":[{"count":0,"href":"https:\/\/www.aarquiteta.com.br\/blog\/wp-json\/wp\/v2\/posts\/156636\/revisions"}],"wp:featuredmedia":[{"embeddable":true,"href":"https:\/\/www.aarquiteta.com.br\/blog\/wp-json\/wp\/v2\/media\/156635"}],"wp:attachment":[{"href":"https:\/\/www.aarquiteta.com.br\/blog\/wp-json\/wp\/v2\/media?parent=156636"}],"wp:term":[{"taxonomy":"category","embeddable":true,"href":"https:\/\/www.aarquiteta.com.br\/blog\/wp-json\/wp\/v2\/categories?post=156636"},{"taxonomy":"post_tag","embeddable":true,"href":"https:\/\/www.aarquiteta.com.br\/blog\/wp-json\/wp\/v2\/tags?post=156636"}],"curies":[{"name":"wp","href":"https:\/\/api.w.org\/{rel}","templated":true}]}}