{"id":156626,"date":"2026-02-11T00:02:08","date_gmt":"2026-02-11T03:02:08","guid":{"rendered":"https:\/\/www.aarquiteta.com.br\/blog\/quarto-com-closet\/"},"modified":"2026-02-11T00:02:08","modified_gmt":"2026-02-11T03:02:08","slug":"quarto-com-closet","status":"publish","type":"post","link":"https:\/\/www.aarquiteta.com.br\/blog\/quarto-com-closet\/","title":{"rendered":"Quarto com closet: ideias pr\u00e1ticas e elegantes para transformar seu espa\u00e7o"},"content":{"rendered":"<p><b>Quer transformar seu quarto com um closet pr\u00e1tico e elegante? Aqui est\u00e3o ideias simples que v\u00e3o renovar seu espa\u00e7o com organiza\u00e7\u00e3o e estilo.<\/b><\/p>\n<h3>Por que investir em um quarto com closet?<\/h3>\n<p>Voc\u00ea j\u00e1 notou como um closet pode ser o cora\u00e7\u00e3o da organiza\u00e7\u00e3o no quarto? Al\u00e9m de facilitar o dia a dia, <b>ele traz sofistica\u00e7\u00e3o e conforto<\/b> para o ambiente.<\/p>\n<p>Ter um espa\u00e7o exclusivo para roupas, sapatos e acess\u00f3rios deixa tudo no seu lugar e economiza tempo na hora de se arrumar.<\/p>\n<p>E o melhor: <b>um closet planejado transforma o quarto, mesmo que seja pequeno!<\/b><\/p>\n<img decoding=\"async\" src=\"https:\/\/www.aarquiteta.com.br\/blog\/wp-content\/uploads\/2026\/02\/Quarto-com-closet-ideias-pryticas-e-elegantes-para-transformar-seu-espayo-01.jpg\" alt=\"Quarto com closet: ideias pr\u00e1ticas e elegantes para transformar seu espa\u00e7o\" width=\"1024\" height=\"1024\" title=\"\"> Quarto com closet: ideias pr\u00e1ticas e elegantes para transformar seu espa\u00e7o\/caption]\n<h3>Planejamento eficiente: o segredo do closet perfeito<\/h3>\n<p>Planejar \u00e9 a chave para aproveitar cada cent\u00edmetro do seu espa\u00e7o. <b>Defina as necessidades e escolha divis\u00f3rias inteligentes<\/b>, como gavetas, cabideiros e prateleiras.<\/p>\n<p>Portas de correr ou at\u00e9 cortinas ajudam a otimizar locais menores sem perder a eleg\u00e2ncia.<\/p>\n<h3>Como escolher o estilo ideal para seu closet<\/h3>\n<p>O closet deve refletir sua personalidade. Voc\u00ea pode optar por um modelo fechado, para esconder o conte\u00fado, ou aberto, para exibir suas pe\u00e7as favoritas.<\/p>\n<p><b>Tons claros ampliam o ambiente, enquanto m\u00f3veis escuros trazem um toque sofisticado e moderno.<\/b><\/p>\n<img decoding=\"async\" src=\"https:\/\/www.aarquiteta.com.br\/blog\/wp-content\/uploads\/2026\/02\/Quarto-com-closet-ideias-pryticas-e-elegantes-para-transformar-seu-espayo-02.jpg\" alt=\"Quarto com closet: ideias pr\u00e1ticas e elegantes para transformar seu espa\u00e7o\" width=\"1024\" height=\"1024\" title=\"\"> Quarto com closet: ideias pr\u00e1ticas e elegantes para transformar seu espa\u00e7o\/caption]\n<h3>A import\u00e2ncia da ilumina\u00e7\u00e3o na decora\u00e7\u00e3o do closet<\/h3>\n<p>Uma boa ilumina\u00e7\u00e3o valoriza o espa\u00e7o e facilita a escolha das roupas. <b>Luzes embutidas, pendentes ou lustres s\u00e3o op\u00e7\u00f5es que unem beleza e funcionalidade.<\/b><\/p>\n<p>Al\u00e9m disso, espelhos ajudam a ampliar o espa\u00e7o e d\u00e3o um charme especial.<\/p>\n<h3>Closet para ambientes pequenos: como aproveitar cada espa\u00e7o<\/h3>\n<p>Mesmo com pouco espa\u00e7o, um closet pode ser personalizado. Use portas de correr e prateleiras estreitas para otimizar a organiza\u00e7\u00e3o.<\/p>\n<p><b>Ganchos e nichos s\u00e3o \u00f3timos para acomodar acess\u00f3rios e sapatos, mantendo tudo \u00e0 vista e com f\u00e1cil acesso.<\/b><\/p>\n<img decoding=\"async\" src=\"https:\/\/www.aarquiteta.com.br\/blog\/wp-content\/uploads\/2026\/02\/Quarto-com-closet-ideias-pryticas-e-elegantes-para-transformar-seu-espayo-03.jpg\" alt=\"Quarto com closet: ideias pr\u00e1ticas e elegantes para transformar seu espa\u00e7o\" width=\"1024\" height=\"1024\" title=\"\"> Quarto com closet: ideias pr\u00e1ticas e elegantes para transformar seu espa\u00e7o\/caption]\n<h3>Dicas para integrar closet, quarto e banheiro<\/h3>\n<p>Integrar esses ambientes cria uma \u00e1rea funcional e elegante. <b>Divis\u00f3rias de vidro, bancadas e ilumina\u00e7\u00e3o planejada elevam o conforto e a praticidade.<\/b><\/p>\n<p>Al\u00e9m disso, essa integra\u00e7\u00e3o amplia a sensa\u00e7\u00e3o de espa\u00e7o e facilita a circula\u00e7\u00e3o.<\/p>\n<h3>Escolha de m\u00f3veis e materiais para um closet harm\u00f4nico<\/h3>\n<p>M\u00f3veis em madeira e acabamentos neutros criam um ambiente acolhedor. Mas se preferir, <b>m\u00f3veis com portas espelhadas refletem luz e ampliam visualmente o espa\u00e7o.<\/b><\/p>\n<p>Vidros e prateleiras de vidro tamb\u00e9m s\u00e3o aliados para um closet leve e sofisticado.<\/p>\n<h3>Como manter a organiza\u00e7\u00e3o e a funcionalidade no closet<\/h3>\n<p>Al\u00e9m do planejamento, mantenha a rotina de arrumar o espa\u00e7o e organizar por categorias \u2014 roupas, sapatos e acess\u00f3rios.<\/p>\n<p><b>Use caixas, ganchos e etiquetas para facilitar a vida e deixar o closet sempre bonito e funcional.<\/b><\/p>\n<table border=\"1\" cellpadding=\"5\" cellspacing=\"0\" style=\"border-collapse: collapse; margin: 15px 0; width: 100%;\">\n<thead>\n<tr>\n<th>Aspecto<\/th>\n<th>Recomenda\u00e7\u00f5es<\/th>\n<th>Benef\u00edcios<\/th>\n<\/tr>\n<\/thead>\n<tbody>\n<tr>\n<td>Planejamento<\/td>\n<td>Medir \u00e1rea, definir divis\u00f3rias, portas de correr<\/td>\n<td>Maximiza uso do espa\u00e7o e organiza\u00e7\u00e3o<\/td>\n<\/tr>\n<tr>\n<td>Estilo<\/td>\n<td>Closet aberto ou fechado; tons claros ou escuros<\/td>\n<td>Personaliza ambiente conforme gosto e amplia\u00e7\u00e3o visual<\/td>\n<\/tr>\n<tr>\n<td>Ilumina\u00e7\u00e3o<\/td>\n<td>Luzes embutidas, lustres, espelhos<\/td>\n<td>Valoriza\u00e7\u00e3o e fun\u00e7\u00e3o para escolher roupas<\/td>\n<\/tr>\n<tr>\n<td>Pequenos espa\u00e7os<\/td>\n<td>Prateleiras estreitas, ganchos, nichos<\/td>\n<td>Aproveitamento de espa\u00e7o e f\u00e1cil acesso<\/td>\n<\/tr>\n<tr>\n<td>Integra\u00e7\u00e3o<\/td>\n<td>Divis\u00f3rias de vidro, bancada, banheiro integrado<\/td>\n<td>Fun\u00e7\u00e3o e conforto com sensa\u00e7\u00e3o de amplitude<\/td>\n<\/tr>\n<\/tbody>\n<\/table>\n<p>Com essas ideias em m\u00e3os, seu quarto com closet pode virar um ref\u00fagio de praticidade e charme.<\/p>\n<p>Planeje com calma, escolha o que faz seu cora\u00e7\u00e3o bater mais forte e deixe seu espa\u00e7o com a sua cara.<\/p>\n<p><b>Quer ver mais inspira\u00e7\u00f5es para decorar seu quarto? Explore nossos conte\u00fados e descubra como dar aquele toque especial na sua casa!<\/b><\/p>\n<img decoding=\"async\" src=\"https:\/\/www.aarquiteta.com.br\/blog\/wp-content\/uploads\/2026\/02\/Quarto-com-closet-ideias-pryticas-e-elegantes-para-transformar-seu-espayo-04.jpg\" alt=\"Quarto com closet: ideias pr\u00e1ticas e elegantes para transformar seu espa\u00e7o\" width=\"1024\" height=\"1024\" title=\"\"> Quarto com closet: ideias pr\u00e1ticas e elegantes para transformar seu espa\u00e7o\/caption]\n","protected":false},"excerpt":{"rendered":"<p>Quer transformar seu quarto com um closet pr\u00e1tico e elegante? Aqui est\u00e3o ideias simples que v\u00e3o renovar seu espa\u00e7o com organiza\u00e7\u00e3o e estilo. Por que investir em um quarto com closet? Voc\u00ea j\u00e1 notou como um closet pode ser o cora\u00e7\u00e3o da organiza\u00e7\u00e3o no quarto? Al\u00e9m de facilitar o dia a dia, ele traz sofistica\u00e7\u00e3o [&hellip;]<\/p>\n","protected":false},"author":20,"featured_media":156625,"comment_status":"open","ping_status":"","sticky":false,"template":"","format":"standard","meta":{"footnotes":""},"categories":[],"tags":[],"class_list":["post-156626","post","type-post","status-publish","format-standard","has-post-thumbnail"],"_wp_attached_file":null,"_wp_attachment_metadata":null,"_wp_attachment_context":null,"_wp_attachment_is_custom_header":null,"geo_longitude":null,"geo_public":null,"geo_latitude":null,"_publicize_done_external":null,"_wpas_done_3897181":null,"publicize_twitter_user":null,"_wpas_done_3897175":null,"_wpas_skip_3897181":null,"_wpas_skip_3897175":null,"_wpas_skip_3924723":null,"_wpas_mess":null,"_wpas_done_3924723":null,"wps_subtitle":"","_links":{"self":[{"href":"https:\/\/www.aarquiteta.com.br\/blog\/wp-json\/wp\/v2\/posts\/156626","targetHints":{"allow":["GET"]}}],"collection":[{"href":"https:\/\/www.aarquiteta.com.br\/blog\/wp-json\/wp\/v2\/posts"}],"about":[{"href":"https:\/\/www.aarquiteta.com.br\/blog\/wp-json\/wp\/v2\/types\/post"}],"author":[{"embeddable":true,"href":"https:\/\/www.aarquiteta.com.br\/blog\/wp-json\/wp\/v2\/users\/20"}],"replies":[{"embeddable":true,"href":"https:\/\/www.aarquiteta.com.br\/blog\/wp-json\/wp\/v2\/comments?post=156626"}],"version-history":[{"count":0,"href":"https:\/\/www.aarquiteta.com.br\/blog\/wp-json\/wp\/v2\/posts\/156626\/revisions"}],"wp:featuredmedia":[{"embeddable":true,"href":"https:\/\/www.aarquiteta.com.br\/blog\/wp-json\/wp\/v2\/media\/156625"}],"wp:attachment":[{"href":"https:\/\/www.aarquiteta.com.br\/blog\/wp-json\/wp\/v2\/media?parent=156626"}],"wp:term":[{"taxonomy":"category","embeddable":true,"href":"https:\/\/www.aarquiteta.com.br\/blog\/wp-json\/wp\/v2\/categories?post=156626"},{"taxonomy":"post_tag","embeddable":true,"href":"https:\/\/www.aarquiteta.com.br\/blog\/wp-json\/wp\/v2\/tags?post=156626"}],"curies":[{"name":"wp","href":"https:\/\/api.w.org\/{rel}","templated":true}]}}